

{"id":37891,"date":"2020-01-01T11:10:38","date_gmt":"2020-01-01T14:10:38","guid":{"rendered":"http:\/\/portalfloresnoar.com\/floresnoar\/?p=37891"},"modified":"2020-03-16T09:48:10","modified_gmt":"2020-03-16T12:48:10","slug":"agenda-pe-shows-e-oficina-com-caio-padilha-dias-16-17-e-18-de-marco","status":"publish","type":"post","link":"https:\/\/portalfloresnoar.com\/floresnoar\/agenda-pe-shows-e-oficina-com-caio-padilha-dias-16-17-e-18-de-marco\/","title":{"rendered":"[AGENDA PE] Shows e Oficina com Caio Padilha, dias 16, 17 e 18 de mar\u00e7o, no Recife"},"content":{"rendered":"<p><img decoding=\"async\" loading=\"lazy\" class=\"aligncenter size-full wp-image-37894\" src=\"http:\/\/portalfloresnoar.com\/floresnoar\/wp-content\/uploads\/2020\/03\/caio-padilha-no-recife.jpg\" alt=\"\" width=\"512\" height=\"341\" srcset=\"https:\/\/portalfloresnoar.com\/floresnoar\/wp-content\/uploads\/2020\/03\/caio-padilha-no-recife.jpg 512w, https:\/\/portalfloresnoar.com\/floresnoar\/wp-content\/uploads\/2020\/03\/caio-padilha-no-recife-300x200.jpg 300w\" sizes=\"(max-width: 512px) 100vw, 512px\" \/><\/p>\n<p>&lt;&lt;EVENTO ADIADO&gt;&gt;<\/p>\n<p>Prestes a gravar o terceiro disco de sua trilogia po\u00e9tica, o m\u00fasico Caio Padilha chega ao Recife em temporada do novo show \u201cDe Fora \u00e0 Fora\u201d pelas capitais do Nordeste, mostrando um retrato de seu trabalho como compositor nos \u00faltimos dez anos. Caio far\u00e1 tr\u00eas apresenta\u00e7\u00f5es do show voz e viol\u00e3o, iniciando no Caf\u00e9 Liberal (ter\u00e7a, dia 17\/03), passando pela Casa Maravilhas (quarta, 18\/03) e finalizando no Casbah em Olinda (quinta, 19\/03). Os ingressos est\u00e3o sendo oferecidos a pre\u00e7os acess\u00edveis. Ap\u00f3s Pernambuco, Caio seguir\u00e1 a temporada em Jo\u00e3o Pessoa, Campina Grande, Fortaleza e S\u00e3o Luiz.<\/p>\n<p>Ao longo de sua carreira, o m\u00fasico potiguar, ator e pesquisador da cultura brasileira circulou pelo Palco Girat\u00f3rio (SESC) em 2015 e 2019 como diretor musical dos grupos Casa de Zo\u00e9 e Esta\u00e7\u00e3o de Teatro, fez temporadas musicais no Oriente M\u00e9dio e Europa e recebeu pr\u00eamios como o Gr\u00e3o da M\u00fasica Brasileira pelos discos Rabecas e Arriba\u00e7\u00e3s (2016) e Violas e Veredas (2019). Os dois est\u00e3o nas plataformas digitais.<\/p>\n<p>O m\u00fasico potiguar apresentar\u00e1 um show identificado com a tradi\u00e7\u00e3o voz e viol\u00e3o na MPB. Padilha parte do desejo de evocar tanto as imagens do Nordeste brasileiro e sua cultura popular, quanto um repert\u00f3rio de can\u00e7\u00f5es in\u00e9ditas que ficaram fora de sua discografia recente. Ser\u00e3o apresentados arranjos especiais para Curador de Rastros, Cena Silvestre, Olhos de Arriba\u00e7\u00e3o, Cobra Metropolitana, Dindin de Tet\u00ea, e Candeeiro Acordeon. Um panorama geral do trabalho desse compositor peculiar circulando de Fora \u00e0 Fora no Brasil contempor\u00e2neo, e para al\u00e9m das plataformas digitais.<\/p>\n<p><strong>OFICINA QUEM CONTA UM CONTO PONTEIA UM CANTO<\/strong><br \/>\nAproveitando a passagem pela cidade, Padilha vai oferecer ainda uma oficina &#8216;Quem Conta Um Conto Ponteia Um Canto&#8217; em dois dias (ter\u00e7a e quarta, 17 e 18 de mar\u00e7o) das 10h \u00e0s 12h, no espa\u00e7o teatral Casa Maravilhas, no bairro da Boa Vista. A oficina \u00e9 direcionada a artistas de palco \u2013 atores, bailarinos \u2013 assim como demais interessados em aprimorar e ampliar suas habilidades para a cria\u00e7\u00e3o musical..<\/p>\n<p>CONTE\u00daDO PROGRAM\u00c1TICO DA OFICINA<\/p>\n<p><strong>&gt;&gt;\u00a0 O Pulso e o Impulso na Musicaliza\u00e7\u00e3o de Atores e Bailarinos\u00a0 &lt;&lt;<\/strong><br \/>\nO Pulso \u00e9 um elemento fundamental da vida. E na m\u00fasica, a consci\u00eancia dele, se torna premente, para organizar e manipular o ritmo da cena. Nesta oficina vamos assimilar o pulso e seus desdobramentos no impulso do movimento. &gt;&gt;<\/p>\n<p><strong>&gt;&gt; A m\u00fasica da Cena que Organiza e Compactua o Ritmo em Sil\u00eancio &lt;&lt;<\/strong><br \/>\n&lt;&lt; Dizer que n\u00e3o existe som sem o sil\u00eancio j\u00e1 um clich\u00ea que aqui nos \u00e9 muito \u00fatil. Mas n\u00e3o s\u00f3 isso. Na m\u00fasica da cena o sil\u00eancio pode abrigar um pacto invis\u00edvel entre os atores e bailarinos que nesta oficina aprender\u00e3o a internalizar a musicalidade contida no sil\u00eancio.<\/p>\n<p><strong>&gt;&gt; Tr\u00eas fundamentos da m\u00fasica para o corpo e a voz &lt;&lt;<\/strong><br \/>\nDura\u00e7\u00e3o, Altura e Intensidade, s\u00e3o tr\u00eas fundamentos elementares do som, e nessa oficina v\u00e3o extrapolar as fronteiras da musica.<\/p>\n<p>SERVI\u00c7O<br \/>\n<strong>Oficina Quem Conta Um Conto Ponteia Um Canto<\/strong><br \/>\n<strong>Data:<\/strong> 17 e 18 de mar\u00e7o de 2020<br \/>\n<strong>Hora:<\/strong> 10h \u00e0s 12h30<br \/>\n<strong>Local:<\/strong> Casa Maravilhas &#8211; Rua do Riachuelo, 641, Boa Vista, Recife\/PE<br \/>\n<strong>Investimento:<\/strong> R$ 75,00 (individual) e 120,00 (dupla)<\/p>\n<p><strong>Inscri\u00e7\u00f5es:<\/strong><a href=\"https:\/\/bit.ly\/2v4zmj0\" target=\"_blank\" rel=\"noopener\"> https:\/\/bit.ly\/2v4zmj0<\/a><\/p>\n<p><strong>Show De Fora \u00e0 Fora<\/strong><\/p>\n<p><strong>Caf\u00e9 Liberal<\/strong><br \/>\nTer\u00e7a, 17\/03<br \/>\n19h30<br \/>\nR$ 25<\/p>\n<p><strong>Casa Maravilhas<\/strong><br \/>\nQuarta, 18\/03<br \/>\n20h<br \/>\nR$ 20<\/p>\n<p>C<strong>asbah (Olinda)<\/strong><br \/>\nQuinta, 19\/03<br \/>\n19h30<br \/>\nR$ 10<\/p>\n<p><strong>MAIS INFORMA\u00c7\u00d5ES<\/strong><br \/>\nGid\u00e1lia Santana \u2013 (81) 99999 2590<\/p>\n","protected":false},"excerpt":{"rendered":"<p>&lt;&lt;EVENTO ADIADO&gt;&gt; Prestes a gravar o terceiro disco de sua trilogia po\u00e9tica, o m\u00fasico Caio Padilha chega ao Recife em temporada do novo show \u201cDe Fora \u00e0 Fora\u201d pelas capitais do Nordeste, mostrando um retrato de seu trabalho como compositor nos \u00faltimos dez anos. Caio far\u00e1 tr\u00eas apresenta\u00e7\u00f5es do show voz e viol\u00e3o, iniciando no [&hellip;]<\/p>\n","protected":false},"author":1,"featured_media":37894,"comment_status":"open","ping_status":"open","sticky":false,"template":"","format":"standard","meta":{"om_disable_all_campaigns":false,"_monsterinsights_skip_tracking":false,"_monsterinsights_sitenote_active":false,"_monsterinsights_sitenote_note":"","_monsterinsights_sitenote_category":0,"footnotes":""},"categories":[8,214],"tags":[314,328,125],"acf":[],"publishpress_future_action":{"enabled":false,"date":"1969-12-31 21:00:00","action":"","terms":[],"taxonomy":"","browser_timezone_offset":0},"_links":{"self":[{"href":"https:\/\/portalfloresnoar.com\/floresnoar\/wp-json\/wp\/v2\/posts\/37891"}],"collection":[{"href":"https:\/\/portalfloresnoar.com\/floresnoar\/wp-json\/wp\/v2\/posts"}],"about":[{"href":"https:\/\/portalfloresnoar.com\/floresnoar\/wp-json\/wp\/v2\/types\/post"}],"author":[{"embeddable":true,"href":"https:\/\/portalfloresnoar.com\/floresnoar\/wp-json\/wp\/v2\/users\/1"}],"replies":[{"embeddable":true,"href":"https:\/\/portalfloresnoar.com\/floresnoar\/wp-json\/wp\/v2\/comments?post=37891"}],"version-history":[{"count":0,"href":"https:\/\/portalfloresnoar.com\/floresnoar\/wp-json\/wp\/v2\/posts\/37891\/revisions"}],"wp:featuredmedia":[{"embeddable":true,"href":"https:\/\/portalfloresnoar.com\/floresnoar\/wp-json\/wp\/v2\/media\/37894"}],"wp:attachment":[{"href":"https:\/\/portalfloresnoar.com\/floresnoar\/wp-json\/wp\/v2\/media?parent=37891"}],"wp:term":[{"taxonomy":"category","embeddable":true,"href":"https:\/\/portalfloresnoar.com\/floresnoar\/wp-json\/wp\/v2\/categories?post=37891"},{"taxonomy":"post_tag","embeddable":true,"href":"https:\/\/portalfloresnoar.com\/floresnoar\/wp-json\/wp\/v2\/tags?post=37891"}],"curies":[{"name":"wp","href":"https:\/\/api.w.org\/{rel}","templated":true}]}}