

{"id":37886,"date":"2020-03-13T10:23:11","date_gmt":"2020-03-13T13:23:11","guid":{"rendered":"http:\/\/portalfloresnoar.com\/floresnoar\/?p=37886"},"modified":"2020-03-13T10:48:30","modified_gmt":"2020-03-13T13:48:30","slug":"agenda-pe-curso-de-alinhamento-dos-chakras-e-satsang-com-eduardo-honorio-no-recife","status":"publish","type":"post","link":"https:\/\/portalfloresnoar.com\/floresnoar\/agenda-pe-curso-de-alinhamento-dos-chakras-e-satsang-com-eduardo-honorio-no-recife\/","title":{"rendered":"[AGENDA PE] &#8216;Curso de Alinhamento dos Chakras&#8217; e &#8216;Satsang&#8217;, com Eduardo Hon\u00f3rio, no Recife"},"content":{"rendered":"<p>O terapeuta Eduardo Hon\u00f3rio estar\u00e1 no Recife, de 24 a 26 de abril de 2020, onde realiza dois eventos: o &#8216;Curso de Alinhamento dos Chakras&#8217; e &#8216;Satsang e Medita\u00e7\u00e3o&#8217;. Os encontros ser\u00e3o na Casa Beija-Flor, localizada no bairro de Bia Viagem.<\/p>\n<p>Eduardo Hon\u00f3rio \u00e9 terapeuta Ayurvedico, formou-se como guia de medita\u00e7\u00f5es e Deeksha na O&amp;O University (\u00cdndia) e \u00e9 instrutor de ThetaHealing DNA B\u00e1sico, Avan\u00e7ado, a Avan\u00e7ando no Digging e Crian\u00e7a Arco-\u00cdris.<\/p>\n<p><img decoding=\"async\" loading=\"lazy\" class=\"aligncenter wp-image-37888\" src=\"http:\/\/portalfloresnoar.com\/floresnoar\/wp-content\/uploads\/2020\/03\/curso-de-alinhamento-dos-chakras.jpg\" alt=\"\" width=\"601\" height=\"471\" \/><\/p>\n<p>O Curso de Alinhamento dos Chakras visa desenvolver a intui\u00e7\u00e3o e sentidos sutis para escuta energ\u00e9tica, tendo tamb\u00e9m como objetivos o auto-alinhamento chakral, alinhamento dos chakras no pr\u00f3ximo e em grupos, al\u00e9m de estimular o desenvolvimento terap\u00eautico e profissional.\u00a0O curso d\u00e1 direito \u00e0 apostila, um p\u00eandulo, mapa dos Chakras e certificado reconhecido pela ABRATH-BR.<\/p>\n<p>CONTE\u00daDO PROGRAM\u00c1TICO<br \/>\n<strong>O que s\u00e3o chakras<\/strong><br \/>\n\u2013 localiza\u00e7\u00e3o<br \/>\n\u2013 cores<br \/>\n\u2013 mantras<br \/>\n\u2013 influencias org\u00e2nicas<\/p>\n<p><strong>Import\u00e2ncia da respira\u00e7\u00e3o<\/strong><br \/>\n\u2013 Pranayama e Pranakriya<\/p>\n<p><strong>Percep\u00e7\u00e3o sensitiva<\/strong><br \/>\n\u2013 T\u00e9cnicas e exerc\u00edcios meditativos para desenvolver a intui\u00e7\u00e3o<br \/>\n\u2013 Conex\u00e3o e sacralidade<br \/>\n\u2013 Sentir e autossentir<br \/>\n\u2013 Sentir no outro<\/p>\n<p><strong>P\u00eandulo<\/strong><br \/>\n\u2013 Ponto 0<br \/>\n\u2013 Conhecer e ativar<br \/>\n\u2013 Se relacionamento com o p\u00eandulo<br \/>\n\u2013 Manuseio dentro e fora do atendimento<\/p>\n<p><strong>Momento de experienciar e praticar<\/strong><br \/>\n\u2013 Alinhamento chakral atrav\u00e9s da intui\u00e7\u00e3o<br \/>\n\u2013 Alinhamento chakral atrav\u00e9s da imposi\u00e7\u00e3o de m\u00e3os<br \/>\n\u2013 Alinhamento chakral atrav\u00e9s dos mantras<\/p>\n<p><strong>Atendimento<\/strong><br \/>\n\u2013 Auto-alinhamento<br \/>\n\u2013 Troca de alinhamento no curso<br \/>\n\u2013 Atendimento supervisionado ao p\u00fablico externo<br \/>\n<em>Obs.: \u00e9 facultativo levar uma pessoa para sess\u00e3o de alinhamento (Domingo) \u00e0 tarde (16h)<\/em><\/p>\n<p><strong>Curso de Alinhamento dos Chakras<\/strong><br \/>\n<strong>Data do curso:<\/strong>\u00a025 e 26 de abril de 2020<br \/>\n<strong>Hor\u00e1rio:<\/strong> 8h \u00e0s 18h<br \/>\n<strong>Local: <\/strong>Casa Beija-Flor &#8211; Rua Padre Bernardino Pessoa, 284, Edf. Ira\u00fana, apt. 902, Boa Viagem, Recife\/PE<br \/>\n<strong>Investimento:<\/strong> R$ 400,00<\/p>\n<p><strong>Inscri\u00e7\u00f5es atrav\u00e9s deste link:<\/strong> <a href=\"https:\/\/www.sympla.com.br\/curso-de-alinhamento-dos-chakras-com-eduardo-honorio__821915\" target=\"_blank\" rel=\"noopener\">sympla.com.br\/curso-de-alinhamento-dos-chakras-com-eduardo-honorio__821915<\/a><\/p>\n<p><em>Obs.: Almo\u00e7o compartilhado.<\/em><\/p>\n<p><strong>INSCRI\u00c7\u00d5ES E MAIS INFORMA\u00c7\u00d5ES<\/strong><br \/>\nGabriela \u2013 81 9 9722.8085<br \/>\n@flordavidaalquimias<\/p>\n<p><img decoding=\"async\" loading=\"lazy\" class=\"aligncenter wp-image-37889\" src=\"http:\/\/portalfloresnoar.com\/floresnoar\/wp-content\/uploads\/2020\/03\/satsang-e-meditacao-com-eduardo-honorio.jpg\" alt=\"\" width=\"598\" height=\"469\" \/><\/p>\n<p>No dia 24 de abril de 2020 (sexta-feira), das 19h30 \u00e0s 21h, Eduardo Hon\u00f3rio realiza Satsang &amp; pr\u00e1tica meditativa Ananda Mandala (Deeksha). O encontro \u00e9 gratuito.<\/p>\n<p><strong>Satsang &amp; Medita\u00e7\u00e3o<\/strong><br \/>\n<strong>Data:<\/strong> 24 de abril de 2020 (sexta-feira)<br \/>\n<strong>Hora:<\/strong> 19h30 \u00e0s 21h<br \/>\n<strong>Local: <\/strong>Casa Beija-Flor &#8211; Rua Padre Bernardino Pessoa, 284, Edf. Ira\u00fana, apt. 902, Boa Viagem, Recife\/PE<br \/>\n<strong>Ingresso:<\/strong> gratuito<\/p>\n<p><strong>INSCRI\u00c7\u00d5ES E MAIS INFORMA\u00c7\u00d5ES<\/strong><br \/>\nGabriela \u2013 81 9 9722.8085<br \/>\n@flordavidaalquimias<\/p>\n<p><img decoding=\"async\" loading=\"lazy\" class=\"aligncenter  wp-image-37668\" src=\"http:\/\/portalfloresnoar.com\/floresnoar\/wp-content\/uploads\/2020\/02\/eduardo-honorio.jpg\" alt=\"\" width=\"668\" height=\"965\" srcset=\"https:\/\/portalfloresnoar.com\/floresnoar\/wp-content\/uploads\/2020\/02\/eduardo-honorio.jpg 900w, https:\/\/portalfloresnoar.com\/floresnoar\/wp-content\/uploads\/2020\/02\/eduardo-honorio-207x300.jpg 207w, https:\/\/portalfloresnoar.com\/floresnoar\/wp-content\/uploads\/2020\/02\/eduardo-honorio-768x1111.jpg 768w, https:\/\/portalfloresnoar.com\/floresnoar\/wp-content\/uploads\/2020\/02\/eduardo-honorio-484x700.jpg 484w\" sizes=\"(max-width: 668px) 100vw, 668px\" \/><\/p>\n","protected":false},"excerpt":{"rendered":"<p>O terapeuta Eduardo Hon\u00f3rio estar\u00e1 no Recife, de 24 a 26 de abril de 2020, onde realiza dois eventos: o &#8216;Curso de Alinhamento dos Chakras&#8217; e &#8216;Satsang e Medita\u00e7\u00e3o&#8217;. Os encontros ser\u00e3o na Casa Beija-Flor, localizada no bairro de Bia Viagem. Eduardo Hon\u00f3rio \u00e9 terapeuta Ayurvedico, formou-se como guia de medita\u00e7\u00f5es e Deeksha na O&amp;O [&hellip;]<\/p>\n","protected":false},"author":1,"featured_media":0,"comment_status":"open","ping_status":"open","sticky":false,"template":"","format":"standard","meta":{"om_disable_all_campaigns":false,"_monsterinsights_skip_tracking":false,"_monsterinsights_sitenote_active":false,"_monsterinsights_sitenote_note":"","_monsterinsights_sitenote_category":0,"footnotes":""},"categories":[8,224,214],"tags":[105,167,43,392],"acf":[],"publishpress_future_action":{"enabled":false,"date":"1969-12-31 21:00:00","action":"","terms":[],"taxonomy":"","browser_timezone_offset":0},"_links":{"self":[{"href":"https:\/\/portalfloresnoar.com\/floresnoar\/wp-json\/wp\/v2\/posts\/37886"}],"collection":[{"href":"https:\/\/portalfloresnoar.com\/floresnoar\/wp-json\/wp\/v2\/posts"}],"about":[{"href":"https:\/\/portalfloresnoar.com\/floresnoar\/wp-json\/wp\/v2\/types\/post"}],"author":[{"embeddable":true,"href":"https:\/\/portalfloresnoar.com\/floresnoar\/wp-json\/wp\/v2\/users\/1"}],"replies":[{"embeddable":true,"href":"https:\/\/portalfloresnoar.com\/floresnoar\/wp-json\/wp\/v2\/comments?post=37886"}],"version-history":[{"count":0,"href":"https:\/\/portalfloresnoar.com\/floresnoar\/wp-json\/wp\/v2\/posts\/37886\/revisions"}],"wp:attachment":[{"href":"https:\/\/portalfloresnoar.com\/floresnoar\/wp-json\/wp\/v2\/media?parent=37886"}],"wp:term":[{"taxonomy":"category","embeddable":true,"href":"https:\/\/portalfloresnoar.com\/floresnoar\/wp-json\/wp\/v2\/categories?post=37886"},{"taxonomy":"post_tag","embeddable":true,"href":"https:\/\/portalfloresnoar.com\/floresnoar\/wp-json\/wp\/v2\/tags?post=37886"}],"curies":[{"name":"wp","href":"https:\/\/api.w.org\/{rel}","templated":true}]}}