

{"id":37879,"date":"2020-03-18T11:32:13","date_gmt":"2020-03-18T14:32:13","guid":{"rendered":"http:\/\/portalfloresnoar.com\/floresnoar\/?p=37879"},"modified":"2020-03-18T11:32:13","modified_gmt":"2020-03-18T14:32:13","slug":"integrando-saude-muito-alem-do-pib-felicidade-e-sustentabilidade-nas-agendas-mundiais","status":"publish","type":"post","link":"https:\/\/portalfloresnoar.com\/floresnoar\/integrando-saude-muito-alem-do-pib-felicidade-e-sustentabilidade-nas-agendas-mundiais\/","title":{"rendered":"[INTEGRANDO SA\u00daDE] Muito Al\u00e9m do PIB &#8211; Felicidade e Sustentabilidade nas agendas mundiais"},"content":{"rendered":"<p><img decoding=\"async\" loading=\"lazy\" class=\"aligncenter size-full wp-image-37881\" src=\"http:\/\/portalfloresnoar.com\/floresnoar\/wp-content\/uploads\/2020\/03\/hall-of-nations-232530_640_pixabay-free.jpg\" alt=\"\" width=\"640\" height=\"426\" srcset=\"https:\/\/portalfloresnoar.com\/floresnoar\/wp-content\/uploads\/2020\/03\/hall-of-nations-232530_640_pixabay-free.jpg 640w, https:\/\/portalfloresnoar.com\/floresnoar\/wp-content\/uploads\/2020\/03\/hall-of-nations-232530_640_pixabay-free-300x200.jpg 300w\" sizes=\"(max-width: 640px) 100vw, 640px\" \/><\/p>\n<p>|\u00a0<em>Por Gabriela Sencades Migge*<\/em>\u00a0|<\/p>\n<p>Neste s\u00e9culo presente, as discuss\u00f5es da alta c\u00fapula mundial parecem despertar para um ditado muito antigo: \u201cdinheiro n\u00e3o compra felicidade\u201d. \u00c9 fato que pode ajudar at\u00e9 certo ponto, mas o que vemos recorrentemente s\u00e3o altos \u00edndices mundiais que refletem o descontentamento com a vida. E que crescem independentemente do ranking de acumula\u00e7\u00e3o de riquezas que os pa\u00edses estejam. \u00c9 o que acontece com a epidemia de suic\u00eddio e depress\u00e3o que o mundo p\u00f3s-moderno enfrenta.<\/p>\n<p>Segundo a OMS, em 2016, a cada 40 segundos algu\u00e9m morre por suic\u00eddio no mundo. E a maioria s\u00e3o jovens entre 15 e 29 anos. S\u00e3o dados como este, al\u00e9m dos altos \u00edndices de doen\u00e7a mental, como depress\u00e3o, ansiedade, estresse etc. que fazem os grandes l\u00edderes mundiais questionarem o modelo econ\u00f4mico como principal \u00edndice de mensura\u00e7\u00e3o do desenvolvimento de um pa\u00eds.<\/p>\n<p>Eles est\u00e3o percebendo que considerar um pa\u00eds desenvolvido apenas como pa\u00eds que apresenta um PIB alto n\u00e3o produz necessariamente uma na\u00e7\u00e3o feliz, saud\u00e1vel e desenvolvida, n\u00e3o retrata a realidade vivida da na\u00e7\u00e3o. At\u00e9 por que o PIB, que \u00e9 a soma de riquezas acumuladas de um pa\u00eds, \u00e9 um mero calculo matem\u00e1tico e, por assim o ser, n\u00e3o h\u00e1 que considerar valores \u00e9ticos no seu c\u00e1lculo. Logo, o PIB cresce quando h\u00e1 por exemplo alto \u00edndice de c\u00e2ncer na popula\u00e7\u00e3o, ou quando h\u00e1 alguma cat\u00e1strofe ambiental ou doen\u00e7as fora de controle como \u201ccoronav\u00edrus do momento\u201d e at\u00e9 mesmo as amea\u00e7as de guerra que geram uma corrida armamentista mundial.<\/p>\n<p>Tudo isso movimenta a economia e gera lucros exorbitantes, por\u00e9m toda essa movimenta\u00e7\u00e3o econ\u00f4mica est\u00e1 baseada no sofrimento.<\/p>\n<p>Entendendo todo esse panorama, l\u00edderes de algumas na\u00e7\u00f5es, seguindo as orienta\u00e7\u00f5es da ONU, respons\u00e1vel por gerar relat\u00f3rios de desenvolvimento, t\u00eam se ocupado em desenvolver ferramentas que possam medir o desenvolvimento de um pa\u00eds para al\u00e9m do PIB (Beyond GDP, em ingl\u00eas), o que levou, em 2012, a ONU a estabelecer um novo paradigma econ\u00f4mico.<\/p>\n<p>Pois hoje entender o PIB como o \u00fanico indicador de desenvolvimento \u00e9 fechar os olhos para a elementar fun\u00e7\u00e3o social do Estado de promover bem estar social e sustentabilidade tamb\u00e9m, uma vez que os recursos s\u00e3o limitados e passamos por uma grande crise ambiental sem precedentes na hist\u00f3ria da humanidade.<\/p>\n<p>Pelo exposto s\u00e3o considerados tr\u00eas elementos principais que devem ser mensurados para ranquear o desenvolvimento de um pa\u00eds segundo esse novo paradigma, que s\u00e3o: o desenvolvimento econ\u00f4mico, a sustentabilidade e o bem-estar subjetivo (leia-se felicidade).<\/p>\n<p>Perceba que o PIB n\u00e3o \u00e9 totalmente desconsiderado, pois a economia e sua gera\u00e7\u00e3o de riquezas \u00e9 importante no que tange ao desenvolvimento, a fim de proporcionar dignidade aos seus cidad\u00e3os. Afinal a vida digna tem um custo e deve haver meios para produ\u00e7\u00e3o de riquezas. Por\u00e9m, que esses meios n\u00e3o se separem dos outros elementos principais, pois a economia sozinha n\u00e3o \u00e9 solu\u00e7\u00e3o para os grandes problemas do mundo.<\/p>\n<p>Muito pelo contr\u00e1rio. Percebe-se que se n\u00e3o considerarmos outros elementos al\u00e9m da economia caminharemos para um mundo invi\u00e1vel, tanto no aspecto ambiental, quanto no social.<\/p>\n<p>Outro elemento essencial para se medir o desenvolvimento de um pa\u00eds, ou at\u00e9 mesmo de uma organiza\u00e7\u00e3o, \u00e9 a sustentabilidade. Ou seja, \u00e9 o entendimento que nossos recursos s\u00e3o finitos e que cada a\u00e7\u00e3o, seja no campo micro, individual, ou no campo macro de grandes empresas e na\u00e7\u00f5es, deve acontecer de forma respons\u00e1vel, mitigando inclusive o impacto ambiental de seus lucros.<\/p>\n<p>E, por fim, outro elemento principal \u00e9 o bem-estar subjetivo. Aqui o tema felicidade entra como fator de desenvolvimento de uma na\u00e7\u00e3o no centro dessas discuss\u00f5es, pois n\u00e3o h\u00e1 desenvolvimento humano sem falar da felicidade intr\u00ednseca das pessoas.<\/p>\n<p>Tal tema ainda \u00e9 encarado com ceticismo e desconfian\u00e7a, pois quando se fala em felicidade muita gente remete a um estado de prazer e alegria passageiros imposs\u00edvel de sustentar. Por\u00e9m, a felicidade em discuss\u00e3o n\u00e3o \u00e9 hed\u00f4nica, que satisfaz aos prazeres decorrentes do meio externo e de curta dura\u00e7\u00e3o.<\/p>\n<p>A felicidade ou bem-estar subjetivo em quest\u00e3o \u00e9 algo intr\u00ednseco, independente de causas externas. \u00c9 aquela que permite viver um luto, por exemplo, mas ter condi\u00e7\u00f5es de se \u201cautosignificar\u201d depois de ter passado por um per\u00edodo de tristeza, uma vez que a experi\u00eancia de emo\u00e7\u00f5es positivas s\u00e3o maiores que as negativas.<\/p>\n<p>Assim, a tristeza n\u00e3o \u00e9 antag\u00f4nica \u00e0 felicidade. Uma pessoa feliz se permite viver a tristeza, sem deixar de ser feliz, pois os acontecimentos tristes vir\u00e3o e a capacidade de lidar com isso de forma a ultrapassar tal tristeza decorre de uma felicidade perene que d\u00e1 for\u00e7as para aprender com o sofrimento e seguir em frente, podendo inclusive alimentar experi\u00eancias positivas dentro de um per\u00edodo ruim, como, por exemplo, sentir gratid\u00e3o por algu\u00e9m que ajudou em uma fase dif\u00edcil.<\/p>\n<p>Tal conceito, entretanto, merece uma ressalva: \u00e9 imposs\u00edvel falar em felicidade para aqueles que n\u00e3o t\u00eam a vida digna. Primeiro temos que garantir o b\u00e1sico para as pessoas poderem nutrir mais afetos positivos do que negativos, pois quem tem fome, quem sofre viol\u00eancia recorrentemente, quem \u00e9 assombrado por guerras e cat\u00e1strofes chega a ser imoral falar que felicidade \u00e9 uma condi\u00e7\u00e3o de escolha, de inten\u00e7\u00e3o. Assim, primeiro suprimos o b\u00e1sico, dando condi\u00e7\u00f5es de exist\u00eancia digna, para depois podermos falar em felicidade.<\/p>\n<p>Voltando a uma quest\u00e3o macro, o que move e proporciona essa felicidade e como medi-la tem sido alvo de discuss\u00f5es n\u00e3o s\u00f3 entre l\u00edderes mundiais, mas da comunidade cient\u00edfica, que promovem pesquisas financiadas por tais pa\u00edses e pela ONU, a fim de achar medidores seguros que d\u00e1 uma vis\u00e3o real da comunidade e, a partir da\u00ed, gerir o estado com maior assertividade \u00e0s demandas dos pa\u00edses e do mundo.<\/p>\n<p>O mais curioso \u00e9 que basta alguns pa\u00edses adotarem essa vis\u00e3o para \u201cpuxarem\u201d os demais pa\u00edses no engajamento do desenvolvimento socioecon\u00f4mico sustent\u00e1vel. S\u00e3o os seguintes pa\u00edses que est\u00e3o produzindo algumas a\u00e7\u00f5es para medir o desenvolvimento de acordo com essa nova vis\u00e3o:<br \/>\nNova Zel\u00e2ndia: Economia, bem-estar e meio ambiente.<br \/>\nEmirados \u00c1rabes: primeiro pa\u00eds a criar um minist\u00e9rio da felicidade.<br \/>\nFran\u00e7a: Measuring what Matters<br \/>\nReino Unido: medi\u00e7\u00e3o do impacto do crescimento econ\u00f4mico<br \/>\nEua e Finl\u00e2ndia: Indicador de progresso genu\u00edno (GPI)<br \/>\nBut\u00e3o: FIB (Felicidade Interna Bruta)<\/p>\n<p>Tais indicadores foram adotados seguindo os relat\u00f3rios dispostos pela ONU acerca da felicidade que s\u00e3o:<br \/>\np World Hapiness Report que estabelece um Ranking dos pa\u00edses mais felizes do mundo, adotando como crit\u00e9rio o bem estar subjetivo, a sustentabilidade, a rede de apoio e rela\u00e7\u00f5es sociais, generosidade e prote\u00e7\u00e3o a sua cultura. Os primeiros pa\u00edses no ranking s\u00e3o pa\u00edses europeus bem desenvolvidos, por\u00e9m com uma diferen\u00e7a salarial muito pouca entre seus cidad\u00e3os como a Finl\u00e2ndia (1\u00aa colocada), Dinamarca (2\u00aa) e Noruega (3\u00aa).<\/p>\n<p>Esse \u00faltimo relat\u00f3rio, de 2019, concluiu que no mundo hoje as pessoas est\u00e3o experimentando mais emo\u00e7\u00f5es negativas do que positivas e que a desigualdade n\u00e3o \u00e9 apenas econ\u00f4mica, mas h\u00e1 desigualdade de felicidade na sociedade e que \u00e9 preciso desenvolver uma conduta, ou melhor, um modo de viver baseado em conex\u00f5es mais humanas e na generosidade.<\/p>\n<p>J\u00e1 no segundo relat\u00f3rio, o Global Hapiness Report, de 2019, sugere-se que se desenvolva pol\u00edticas p\u00fablicas orientadas para a felicidade, focadas no combate \u00e0 depress\u00e3o, no estabelecimento de uma educa\u00e7\u00e3o positiva e na mudan\u00e7a comportamental das empresas, que deve se relacionar de forma transparente com seus empregados.<br \/>\nEnfim, tudo isso para deixar claro que com felicidade n\u00e3o se brinca. Mais do que ver o mundo atrav\u00e9s lentes cor-de-rosa, a felicidade \u00e9 uma postura baseada em valores que deve ser cultivada, estimulada e aprendida desde a mais remota idade, at\u00e9 o fim de nossas vidas.<\/p>\n<p><em>Fonte:<\/em><br \/>\n<em> https:\/\/worldhappiness.report\/ed\/2019\/<\/em><br \/>\n<em> http:\/\/www.happinesscouncil.org\/<\/em><br \/>\n<em> https:\/\/br.noticias.yahoo.com\/emirados-nomeiam-ministras-felicidade-toler%C3%A2ncia-juventude-170930900.html<\/em><br \/>\n<em> https:\/\/nacoesunidas.org\/oms-suicidio-e-responsavel-por-uma-morte-a-cada-40-segundos-no-mundo\/<\/em><br \/>\n<em> http:\/\/www.oecdbetterlifeindex.org\/pt\/paises\/new-zealand-pt\/<\/em><br \/>\n<em> https:\/\/www.bcb.gov.br\/pre\/boletimrsa\/BOLRSA201006.pdf<\/em><br \/>\n<em> Furtado, Carla e Dickel, Joice. O que \u00e9 Felicidade? PUCRS. Programa de p\u00f3s-gradua\u00e7\u00e3o em Psicologia Positiva em 24.02.20.<\/em><\/p>\n<p><em><img decoding=\"async\" loading=\"lazy\" class=\" wp-image-32742 alignleft\" src=\"http:\/\/portalfloresnoar.com\/floresnoar\/wp-content\/uploads\/2018\/03\/Gabriela-Sencades-MIgge-198x300@2x.jpg\" sizes=\"(max-width: 176px) 100vw, 176px\" srcset=\"http:\/\/portalfloresnoar.com\/floresnoar\/wp-content\/uploads\/2018\/03\/Gabriela-Sencades-MIgge-198x300.jpg 198w, http:\/\/portalfloresnoar.com\/floresnoar\/wp-content\/uploads\/2018\/03\/Gabriela-Sencades-MIgge.jpg 208w\" alt=\"\" width=\"176\" height=\"266\" \/><\/em><\/p>\n<p>&nbsp;<\/p>\n<p><em>* Gabriela Sencades Migge \u00e9 terapeuta integrativa, p\u00f3s-graduanda em psicologia positiva, pela PUCRS e em neuroci\u00eancias pela FAVENE. \u00c9 co-fundadora e gerente de marketing do Espa\u00e7o Cuidar. Para mais informa\u00e7\u00f5es acesse:\u00a0<a href=\"https:\/\/espacocuidarrecife.wixsite.com\/terapiasintegrativas\" target=\"_blank\" rel=\"noopener\">https:\/\/espacocuidarrecife.wixsite.com\/terapiasintegrativas<\/a><\/em><\/p>\n","protected":false},"excerpt":{"rendered":"<p>|\u00a0Por Gabriela Sencades Migge*\u00a0| Neste s\u00e9culo presente, as discuss\u00f5es da alta c\u00fapula mundial parecem despertar para um ditado muito antigo: \u201cdinheiro n\u00e3o compra felicidade\u201d. \u00c9 fato que pode ajudar at\u00e9 certo ponto, mas o que vemos recorrentemente s\u00e3o altos \u00edndices mundiais que refletem o descontentamento com a vida. E que crescem independentemente do ranking de [&hellip;]<\/p>\n","protected":false},"author":1,"featured_media":37881,"comment_status":"open","ping_status":"open","sticky":false,"template":"","format":"standard","meta":{"om_disable_all_campaigns":false,"_monsterinsights_skip_tracking":false,"_monsterinsights_sitenote_active":false,"_monsterinsights_sitenote_note":"","_monsterinsights_sitenote_category":0,"footnotes":""},"categories":[220,623],"tags":[499,917,154],"acf":[],"publishpress_future_action":{"enabled":false,"date":"1969-12-31 21:00:00","action":"","terms":[],"taxonomy":"","browser_timezone_offset":0},"_links":{"self":[{"href":"https:\/\/portalfloresnoar.com\/floresnoar\/wp-json\/wp\/v2\/posts\/37879"}],"collection":[{"href":"https:\/\/portalfloresnoar.com\/floresnoar\/wp-json\/wp\/v2\/posts"}],"about":[{"href":"https:\/\/portalfloresnoar.com\/floresnoar\/wp-json\/wp\/v2\/types\/post"}],"author":[{"embeddable":true,"href":"https:\/\/portalfloresnoar.com\/floresnoar\/wp-json\/wp\/v2\/users\/1"}],"replies":[{"embeddable":true,"href":"https:\/\/portalfloresnoar.com\/floresnoar\/wp-json\/wp\/v2\/comments?post=37879"}],"version-history":[{"count":0,"href":"https:\/\/portalfloresnoar.com\/floresnoar\/wp-json\/wp\/v2\/posts\/37879\/revisions"}],"wp:featuredmedia":[{"embeddable":true,"href":"https:\/\/portalfloresnoar.com\/floresnoar\/wp-json\/wp\/v2\/media\/37881"}],"wp:attachment":[{"href":"https:\/\/portalfloresnoar.com\/floresnoar\/wp-json\/wp\/v2\/media?parent=37879"}],"wp:term":[{"taxonomy":"category","embeddable":true,"href":"https:\/\/portalfloresnoar.com\/floresnoar\/wp-json\/wp\/v2\/categories?post=37879"},{"taxonomy":"post_tag","embeddable":true,"href":"https:\/\/portalfloresnoar.com\/floresnoar\/wp-json\/wp\/v2\/tags?post=37879"}],"curies":[{"name":"wp","href":"https:\/\/api.w.org\/{rel}","templated":true}]}}