

{"id":37873,"date":"2020-01-01T20:56:33","date_gmt":"2020-01-01T23:56:33","guid":{"rendered":"http:\/\/portalfloresnoar.com\/floresnoar\/?p=37873"},"modified":"2020-03-21T18:57:57","modified_gmt":"2020-03-21T21:57:57","slug":"agenda-pe-grupo-de-estudos-sobre-astrologia-e-taro-dias-313-e-14-no-recife","status":"publish","type":"post","link":"https:\/\/portalfloresnoar.com\/floresnoar\/agenda-pe-grupo-de-estudos-sobre-astrologia-e-taro-dias-313-e-14-no-recife\/","title":{"rendered":"[AGENDA PE] Grupo de Estudos sobre Astrologia e Tar\u00f4 > ADIADO"},"content":{"rendered":"<p><< CURSO ADIADO, AINDA SEM NOVA DATA PREVISTA >><\/p>\n<p><img decoding=\"async\" loading=\"lazy\" class=\"aligncenter wp-image-37874\" src=\"http:\/\/portalfloresnoar.com\/floresnoar\/wp-content\/uploads\/2020\/03\/grupo-de-estudos-tarot-e-astrologia-no-recife.jpg\" alt=\"\" width=\"601\" height=\"601\" srcset=\"https:\/\/portalfloresnoar.com\/floresnoar\/wp-content\/uploads\/2020\/03\/grupo-de-estudos-tarot-e-astrologia-no-recife.jpg 720w, https:\/\/portalfloresnoar.com\/floresnoar\/wp-content\/uploads\/2020\/03\/grupo-de-estudos-tarot-e-astrologia-no-recife-150x150.jpg 150w, https:\/\/portalfloresnoar.com\/floresnoar\/wp-content\/uploads\/2020\/03\/grupo-de-estudos-tarot-e-astrologia-no-recife-300x300.jpg 300w, https:\/\/portalfloresnoar.com\/floresnoar\/wp-content\/uploads\/2020\/03\/grupo-de-estudos-tarot-e-astrologia-no-recife-700x700.jpg 700w, https:\/\/portalfloresnoar.com\/floresnoar\/wp-content\/uploads\/2020\/03\/grupo-de-estudos-tarot-e-astrologia-no-recife-100x100.jpg 100w\" sizes=\"(max-width: 601px) 100vw, 601px\" \/><\/p>\n<p>Nos dias 31 de mar\u00e7o e 1 de abril de 2020 ser\u00e3o realizados os encontros do Grupo de Estudos &#8216;An\u00e1lise Astrol\u00f3gica e o Tar\u00f4 pelas Casas do Zod\u00edaco&#8217;, no Espa\u00e7o A\u00e7ucena, localizado no bairro da Boa Vista, no Recife.<\/p>\n<p>De acordo com o facilitador, Armando Austreg\u00e9silo, o grupo tem como objetivo o autoconhecimento pelo estudo dos Or\u00e1culos: Astrologia e Tar\u00f4, promovendo o estudo do movimento da vida e an\u00e1lise de a\u00e7\u00f5es e rea\u00e7\u00f5es pessoais, assim como a busca das facilidades e bloqueios nas rela\u00e7\u00f5es pessoais, profissionais e sociais, avaliando o momento atual.<\/p>\n<p>PROGRAMA\u00c7\u00c3O<\/p>\n<p><strong>Aspectos Astrol\u00f3gicos<\/strong><br \/>\n1. O seu Mapa Natal estudo das caracter\u00edsticas<br \/>\n2. Estudo das Casas e rela\u00e7\u00f5es de amizade, de trabalho e terapias.<br \/>\n3. O momento atual e suas probabilidades<br \/>\n4. O feminino: Lua, V\u00eanus e Netuno;<br \/>\n5. O Masculino: Sol, Marte e Saturno;<br \/>\n6. J\u00fapiter e Urano: favorecimentos e transforma\u00e7\u00f5es;<br \/>\n7. \u00c2nimo e individualidade: Ascendente e Lilith;<br \/>\n8. Consci\u00eancia e Sombra: Merc\u00fario e Plut\u00e3o.<\/p>\n<p><strong>Aspectos do Tar\u00f4 de Marselha pelas Casas do Zod\u00edaco<\/strong><br \/>\n<em><strong> Os Grandes Arcanos:<\/strong><\/em><br \/>\n1. Arcanos de I a V;<br \/>\n2. Arcanos de VI a X;<br \/>\n3. Arcanos de XI a XVI;<br \/>\n4. Arcanos de XVII a XXII;<br \/>\n5. As Interpreta\u00e7\u00f5es do Tar\u00f4: casa I a casa VI;<br \/>\n6. As Interpreta\u00e7\u00f5es do Tar\u00f4: casa VII a casa XII;<br \/>\n7. As doze Cartas nas Casas do Zod\u00edaco;<br \/>\n8. Comparativos entre o Mapa Natal e o Tar\u00f4 de Marselha.<\/p>\n<p>SERVI\u00c7O<br \/>\n<strong>Grupo de Estudos &#8216;An\u00e1lise Astrol\u00f3gica e o Tar\u00f4 pelas Casas do Zod\u00edaco&#8217;<\/strong><br \/>\n<strong>Data\/ Hor\u00e1rio:<\/strong> 31 de mar\u00e7o (ter\u00e7a-feira), das 18h30 \u00e0s 22h e 1 de abril (quarta-feira), das 18h \u00e0s 22h.<br \/>\n<strong>Investimento:<\/strong> R$ 180,00<br \/>\n<strong>Local:<\/strong> Espa\u00e7o A\u00e7ucena \u2013 Rua Bar\u00e3o de S\u00e3o Borja, 288, Boa Vista &#8211; Recife<\/p>\n<p><strong>Inscri\u00e7\u00e3o atrav\u00e9s do link:<\/strong> <a href=\"https:\/\/docs.google.com\/forms\/d\/e\/1FAIpQLScwzm3JWWDGvDwgqNfK9TZ5osKuHf7IQhgNzI5vjSK5deskAw\/viewform\" target=\"_blank\" rel=\"noopener\">https:\/\/docs.google.com\/forms\/d\/e\/1FAIpQLScwzm3JWWDGvDwgqNfK9TZ5osKuHf7IQhgNzI5vjSK5deskAw\/viewform<\/a><\/p>\n<p><strong>Mais informa\u00e7\u00f5es:<\/strong> (81) 9.8121.4326<\/p>\n","protected":false},"excerpt":{"rendered":"<p>> Nos dias 31 de mar\u00e7o e 1 de abril de 2020 ser\u00e3o realizados os encontros do Grupo de Estudos &#8216;An\u00e1lise Astrol\u00f3gica e o Tar\u00f4 pelas Casas do Zod\u00edaco&#8217;, no Espa\u00e7o A\u00e7ucena, localizado no bairro da Boa Vista, no Recife. De acordo com o facilitador, Armando Austreg\u00e9silo, o grupo tem como objetivo o autoconhecimento pelo [&hellip;]<\/p>\n","protected":false},"author":1,"featured_media":37877,"comment_status":"open","ping_status":"open","sticky":false,"template":"","format":"standard","meta":{"om_disable_all_campaigns":false,"_monsterinsights_skip_tracking":false,"_monsterinsights_sitenote_active":false,"_monsterinsights_sitenote_note":"","_monsterinsights_sitenote_category":0,"footnotes":""},"categories":[8,214],"tags":[18,679,296,86,787],"acf":[],"publishpress_future_action":{"enabled":false,"date":"1969-12-31 21:00:00","action":"","terms":[],"taxonomy":"","browser_timezone_offset":0},"_links":{"self":[{"href":"https:\/\/portalfloresnoar.com\/floresnoar\/wp-json\/wp\/v2\/posts\/37873"}],"collection":[{"href":"https:\/\/portalfloresnoar.com\/floresnoar\/wp-json\/wp\/v2\/posts"}],"about":[{"href":"https:\/\/portalfloresnoar.com\/floresnoar\/wp-json\/wp\/v2\/types\/post"}],"author":[{"embeddable":true,"href":"https:\/\/portalfloresnoar.com\/floresnoar\/wp-json\/wp\/v2\/users\/1"}],"replies":[{"embeddable":true,"href":"https:\/\/portalfloresnoar.com\/floresnoar\/wp-json\/wp\/v2\/comments?post=37873"}],"version-history":[{"count":0,"href":"https:\/\/portalfloresnoar.com\/floresnoar\/wp-json\/wp\/v2\/posts\/37873\/revisions"}],"wp:featuredmedia":[{"embeddable":true,"href":"https:\/\/portalfloresnoar.com\/floresnoar\/wp-json\/wp\/v2\/media\/37877"}],"wp:attachment":[{"href":"https:\/\/portalfloresnoar.com\/floresnoar\/wp-json\/wp\/v2\/media?parent=37873"}],"wp:term":[{"taxonomy":"category","embeddable":true,"href":"https:\/\/portalfloresnoar.com\/floresnoar\/wp-json\/wp\/v2\/categories?post=37873"},{"taxonomy":"post_tag","embeddable":true,"href":"https:\/\/portalfloresnoar.com\/floresnoar\/wp-json\/wp\/v2\/tags?post=37873"}],"curies":[{"name":"wp","href":"https:\/\/api.w.org\/{rel}","templated":true}]}}