

{"id":37850,"date":"2020-03-03T07:53:31","date_gmt":"2020-03-03T10:53:31","guid":{"rendered":"http:\/\/portalfloresnoar.com\/floresnoar\/?p=37850"},"modified":"2020-03-30T12:47:14","modified_gmt":"2020-03-30T15:47:14","slug":"agenda-pe-curso-recife-de-formacao-em-pedagogia-waldorf-tem-inicio-em-abril","status":"publish","type":"post","link":"https:\/\/portalfloresnoar.com\/floresnoar\/agenda-pe-curso-recife-de-formacao-em-pedagogia-waldorf-tem-inicio-em-abril\/","title":{"rendered":"[AGENDA PE] Curso Recife de Forma\u00e7\u00e3o em Pedagogia Waldorf tem in\u00edcio em abril"},"content":{"rendered":"<p><img decoding=\"async\" loading=\"lazy\" class=\"aligncenter wp-image-37852\" src=\"http:\/\/portalfloresnoar.com\/floresnoar\/wp-content\/uploads\/2020\/03\/formacao-waldorf-no-recife.jpg\" alt=\"\" width=\"601\" height=\"600\" srcset=\"https:\/\/portalfloresnoar.com\/floresnoar\/wp-content\/uploads\/2020\/03\/formacao-waldorf-no-recife.jpg 931w, https:\/\/portalfloresnoar.com\/floresnoar\/wp-content\/uploads\/2020\/03\/formacao-waldorf-no-recife-150x150.jpg 150w, https:\/\/portalfloresnoar.com\/floresnoar\/wp-content\/uploads\/2020\/03\/formacao-waldorf-no-recife-300x300.jpg 300w, https:\/\/portalfloresnoar.com\/floresnoar\/wp-content\/uploads\/2020\/03\/formacao-waldorf-no-recife-768x767.jpg 768w, https:\/\/portalfloresnoar.com\/floresnoar\/wp-content\/uploads\/2020\/03\/formacao-waldorf-no-recife-700x700.jpg 700w, https:\/\/portalfloresnoar.com\/floresnoar\/wp-content\/uploads\/2020\/03\/formacao-waldorf-no-recife-100x100.jpg 100w\" sizes=\"(max-width: 601px) 100vw, 601px\" \/><\/p>\n<p>Em abril de 2020 tem in\u00edcio a V turma do Curso Recife de Forma\u00e7\u00e3o em Pedagogia Waldorf. As aulas acontecem na Escola waldorf Rural Turmalina em Paudalho, das 8h \u00e0s 19h. O curso oferece uma vis\u00e3o ampla e espiritualizada do ser humano em seu desenvolvimento. Atrav\u00e9s de conte\u00fados expositivos e viv\u00eancias art\u00edsticas com base na Antroposofia, a forma\u00e7\u00e3o proporciona o fundamento para atua\u00e7\u00e3o como educador Waldorf.<\/p>\n<p><strong>P\u00fablico &amp; Pr\u00e9-requisitos<\/strong><br \/>\nEste curso destina-se a todas as pessoas que atuam ou desejam atuar em Escolas Waldorf e que s\u00e3o profissionais da \u00e1rea da educa\u00e7\u00e3o. O interessado dever\u00e1 ter idade superior a 21 anos e ter feito a leitura de A Pedagogia Waldorf de Rudolf Lanz.<\/p>\n<p><strong>Dura\u00e7\u00e3o, Formato, Programa &amp; Local<\/strong><br \/>\nO curso est\u00e1 dividido em 18 m\u00f3dulos, ao longo de quatro anos e meio. S\u00e3o quatro m\u00f3dulos por ano, com dura\u00e7\u00e3o de 8 dias cada. Os m\u00f3dulos ocorrem em \u00e9poca de f\u00e9rias e feriados: Janeiro, P\u00e1scoa, Julho e Outubro. A carga hor\u00e1ria total \u00e9 de 1.385 horas-aula e de 125 horas de est\u00e1gio. Os m\u00f3dulos s\u00e3o em formato de semi-internato (alimenta\u00e7\u00e3o inclusa), de s\u00e1bado ao s\u00e1bado subsequente, e ocorrer\u00e3o na sede da Escola Waldorf Rural Turmalina, podendo ocorrer atividades em outros locais. Cada m\u00f3dulo constitui-se de palestras ou estudos, intercaladas com atividades art\u00edsticas, abordando: Fundamenta\u00e7\u00e3o Antropos\u00f3fica, Desenvolvimento Humano, Educa\u00e7\u00e3o Infantil e Ensino Fundamental.<\/p>\n<p><strong>Certifica\u00e7\u00e3o<\/strong>*<br \/>\nPara obten\u00e7\u00e3o do certificado de conclus\u00e3o, reconhecido pela Federa\u00e7\u00e3o das Escolas Waldorf do Brasil, \u00e9 imprescind\u00edvel a participa\u00e7\u00e3o em todos os m\u00f3dulos; a entrega de trabalhos sobre os temas solicitados; a elabora\u00e7\u00e3o de monografia ao final do curso; a realiza\u00e7\u00e3o de est\u00e1gios a partir do 2\u00ba ano do curso; e estar com as mensalidades quitadas.<br \/>\n<em>* Este curso n\u00e3o substitui a exig\u00eancia de diplomas espec\u00edficos para atua\u00e7\u00e3o nas diversas profiss\u00f5es.<\/em><\/p>\n<p><strong>Realiza\u00e7\u00e3o &amp; Equipe<\/strong><br \/>\nO curso \u00e9 promovido pela Associa\u00e7\u00e3o Pedag\u00f3gica Waldorf do Recife, institui\u00e7\u00e3o sem fins lucrativos voltada, principalmente, para a realiza\u00e7\u00e3o e promo\u00e7\u00e3o da Pedagogia Waldorf em Pernambuco. A Associa\u00e7\u00e3o fundou a Escola Waldorf Recife em 1999 e deu in\u00edcio a este curso em 2009. O curso conta com o apoio da Escola Waldorf Rural Turmalina e da Associa\u00e7\u00e3o Vila Verde Turmalina.<\/p>\n<p><strong>Coordena\u00e7\u00e3o Pedag\u00f3gica:<\/strong> K\u00e1tia Galdi, tutora pedag\u00f3gica da Escola Waldorf Recife; coordenadora e docente em cursos de forma\u00e7\u00e3o de professores Waldorf no Brasil; professora h\u00e1 mais de 30 anos, atuando em escolas Waldorf h\u00e1 mais de 15 anos.<\/p>\n<p><strong>Coordena\u00e7\u00e3o Local:<\/strong> Inoc\u00eancia Wanderley, co-fundadora da Associa\u00e7\u00e3o Pedag\u00f3gica Waldorf do Recife e da Escola Waldorf Recife e professora Waldorf desde 2000.<\/p>\n<p><strong>INSCRI\u00c7\u00d5ES E MAIS INFORMA\u00c7\u00d5ES<\/strong><br \/>\n<strong>Fone:<\/strong> (81) 99994.3214<br \/>\n<strong>E-mail:<\/strong> curso@escolawaldorfrecife.org<br \/>\n<strong>Site:\u00a0<\/strong><a href=\"https:\/\/www.escolawaldorfrecife.org\/\" target=\"_blank\" rel=\"noopener\">https:\/\/www.escolawaldorfrecife.org\/<\/a><\/p>\n","protected":false},"excerpt":{"rendered":"<p>Em abril de 2020 tem in\u00edcio a V turma do Curso Recife de Forma\u00e7\u00e3o em Pedagogia Waldorf. As aulas acontecem na Escola waldorf Rural Turmalina em Paudalho, das 8h \u00e0s 19h. O curso oferece uma vis\u00e3o ampla e espiritualizada do ser humano em seu desenvolvimento. Atrav\u00e9s de conte\u00fados expositivos e viv\u00eancias art\u00edsticas com base na [&hellip;]<\/p>\n","protected":false},"author":1,"featured_media":37851,"comment_status":"open","ping_status":"open","sticky":false,"template":"","format":"standard","meta":{"om_disable_all_campaigns":false,"_monsterinsights_skip_tracking":false,"_monsterinsights_sitenote_active":false,"_monsterinsights_sitenote_note":"","_monsterinsights_sitenote_category":0,"footnotes":""},"categories":[8,224,214],"tags":[23,83,461,115,624],"acf":[],"publishpress_future_action":{"enabled":false,"date":"1969-12-31 21:00:00","action":"","terms":[],"taxonomy":"","browser_timezone_offset":0},"_links":{"self":[{"href":"https:\/\/portalfloresnoar.com\/floresnoar\/wp-json\/wp\/v2\/posts\/37850"}],"collection":[{"href":"https:\/\/portalfloresnoar.com\/floresnoar\/wp-json\/wp\/v2\/posts"}],"about":[{"href":"https:\/\/portalfloresnoar.com\/floresnoar\/wp-json\/wp\/v2\/types\/post"}],"author":[{"embeddable":true,"href":"https:\/\/portalfloresnoar.com\/floresnoar\/wp-json\/wp\/v2\/users\/1"}],"replies":[{"embeddable":true,"href":"https:\/\/portalfloresnoar.com\/floresnoar\/wp-json\/wp\/v2\/comments?post=37850"}],"version-history":[{"count":0,"href":"https:\/\/portalfloresnoar.com\/floresnoar\/wp-json\/wp\/v2\/posts\/37850\/revisions"}],"wp:featuredmedia":[{"embeddable":true,"href":"https:\/\/portalfloresnoar.com\/floresnoar\/wp-json\/wp\/v2\/media\/37851"}],"wp:attachment":[{"href":"https:\/\/portalfloresnoar.com\/floresnoar\/wp-json\/wp\/v2\/media?parent=37850"}],"wp:term":[{"taxonomy":"category","embeddable":true,"href":"https:\/\/portalfloresnoar.com\/floresnoar\/wp-json\/wp\/v2\/categories?post=37850"},{"taxonomy":"post_tag","embeddable":true,"href":"https:\/\/portalfloresnoar.com\/floresnoar\/wp-json\/wp\/v2\/tags?post=37850"}],"curies":[{"name":"wp","href":"https:\/\/api.w.org\/{rel}","templated":true}]}}