

{"id":37838,"date":"2020-01-02T07:42:20","date_gmt":"2020-01-02T10:42:20","guid":{"rendered":"http:\/\/portalfloresnoar.com\/floresnoar\/?p=37838"},"modified":"2020-03-21T19:10:42","modified_gmt":"2020-03-21T22:10:42","slug":"agenda-pe-cursos-de-fitoterapia-e-de-benzimento-com-lenisia-septimio-em-marco-no-recife","status":"publish","type":"post","link":"https:\/\/portalfloresnoar.com\/floresnoar\/agenda-pe-cursos-de-fitoterapia-e-de-benzimento-com-lenisia-septimio-em-marco-no-recife\/","title":{"rendered":"[AGENDA PE] Cursos de Fitoterapia e de Benzimento, com Len\u00edsia Sept\u00edmio, em mar\u00e7o, no Recife"},"content":{"rendered":"<p><img decoding=\"async\" loading=\"lazy\" class=\"aligncenter wp-image-37839\" src=\"http:\/\/portalfloresnoar.com\/floresnoar\/wp-content\/uploads\/2020\/03\/curso-fitoterapia-recife.jpg\" alt=\"\" width=\"601\" height=\"601\" srcset=\"https:\/\/portalfloresnoar.com\/floresnoar\/wp-content\/uploads\/2020\/03\/curso-fitoterapia-recife.jpg 670w, https:\/\/portalfloresnoar.com\/floresnoar\/wp-content\/uploads\/2020\/03\/curso-fitoterapia-recife-150x150.jpg 150w, https:\/\/portalfloresnoar.com\/floresnoar\/wp-content\/uploads\/2020\/03\/curso-fitoterapia-recife-300x300.jpg 300w, https:\/\/portalfloresnoar.com\/floresnoar\/wp-content\/uploads\/2020\/03\/curso-fitoterapia-recife-100x100.jpg 100w\" sizes=\"(max-width: 601px) 100vw, 601px\" \/><\/p>\n<p>A benzedeira e etnobot\u00e2nica\u00a0 Len\u00edsia Ruas Sept\u00edmio estar\u00e1 novamente no Recife neste m\u00eas de mar\u00e7o, onde realizar\u00e1 o &#8216;Curso B\u00e1sico de Fitoterapia&#8217;, nos dias 21 e 22\/3, e o &#8216;Encontro com a Benzedeira Interior&#8217;, no dia 23\/3. Os dois eventos acontecer\u00e1 na Casa Beija Flor, localizada no bairro de Boa Viagem, no Recife.<\/p>\n<p>A etnobot\u00e2nica Len\u00edsia Ruas Sept\u00edmio, membra da Sociedade Bot\u00e2nica Brasilaira, t\u00e9cnica de nutri\u00e7\u00e3o e formada em Letras, h\u00e1 57 anos estuda e trabalha com plantas medicinais no estado de Goi\u00e1s. Al\u00e9m da realiza\u00e7\u00e3o de cursos por todo o pa\u00eds, ela profere palestras e prepara ch\u00e1s e rem\u00e9dios com as ervas, respeitando o conhecimento tradicional recebido de seu pai. A pesquisadora j\u00e1 foi certificada por seis vezes pela Sociedade Bot\u00e2nica do Brasil, al\u00e9m de ter seus trabalhos apresentados em congressos, entre eles o 4\u00ba Simp\u00f3sio de Bot\u00e2nica, realizado em Cuba, em 1993, quando apresentou o trabalho \u201cPlantas Medicinales del Cerrado de Uso Popular\u201d. No per\u00edodo de 1992 a 1995 atuou no Jardim Bot\u00e2nico de Bras\u00edlia e escreveu o livro resultado das suas pesquisas \u201cA Fitoterapia Baseada em Ervas Medicinais do Cerrado\u201d.<\/p>\n<p><strong>CURSO B\u00c1SICO DE FITOTERAPIA<\/strong><\/p>\n<p><strong>Conte\u00fado:<\/strong><br \/>\n&#8211; uso e estudo das ervas, alimenta\u00e7\u00e3o e plantas medicinais<br \/>\n&#8211; sa\u00fade e beleza com as plantas<br \/>\n&#8211; colheita de florais na Natureza<br \/>\n&#8211; mini-introdu\u00e7\u00e3o \u00e0 ci\u00eancia mais antiga do mundo, a Ayurveda<br \/>\n&#8211; \u00f3leos medicados para sa\u00fade e massagem<br \/>\n&#8211; Tintura da Sa\u00fade (harmoniza\u00e7\u00e3o de in\u00fameras doen\u00e7as atrav\u00e9s dos extratos alco\u00f3licos das plantas com receitas ancestrais ind\u00edgenas)<\/p>\n<p><strong>Data:<\/strong> 21 e 22 de Mar\u00e7o de 2020<br \/>\n<strong>Hora:<\/strong> 9h \u00e0s 16h<br \/>\n<strong>Local:<\/strong> Casa Beija-Flor &#8211; Rua Padre Bernardino Pessoa, 248\/902 &#8211; Boa Viagem, Recife\/PE<br \/>\n<strong>Investimento:<\/strong> R$300,00 (com certificado e material inclusos)<\/p>\n<p><strong>ENCONTRO COM A BENZEDEIRA INTERIOR<\/strong><\/p>\n<p>&#8220;O benzer \u00e9 onde se faz a limpeza energ\u00e9tica atrav\u00e9s de ervas purificadoras; atrav\u00e9s desse ato busca-se trazer paz, equil\u00edbrio e harmonia para a pessoa que recebe e o Cosmos. A limpeza se d\u00e1 com a conex\u00e3o com a M\u00e3e Natureza na forma Divina e c\u00f3smica, levando o corpo, a mente e todo o ser para o encontro com o Ser Superior, c\u00f3smico, facilitando a Uni\u00e3o do homem com a sua natureza, o cosmo, os animais, os minerais, enfim, se sentir componente do planeta e do universo&#8221;, declara Lenisia.<\/p>\n<p><strong>Data:<\/strong> 23 de mar\u00e7o de 2020<br \/>\n<strong>Hora:<\/strong> 13 \u00e0s 18h<br \/>\n<strong>Local:<\/strong> Casa Beija-Flor &#8211; Rua Padre Bernardino Pessoa, 248\/902 &#8211; Boa Viagem, Recife\/PE<br \/>\n<strong>Investimento:<\/strong> R$120,00<\/p>\n<p><em>Obs.1: Para quem quiser participar dos dois cursos, o valor total fica por R$ 400,00, e pode ser dividido no cart\u00e3o.<\/em><\/p>\n<p><em>Obs. 2: Os cursos contam com certificado reconhecido pela ABRATH.<\/em><\/p>\n<p><strong>Inscri\u00e7\u00f5es e mais informa\u00e7\u00f5es:<\/strong> (81) 99722-8085 (Gabriela)<\/p>\n<p>&nbsp;<\/p>\n","protected":false},"excerpt":{"rendered":"<p>A benzedeira e etnobot\u00e2nica\u00a0 Len\u00edsia Ruas Sept\u00edmio estar\u00e1 novamente no Recife neste m\u00eas de mar\u00e7o, onde realizar\u00e1 o &#8216;Curso B\u00e1sico de Fitoterapia&#8217;, nos dias 21 e 22\/3, e o &#8216;Encontro com a Benzedeira Interior&#8217;, no dia 23\/3. Os dois eventos acontecer\u00e1 na Casa Beija Flor, localizada no bairro de Boa Viagem, no Recife. A etnobot\u00e2nica [&hellip;]<\/p>\n","protected":false},"author":1,"featured_media":37840,"comment_status":"open","ping_status":"open","sticky":false,"template":"","format":"standard","meta":{"om_disable_all_campaigns":false,"_monsterinsights_skip_tracking":false,"_monsterinsights_sitenote_active":false,"_monsterinsights_sitenote_note":"","_monsterinsights_sitenote_category":0,"footnotes":""},"categories":[8,214],"tags":[874,167,75,714,393],"acf":[],"publishpress_future_action":{"enabled":false,"date":"1969-12-31 21:00:00","action":"","terms":[],"taxonomy":"","browser_timezone_offset":0},"_links":{"self":[{"href":"https:\/\/portalfloresnoar.com\/floresnoar\/wp-json\/wp\/v2\/posts\/37838"}],"collection":[{"href":"https:\/\/portalfloresnoar.com\/floresnoar\/wp-json\/wp\/v2\/posts"}],"about":[{"href":"https:\/\/portalfloresnoar.com\/floresnoar\/wp-json\/wp\/v2\/types\/post"}],"author":[{"embeddable":true,"href":"https:\/\/portalfloresnoar.com\/floresnoar\/wp-json\/wp\/v2\/users\/1"}],"replies":[{"embeddable":true,"href":"https:\/\/portalfloresnoar.com\/floresnoar\/wp-json\/wp\/v2\/comments?post=37838"}],"version-history":[{"count":0,"href":"https:\/\/portalfloresnoar.com\/floresnoar\/wp-json\/wp\/v2\/posts\/37838\/revisions"}],"wp:featuredmedia":[{"embeddable":true,"href":"https:\/\/portalfloresnoar.com\/floresnoar\/wp-json\/wp\/v2\/media\/37840"}],"wp:attachment":[{"href":"https:\/\/portalfloresnoar.com\/floresnoar\/wp-json\/wp\/v2\/media?parent=37838"}],"wp:term":[{"taxonomy":"category","embeddable":true,"href":"https:\/\/portalfloresnoar.com\/floresnoar\/wp-json\/wp\/v2\/categories?post=37838"},{"taxonomy":"post_tag","embeddable":true,"href":"https:\/\/portalfloresnoar.com\/floresnoar\/wp-json\/wp\/v2\/tags?post=37838"}],"curies":[{"name":"wp","href":"https:\/\/api.w.org\/{rel}","templated":true}]}}