

{"id":37803,"date":"2020-01-06T09:46:27","date_gmt":"2020-01-06T12:46:27","guid":{"rendered":"http:\/\/portalfloresnoar.com\/floresnoar\/?p=37803"},"modified":"2020-03-21T19:07:22","modified_gmt":"2020-03-21T22:07:22","slug":"agenda-pe-nova-turma-do-programa-de-8-semanas-de-mindfulness-tem-inicio-dia-173-em-boa-viagem","status":"publish","type":"post","link":"https:\/\/portalfloresnoar.com\/floresnoar\/agenda-pe-nova-turma-do-programa-de-8-semanas-de-mindfulness-tem-inicio-dia-173-em-boa-viagem\/","title":{"rendered":"[AGENDA PE] Nova turma do \u2018Programa de 8 Semanas de Mindfulness\u2019 tem in\u00edcio dia 17\/3 em Boa Viagem"},"content":{"rendered":"<p><img decoding=\"async\" loading=\"lazy\" class=\"aligncenter size-full wp-image-37804\" src=\"http:\/\/portalfloresnoar.com\/floresnoar\/wp-content\/uploads\/2020\/02\/mindfulness-em-boa-viagem-recife.jpg\" alt=\"\" width=\"600\" height=\"600\" srcset=\"https:\/\/portalfloresnoar.com\/floresnoar\/wp-content\/uploads\/2020\/02\/mindfulness-em-boa-viagem-recife.jpg 600w, https:\/\/portalfloresnoar.com\/floresnoar\/wp-content\/uploads\/2020\/02\/mindfulness-em-boa-viagem-recife-150x150.jpg 150w, https:\/\/portalfloresnoar.com\/floresnoar\/wp-content\/uploads\/2020\/02\/mindfulness-em-boa-viagem-recife-300x300.jpg 300w, https:\/\/portalfloresnoar.com\/floresnoar\/wp-content\/uploads\/2020\/02\/mindfulness-em-boa-viagem-recife-100x100.jpg 100w\" sizes=\"(max-width: 600px) 100vw, 600px\" \/><\/p>\n<p>O terapeuta Felipe Lapa, atrav\u00e9s do Projeto Mais Consciente, inicia no dia 17 de mar\u00e7o de 2020, no bairro de Boa Viagem, no Recife, uma nova turma do Programa de 8 Semanas de Mindfulness\/ Medita\u00e7\u00e3o. Os encontros acontecer\u00e3o nas ter\u00e7as-feiras, das 19h30 \u00e0s 21h30.<\/p>\n<p>O Programa proporciona aos participantes o desenvolvimento de habilidades e recursos de concentra\u00e7\u00e3o, foco e aten\u00e7\u00e3o plena para responderem de forma mais saud\u00e1vel \u00e0s situa\u00e7\u00f5es estressantes, al\u00e9m de oferecer ferramentas para uma maior qualidade de vida e bem-estar.<\/p>\n<p>S\u00e3o oito encontros, sendo um por semana, com dura\u00e7\u00e3o de 2h cada. A cada semana os participantes entrar\u00e3o em contato com v\u00e1rios exerc\u00edcios que envolvem pr\u00e1ticas meditativas, corporais e de concentra\u00e7\u00e3o que v\u00e3o evoluindo no decorrer das semanas.<\/p>\n<p>\u201cIn\u00fameras pesquisas desenvolvidas por neurocientistas e pesquisadores de universidades renomadas como Harvard e Massachusetts j\u00e1 comprovaram cientificamente a rela\u00e7\u00e3o das pr\u00e1ticas de Mindfulness com melhorias e mudan\u00e7as significativas em nosso c\u00e9rebro\u201d, declara Felipe.<\/p>\n<p><strong>Dentre os diversos benef\u00edcios comprovados em estudos e pesquisas, a pr\u00e1tica de Mindfulness:<\/strong><br \/>\n* Aumenta foco e concentra\u00e7\u00e3o<br \/>\n* Desenvolve a intelig\u00eancia emocional<br \/>\n* Melhora sintomas de stress, ansiedade, depress\u00e3o, ins\u00f4nia<br \/>\n* Ajuda Sair do Piloto Autom\u00e1tico<br \/>\n* Desenvolve a intui\u00e7\u00e3o e criatividade<br \/>\n* Provoca mudan\u00e7as de h\u00e1bitos e padr\u00f5es de condicionamento<br \/>\n* Acalma a mente<br \/>\n* Melhora a sa\u00fade e o bem-estar<\/p>\n<p>SERVI\u00c7O<br \/>\n\u2018<strong>Programa de 8 Semanas de Mindfulness\u2019<\/strong><br \/>\n<strong>Datas:<\/strong>\u00a017, 24, 31 de Mar\u00e7o; 07, 14, 28 de Abril; 05, 12 de Maio de 2020<br \/>\n<strong>Hor\u00e1rio:<\/strong>\u00a0ter\u00e7as-feiras \u2013 19h30 \u00e0s 21h30<br \/>\n<strong>Local:<\/strong>\u00a0Empresarial Rio Mar Trade Center \u2013 Av. Rep\u00fablica do L\u00edbano, 251, Sala 707 \u2013 Torre A, Pina, Recife-PE<br \/>\n<strong>Investimento:<\/strong>\u00a0R$ 980,00 (em at\u00e9 10x sem juros)<br \/>\n<strong>Inscri\u00e7\u00f5es:<\/strong>\u00a0<a href=\"https:\/\/www.maisconsciente.com.br\/produto\/programa-8-semanas-meditacao-mindfulness-17-marco-2020-tercas-boa-viagem-turma48\/\" target=\"_blank\" rel=\"noopener\">https:\/\/www.maisconsciente.com.br\/produto\/programa-8-semanas-meditacao-mindfulness-17-marco-2020-tercas-boa-viagem-turma48\/<\/a><\/p>\n<p><strong>MAIS INFORMA\u00c7\u00d5ES<\/strong><br \/>\n<strong>WhatsApp:<\/strong>\u00a0\u202d(81) 9.8227-2129\u202c (Felipe Lapa)<br \/>\n<strong>E-mail:<\/strong>\u00a0contato@maisconsciente.com.br<\/p>\n","protected":false},"excerpt":{"rendered":"<p>O terapeuta Felipe Lapa, atrav\u00e9s do Projeto Mais Consciente, inicia no dia 17 de mar\u00e7o de 2020, no bairro de Boa Viagem, no Recife, uma nova turma do Programa de 8 Semanas de Mindfulness\/ Medita\u00e7\u00e3o. Os encontros acontecer\u00e3o nas ter\u00e7as-feiras, das 19h30 \u00e0s 21h30. O Programa proporciona aos participantes o desenvolvimento de habilidades e recursos [&hellip;]<\/p>\n","protected":false},"author":1,"featured_media":37805,"comment_status":"open","ping_status":"open","sticky":false,"template":"","format":"standard","meta":{"om_disable_all_campaigns":false,"_monsterinsights_skip_tracking":false,"_monsterinsights_sitenote_active":false,"_monsterinsights_sitenote_note":"","_monsterinsights_sitenote_category":0,"footnotes":""},"categories":[8,214],"tags":[589,43,582,744],"acf":[],"publishpress_future_action":{"enabled":false,"date":"1969-12-31 21:00:00","action":"","terms":[],"taxonomy":"","browser_timezone_offset":0},"_links":{"self":[{"href":"https:\/\/portalfloresnoar.com\/floresnoar\/wp-json\/wp\/v2\/posts\/37803"}],"collection":[{"href":"https:\/\/portalfloresnoar.com\/floresnoar\/wp-json\/wp\/v2\/posts"}],"about":[{"href":"https:\/\/portalfloresnoar.com\/floresnoar\/wp-json\/wp\/v2\/types\/post"}],"author":[{"embeddable":true,"href":"https:\/\/portalfloresnoar.com\/floresnoar\/wp-json\/wp\/v2\/users\/1"}],"replies":[{"embeddable":true,"href":"https:\/\/portalfloresnoar.com\/floresnoar\/wp-json\/wp\/v2\/comments?post=37803"}],"version-history":[{"count":0,"href":"https:\/\/portalfloresnoar.com\/floresnoar\/wp-json\/wp\/v2\/posts\/37803\/revisions"}],"wp:featuredmedia":[{"embeddable":true,"href":"https:\/\/portalfloresnoar.com\/floresnoar\/wp-json\/wp\/v2\/media\/37805"}],"wp:attachment":[{"href":"https:\/\/portalfloresnoar.com\/floresnoar\/wp-json\/wp\/v2\/media?parent=37803"}],"wp:term":[{"taxonomy":"category","embeddable":true,"href":"https:\/\/portalfloresnoar.com\/floresnoar\/wp-json\/wp\/v2\/categories?post=37803"},{"taxonomy":"post_tag","embeddable":true,"href":"https:\/\/portalfloresnoar.com\/floresnoar\/wp-json\/wp\/v2\/tags?post=37803"}],"curies":[{"name":"wp","href":"https:\/\/api.w.org\/{rel}","templated":true}]}}