

{"id":37794,"date":"2020-01-03T21:14:41","date_gmt":"2020-01-04T00:14:41","guid":{"rendered":"http:\/\/portalfloresnoar.com\/floresnoar\/?p=37794"},"modified":"2020-03-21T19:07:47","modified_gmt":"2020-03-21T22:07:47","slug":"agenda-pe-imersao-de-meditacao-mindfulness-e-constelacao-sistemica-familiar-dia-153-em-aldeia","status":"publish","type":"post","link":"https:\/\/portalfloresnoar.com\/floresnoar\/agenda-pe-imersao-de-meditacao-mindfulness-e-constelacao-sistemica-familiar-dia-153-em-aldeia\/","title":{"rendered":"[AGENDA PE] Imers\u00e3o de Medita\u00e7\u00e3o, Mindfulness e Constela\u00e7\u00e3o Sist\u00eamica Familiar, dia 15\/3, em Aldeia"},"content":{"rendered":"<p><img decoding=\"async\" loading=\"lazy\" class=\"aligncenter size-full wp-image-37795\" src=\"http:\/\/portalfloresnoar.com\/floresnoar\/wp-content\/uploads\/2020\/02\/imersao-mindfulness-com-felipe-lapa.jpg\" alt=\"\" width=\"600\" height=\"600\" srcset=\"https:\/\/portalfloresnoar.com\/floresnoar\/wp-content\/uploads\/2020\/02\/imersao-mindfulness-com-felipe-lapa.jpg 600w, https:\/\/portalfloresnoar.com\/floresnoar\/wp-content\/uploads\/2020\/02\/imersao-mindfulness-com-felipe-lapa-150x150.jpg 150w, https:\/\/portalfloresnoar.com\/floresnoar\/wp-content\/uploads\/2020\/02\/imersao-mindfulness-com-felipe-lapa-300x300.jpg 300w, https:\/\/portalfloresnoar.com\/floresnoar\/wp-content\/uploads\/2020\/02\/imersao-mindfulness-com-felipe-lapa-100x100.jpg 100w\" sizes=\"(max-width: 600px) 100vw, 600px\" \/><\/p>\n<p>No dia 15 de mar\u00e7o de 2020, o instrutor de Mindfulness Felipe Lapa conduz uma Imers\u00e3o de um dia com pr\u00e1ticas de Medita\u00e7\u00e3o, Mindfulness e Constela\u00e7\u00e3o Sist\u00eamica Familiar.<\/p>\n<p>&#8220;Nessa vida corrida e agitada dos centros urbanos, faz-se necess\u00e1rio ter momentos de desacelerar, diminuir o ritmo e olhar para n\u00f3s e praticar o auto-cuidado. Pensamos e planejamos cada momento da imers\u00e3o, para que seja um dia de acolhimento, medita\u00e7\u00e3o, cuidado com a sua mente, suas emo\u00e7\u00f5es, seu corpo. S\u00e3o nove horas de contato com a natureza, realizando as pr\u00e1ticas com o intuito de nos ajudar a profundar no autoconhecimento&#8221;, explica Felipe.<\/p>\n<p>A Imers\u00e3o \u00e9 indicada a qualquer pessoa que queira praticar medita\u00e7\u00e3o e mindfulness. Mesmo quem nunca praticou medita\u00e7\u00e3o poder\u00e1 ter o primeiro contato com as t\u00e9cnicas de mindfulness de um modo vivencial e bastante agrad\u00e1vel. A proposta tamb\u00e9m contempla as pessoas que j\u00e1 conhecem as pr\u00e1ticas e querem relembrar e aprofundar os seus aprendizados.<\/p>\n<p>&#8220;Medita\u00e7\u00e3o e Mindfulness podem ajudar a melhorar a vida em v\u00e1rias \u00e1reas (como na educa\u00e7\u00e3o, na carreira, no trabalho, com fam\u00edlia e amigos) e colaborar para que qualquer um tenha uma vida mais feliz, saud\u00e1vel e plena. Muitas pesquisas cient\u00edficas t\u00eam demonstrado os benef\u00edcios desta pr\u00e1tica. Com mais aten\u00e7\u00e3o plena somos capazes de demonstrar maior n\u00edvel de consci\u00eancia, compreens\u00e3o e aceita\u00e7\u00e3o de nossas emo\u00e7\u00f5es, e de prestar aten\u00e7\u00e3o e nos concentrarmos mais facilmente, desenvolver resili\u00eancia e nos recuperar dos momentos de estresse com mais rapidez&#8221;.<\/p>\n<p>O encontro ser\u00e1 baseado na medita\u00e7\u00e3o Mindfulness (Aten\u00e7\u00e3o Plena) que trabalha com as sensa\u00e7\u00f5es do corpo, respira\u00e7\u00e3o, sons, aromas, vis\u00e3o, medita\u00e7\u00e3o caminhando e observa\u00e7\u00e3o da atividade mental no momento presente, sem julgamentos. &#8220;A Aten\u00e7\u00e3o Plena \u00e9 uma qualidade da consci\u00eancia que todos n\u00f3s temos, mas raramente usamos, e, assim, deixamos nossos h\u00e1bitos e impulsos nos dominarem. Quando praticamos a medita\u00e7\u00e3o come\u00e7amos a ver que nossos pensamentos, emo\u00e7\u00f5es e sensa\u00e7\u00f5es s\u00e3o parte de n\u00f3s, mas eles n\u00e3o precisam nos definir ou dominar nossa respostas \u00e0s circunst\u00e2ncias da vida&#8221;, declara Felipe.<\/p>\n<p>DATA<br \/>\n15\/03\/2020 (Domingo)<\/p>\n<p>HORA<br \/>\n8h \u00e0s 17h<\/p>\n<p>LOCAL<br \/>\nCh\u00e1cara Mais Consciente, Km 13, Aldeia-PE.<\/p>\n<p>INVESTIMENTO (com almo\u00e7o incluso):<br \/>\nNormal: R$ 197,00<br \/>\nEx-Alunos Mais Consciente: R$ 98,00<\/p>\n<p><strong><a href=\"https:\/\/www.maisconsciente.com.br\/imersao-meditacao-mindfulness-constelacao\/\" target=\"_blank\" rel=\"noopener\">SAIBA MAIS DETALHES CLICANDO AQUI!<\/a><\/strong><\/p>\n<p><strong>MAIS INFORMA\u00c7\u00d5ES<\/strong><br \/>\nFelipe Lapa<br \/>\n\u202d(81) 9.8227-2129\u202c<\/p>\n<p>Mariana Lapa<br \/>\n(81) 9.9781-0911<\/p>\n<p>contato@maisconsciente.com.br<\/p>\n","protected":false},"excerpt":{"rendered":"<p>No dia 15 de mar\u00e7o de 2020, o instrutor de Mindfulness Felipe Lapa conduz uma Imers\u00e3o de um dia com pr\u00e1ticas de Medita\u00e7\u00e3o, Mindfulness e Constela\u00e7\u00e3o Sist\u00eamica Familiar. &#8220;Nessa vida corrida e agitada dos centros urbanos, faz-se necess\u00e1rio ter momentos de desacelerar, diminuir o ritmo e olhar para n\u00f3s e praticar o auto-cuidado. Pensamos e [&hellip;]<\/p>\n","protected":false},"author":1,"featured_media":37796,"comment_status":"open","ping_status":"open","sticky":false,"template":"","format":"standard","meta":{"om_disable_all_campaigns":false,"_monsterinsights_skip_tracking":false,"_monsterinsights_sitenote_active":false,"_monsterinsights_sitenote_note":"","_monsterinsights_sitenote_category":0,"footnotes":""},"categories":[8,214],"tags":[589,912,43,582,304],"acf":[],"publishpress_future_action":{"enabled":false,"date":"1969-12-31 21:00:00","action":"","terms":[],"taxonomy":"","browser_timezone_offset":0},"_links":{"self":[{"href":"https:\/\/portalfloresnoar.com\/floresnoar\/wp-json\/wp\/v2\/posts\/37794"}],"collection":[{"href":"https:\/\/portalfloresnoar.com\/floresnoar\/wp-json\/wp\/v2\/posts"}],"about":[{"href":"https:\/\/portalfloresnoar.com\/floresnoar\/wp-json\/wp\/v2\/types\/post"}],"author":[{"embeddable":true,"href":"https:\/\/portalfloresnoar.com\/floresnoar\/wp-json\/wp\/v2\/users\/1"}],"replies":[{"embeddable":true,"href":"https:\/\/portalfloresnoar.com\/floresnoar\/wp-json\/wp\/v2\/comments?post=37794"}],"version-history":[{"count":0,"href":"https:\/\/portalfloresnoar.com\/floresnoar\/wp-json\/wp\/v2\/posts\/37794\/revisions"}],"wp:featuredmedia":[{"embeddable":true,"href":"https:\/\/portalfloresnoar.com\/floresnoar\/wp-json\/wp\/v2\/media\/37796"}],"wp:attachment":[{"href":"https:\/\/portalfloresnoar.com\/floresnoar\/wp-json\/wp\/v2\/media?parent=37794"}],"wp:term":[{"taxonomy":"category","embeddable":true,"href":"https:\/\/portalfloresnoar.com\/floresnoar\/wp-json\/wp\/v2\/categories?post=37794"},{"taxonomy":"post_tag","embeddable":true,"href":"https:\/\/portalfloresnoar.com\/floresnoar\/wp-json\/wp\/v2\/tags?post=37794"}],"curies":[{"name":"wp","href":"https:\/\/api.w.org\/{rel}","templated":true}]}}