

{"id":37759,"date":"2019-10-17T18:30:34","date_gmt":"2019-10-17T21:30:34","guid":{"rendered":"http:\/\/portalfloresnoar.com\/floresnoar\/?p=37759"},"modified":"2020-02-22T21:52:58","modified_gmt":"2020-02-23T00:52:58","slug":"agenda-pb-retiro-carnaval-transcendental-de-22-a-252no-jardim-alforria","status":"publish","type":"post","link":"https:\/\/portalfloresnoar.com\/floresnoar\/agenda-pb-retiro-carnaval-transcendental-de-22-a-252no-jardim-alforria\/","title":{"rendered":"[AGENDA PB] Retiro &#8216;Carnaval Transcendental&#8217;, de 22 a 25\/2, no Jardim Alforria"},"content":{"rendered":"<p><img decoding=\"async\" loading=\"lazy\" class=\"aligncenter wp-image-37760\" src=\"http:\/\/portalfloresnoar.com\/floresnoar\/wp-content\/uploads\/2020\/02\/retiro-carnaval-transcendental-1.jpg\" alt=\"\" width=\"601\" height=\"601\" srcset=\"https:\/\/portalfloresnoar.com\/floresnoar\/wp-content\/uploads\/2020\/02\/retiro-carnaval-transcendental-1.jpg 690w, https:\/\/portalfloresnoar.com\/floresnoar\/wp-content\/uploads\/2020\/02\/retiro-carnaval-transcendental-1-150x150.jpg 150w, https:\/\/portalfloresnoar.com\/floresnoar\/wp-content\/uploads\/2020\/02\/retiro-carnaval-transcendental-1-300x300.jpg 300w, https:\/\/portalfloresnoar.com\/floresnoar\/wp-content\/uploads\/2020\/02\/retiro-carnaval-transcendental-1-100x100.jpg 100w\" sizes=\"(max-width: 601px) 100vw, 601px\" \/><\/p>\n<p>Durante o Carnaval 2020, de 22 a 25 de fevereiro, acontece no<a href=\"http:\/\/www.jardimalforria.com.br\/\" target=\"_blank\" rel=\"noopener\"> Jardim Alforria<\/a> o retiro &#8216;Carnaval Transcendental&#8217;, uma proposta de mergulho do esp\u00edrito em conex\u00e3o com o corpo. Ser\u00e3o quatro dias de viv\u00eancias de autoconhecimento, autocuidado e bem-estar.<\/p>\n<p>PROGRAMA\u00c7\u00c3O<\/p>\n<ul>\n<li style=\"list-style-type: none;\">\n<ul>\n<li>Teatroterapia<\/li>\n<li>Renascimento<\/li>\n<li>Viv\u00eancia Sensorial com Tantra<\/li>\n<li>Sagrados Masculino e Feminino<\/li>\n<li>Medita\u00e7\u00f5es<\/li>\n<li>Caf\u00e9 da Manh\u00e3 Astrol\u00f3gico<\/li>\n<\/ul>\n<\/li>\n<\/ul>\n<p>Durante o retiro, tamb\u00e9m estar\u00e3o sendo oferecidos atendimentos individuais de Reiki, Massoterapia (Quick, Sensitive e T\u00e2ntrica &#8211; Yoni\/Lingam), Tar\u00f4 Terap\u00eautico, Ofur\u00f4 e Sauna.<\/p>\n<p><em>Obs.: Solicite a programa\u00e7\u00e3o completa atrav\u00e9s do fone\/zap:\u00a0(81) 99786.3256<\/em><\/p>\n<p><strong>INVESTIMENTO (Valores por pessoa)<\/strong><br \/>\nQuartos Triplos: R$ 804,00 a vista ou R$ 870,00 no cart\u00e3o<br \/>\nQuartos Duplos: R$ 966,00 a vista ou R$ 1.050,00 no cart\u00e3o<br \/>\nQuarto Individual: R$ 1.425,00 a vista ou R$ 1.545,00 no cart\u00e3o<\/p>\n<p><strong>LOCAL:<\/strong><br \/>\nJardim Aldorria &#8211; BR 101, Km 113, s\/n, Pedras de Fogo\/PB (<a href=\"http:\/\/www.jardimalforria.com.br\/\" target=\"_blank\" rel=\"noopener\">http:\/\/www.jardimalforria.com.br\/<\/a>)<\/p>\n<p><strong>INSCRI\u00c7\u00d5ES E MAIS INFORMA\u00c7\u00d5ES<\/strong><br \/>\n(81) 99146-9054<\/p>\n","protected":false},"excerpt":{"rendered":"<p>Durante o Carnaval 2020, de 22 a 25 de fevereiro, acontece no Jardim Alforria o retiro &#8216;Carnaval Transcendental&#8217;, uma proposta de mergulho do esp\u00edrito em conex\u00e3o com o corpo. Ser\u00e3o quatro dias de viv\u00eancias de autoconhecimento, autocuidado e bem-estar. PROGRAMA\u00c7\u00c3O Teatroterapia Renascimento Viv\u00eancia Sensorial com Tantra Sagrados Masculino e Feminino Medita\u00e7\u00f5es Caf\u00e9 da Manh\u00e3 Astrol\u00f3gico [&hellip;]<\/p>\n","protected":false},"author":1,"featured_media":37761,"comment_status":"open","ping_status":"open","sticky":false,"template":"","format":"standard","meta":{"om_disable_all_campaigns":false,"_monsterinsights_skip_tracking":false,"_monsterinsights_sitenote_active":false,"_monsterinsights_sitenote_note":"","_monsterinsights_sitenote_category":0,"footnotes":""},"categories":[8,216],"tags":[108,396],"acf":[],"publishpress_future_action":{"enabled":false,"date":"1969-12-31 21:00:00","action":"","terms":[],"taxonomy":"","browser_timezone_offset":0},"_links":{"self":[{"href":"https:\/\/portalfloresnoar.com\/floresnoar\/wp-json\/wp\/v2\/posts\/37759"}],"collection":[{"href":"https:\/\/portalfloresnoar.com\/floresnoar\/wp-json\/wp\/v2\/posts"}],"about":[{"href":"https:\/\/portalfloresnoar.com\/floresnoar\/wp-json\/wp\/v2\/types\/post"}],"author":[{"embeddable":true,"href":"https:\/\/portalfloresnoar.com\/floresnoar\/wp-json\/wp\/v2\/users\/1"}],"replies":[{"embeddable":true,"href":"https:\/\/portalfloresnoar.com\/floresnoar\/wp-json\/wp\/v2\/comments?post=37759"}],"version-history":[{"count":0,"href":"https:\/\/portalfloresnoar.com\/floresnoar\/wp-json\/wp\/v2\/posts\/37759\/revisions"}],"wp:featuredmedia":[{"embeddable":true,"href":"https:\/\/portalfloresnoar.com\/floresnoar\/wp-json\/wp\/v2\/media\/37761"}],"wp:attachment":[{"href":"https:\/\/portalfloresnoar.com\/floresnoar\/wp-json\/wp\/v2\/media?parent=37759"}],"wp:term":[{"taxonomy":"category","embeddable":true,"href":"https:\/\/portalfloresnoar.com\/floresnoar\/wp-json\/wp\/v2\/categories?post=37759"},{"taxonomy":"post_tag","embeddable":true,"href":"https:\/\/portalfloresnoar.com\/floresnoar\/wp-json\/wp\/v2\/tags?post=37759"}],"curies":[{"name":"wp","href":"https:\/\/api.w.org\/{rel}","templated":true}]}}