

{"id":37683,"date":"2019-10-06T19:54:40","date_gmt":"2019-10-06T22:54:40","guid":{"rendered":"http:\/\/portalfloresnoar.com\/floresnoar\/?p=37683"},"modified":"2020-02-22T21:55:20","modified_gmt":"2020-02-23T00:55:20","slug":"agenda-pe-retiro-de-carnaval-no-amotu-espaco-xamanico-de-23-a-262","status":"publish","type":"post","link":"https:\/\/portalfloresnoar.com\/floresnoar\/agenda-pe-retiro-de-carnaval-no-amotu-espaco-xamanico-de-23-a-262\/","title":{"rendered":"[AGENDA PE] Retiro de Carnaval no Amotu Espa\u00e7o Xam\u00e2nico, de 23 a 26\/2"},"content":{"rendered":"<p><img decoding=\"async\" loading=\"lazy\" class=\"aligncenter wp-image-37685\" src=\"http:\/\/portalfloresnoar.com\/floresnoar\/wp-content\/uploads\/2020\/02\/retiro-de-carnaval-xamanismo.jpg\" alt=\"\" width=\"600\" height=\"600\" srcset=\"https:\/\/portalfloresnoar.com\/floresnoar\/wp-content\/uploads\/2020\/02\/retiro-de-carnaval-xamanismo.jpg 690w, https:\/\/portalfloresnoar.com\/floresnoar\/wp-content\/uploads\/2020\/02\/retiro-de-carnaval-xamanismo-150x150.jpg 150w, https:\/\/portalfloresnoar.com\/floresnoar\/wp-content\/uploads\/2020\/02\/retiro-de-carnaval-xamanismo-300x300.jpg 300w, https:\/\/portalfloresnoar.com\/floresnoar\/wp-content\/uploads\/2020\/02\/retiro-de-carnaval-xamanismo-100x100.jpg 100w\" sizes=\"(max-width: 600px) 100vw, 600px\" \/><\/p>\n<p>O Amotu Espa\u00e7o Xam\u00e2nico realiza neste Carnaval um retiro de quatro dias, de 23 a 26 de fevereiro de 2020, na Praia de Pedra de Xar\u00e9u.<\/p>\n<p>&#8220;Ser\u00e3o quatro dias\u00a0de muita paz e harmonia, com aprendizados e trocas de experi\u00eancias. Teremos v\u00e1rias viv\u00eancias, Inicia\u00e7\u00e3o em Reiki 1 e 2 , oficinas de mandalas e filtro dos sonhos, reuni\u00e3o xam\u00e2nica com Medicinas da Floresta , medita\u00e7\u00e3o, yoga, roda de rap\u00e9, sess\u00e3o com Sananga, passeios, trilhas e lual&#8221;, informam os organizadores.<\/p>\n<p>Os interessados tamb\u00e9m poder\u00e3o se beneficiar com sess\u00f5es de Massagem Relaxante, Argiloterapia e Acupuntura Auricular, com a terapeuta hol\u00edstica Alexsandra Gomes.<\/p>\n<p>O espa\u00e7o disponibiliza\u00a0hostel com su\u00edtes coletivas com cama e red\u00e1rio, e alimenta\u00e7\u00e3o saud\u00e1vel inclusa no pacote.<\/p>\n<p>Valor:\u00a0 R$ 550,00 \u00e0 vista | R$ 600,00 dividido no cart\u00e3o em 3 vezes .<\/p>\n<p>Vagas: 15<\/p>\n<p><strong>INSCRI\u00c7\u00d5ES E MAIS INFORMA\u00c7\u00d5ES<\/strong><br \/>\nWhatsApp: (81) 98689.3736 (Xam\u00e3 Didiel)<\/p>\n","protected":false},"excerpt":{"rendered":"<p>O Amotu Espa\u00e7o Xam\u00e2nico realiza neste Carnaval um retiro de quatro dias, de 23 a 26 de fevereiro de 2020, na Praia de Pedra de Xar\u00e9u. &#8220;Ser\u00e3o quatro dias\u00a0de muita paz e harmonia, com aprendizados e trocas de experi\u00eancias. Teremos v\u00e1rias viv\u00eancias, Inicia\u00e7\u00e3o em Reiki 1 e 2 , oficinas de mandalas e filtro dos [&hellip;]<\/p>\n","protected":false},"author":1,"featured_media":37684,"comment_status":"open","ping_status":"open","sticky":false,"template":"","format":"standard","meta":{"om_disable_all_campaigns":false,"_monsterinsights_skip_tracking":false,"_monsterinsights_sitenote_active":false,"_monsterinsights_sitenote_note":"","_monsterinsights_sitenote_category":0,"footnotes":""},"categories":[8,214],"tags":[108,396,85],"acf":[],"publishpress_future_action":{"enabled":false,"date":"1969-12-31 21:00:00","action":"","terms":[],"taxonomy":"","browser_timezone_offset":0},"_links":{"self":[{"href":"https:\/\/portalfloresnoar.com\/floresnoar\/wp-json\/wp\/v2\/posts\/37683"}],"collection":[{"href":"https:\/\/portalfloresnoar.com\/floresnoar\/wp-json\/wp\/v2\/posts"}],"about":[{"href":"https:\/\/portalfloresnoar.com\/floresnoar\/wp-json\/wp\/v2\/types\/post"}],"author":[{"embeddable":true,"href":"https:\/\/portalfloresnoar.com\/floresnoar\/wp-json\/wp\/v2\/users\/1"}],"replies":[{"embeddable":true,"href":"https:\/\/portalfloresnoar.com\/floresnoar\/wp-json\/wp\/v2\/comments?post=37683"}],"version-history":[{"count":0,"href":"https:\/\/portalfloresnoar.com\/floresnoar\/wp-json\/wp\/v2\/posts\/37683\/revisions"}],"wp:featuredmedia":[{"embeddable":true,"href":"https:\/\/portalfloresnoar.com\/floresnoar\/wp-json\/wp\/v2\/media\/37684"}],"wp:attachment":[{"href":"https:\/\/portalfloresnoar.com\/floresnoar\/wp-json\/wp\/v2\/media?parent=37683"}],"wp:term":[{"taxonomy":"category","embeddable":true,"href":"https:\/\/portalfloresnoar.com\/floresnoar\/wp-json\/wp\/v2\/categories?post=37683"},{"taxonomy":"post_tag","embeddable":true,"href":"https:\/\/portalfloresnoar.com\/floresnoar\/wp-json\/wp\/v2\/tags?post=37683"}],"curies":[{"name":"wp","href":"https:\/\/api.w.org\/{rel}","templated":true}]}}