

{"id":37648,"date":"2020-01-01T12:10:14","date_gmt":"2020-01-01T15:10:14","guid":{"rendered":"http:\/\/portalfloresnoar.com\/floresnoar\/?p=37648"},"modified":"2020-03-21T18:28:27","modified_gmt":"2020-03-21T21:28:27","slug":"agenda-pe-retiro-consciencia-de-si-de-17-a-23-de-abril-com-oberom-em-aldeia","status":"publish","type":"post","link":"https:\/\/portalfloresnoar.com\/floresnoar\/agenda-pe-retiro-consciencia-de-si-de-17-a-23-de-abril-com-oberom-em-aldeia\/","title":{"rendered":"[AGENDA PE] Retiro Consci\u00eancia de Si, com Oberom, em Aldeia"},"content":{"rendered":"<p>CONFIRA TODAS AS INFORMA\u00c7\u00d5ES SOBRE O RETIRO NESTE LINK:<\/p>\n<blockquote class=\"wp-embedded-content\" data-secret=\"45hZO3wEht\"><p><a href=\"http:\/\/portalfloresnoar.com\/floresnoar\/agenda-pe-retiro-consciencia-de-si-com-oberom-de-317-a-68-em-aldeia\/\">[AGENDA PE] Retiro Consci\u00eancia de Si, com Oberom, de 31\/7 a 6\/8, em Aldeia<\/a><\/p><\/blockquote>\n<p><iframe class=\"wp-embedded-content\" sandbox=\"allow-scripts\" security=\"restricted\" style=\"position: absolute; clip: rect(1px, 1px, 1px, 1px);\" src=\"http:\/\/portalfloresnoar.com\/floresnoar\/agenda-pe-retiro-consciencia-de-si-com-oberom-de-317-a-68-em-aldeia\/embed\/#?secret=45hZO3wEht\" data-secret=\"45hZO3wEht\" width=\"500\" height=\"282\" title=\"&#8220;[AGENDA PE] Retiro Consci\u00eancia de Si, com Oberom, de 31\/7 a 6\/8, em Aldeia&#8221; &#8212; Flores no Ar\" frameborder=\"0\" marginwidth=\"0\" marginheight=\"0\" scrolling=\"no\"><\/iframe><\/p>\n","protected":false},"excerpt":{"rendered":"<p>CONFIRA TODAS AS INFORMA\u00c7\u00d5ES SOBRE O RETIRO NESTE LINK: [AGENDA PE] Retiro Consci\u00eancia de Si, com Oberom, de 31\/7 a 6\/8, em Aldeia<\/p>\n","protected":false},"author":1,"featured_media":37649,"comment_status":"open","ping_status":"open","sticky":false,"template":"","format":"standard","meta":{"om_disable_all_campaigns":false,"_monsterinsights_skip_tracking":false,"_monsterinsights_sitenote_active":false,"_monsterinsights_sitenote_note":"","_monsterinsights_sitenote_category":0,"footnotes":""},"categories":[8,214],"tags":[43,736,396,21],"acf":[],"publishpress_future_action":{"enabled":false,"date":"1969-12-31 21:00:00","action":"","terms":[],"taxonomy":"","browser_timezone_offset":0},"_links":{"self":[{"href":"https:\/\/portalfloresnoar.com\/floresnoar\/wp-json\/wp\/v2\/posts\/37648"}],"collection":[{"href":"https:\/\/portalfloresnoar.com\/floresnoar\/wp-json\/wp\/v2\/posts"}],"about":[{"href":"https:\/\/portalfloresnoar.com\/floresnoar\/wp-json\/wp\/v2\/types\/post"}],"author":[{"embeddable":true,"href":"https:\/\/portalfloresnoar.com\/floresnoar\/wp-json\/wp\/v2\/users\/1"}],"replies":[{"embeddable":true,"href":"https:\/\/portalfloresnoar.com\/floresnoar\/wp-json\/wp\/v2\/comments?post=37648"}],"version-history":[{"count":0,"href":"https:\/\/portalfloresnoar.com\/floresnoar\/wp-json\/wp\/v2\/posts\/37648\/revisions"}],"wp:featuredmedia":[{"embeddable":true,"href":"https:\/\/portalfloresnoar.com\/floresnoar\/wp-json\/wp\/v2\/media\/37649"}],"wp:attachment":[{"href":"https:\/\/portalfloresnoar.com\/floresnoar\/wp-json\/wp\/v2\/media?parent=37648"}],"wp:term":[{"taxonomy":"category","embeddable":true,"href":"https:\/\/portalfloresnoar.com\/floresnoar\/wp-json\/wp\/v2\/categories?post=37648"},{"taxonomy":"post_tag","embeddable":true,"href":"https:\/\/portalfloresnoar.com\/floresnoar\/wp-json\/wp\/v2\/tags?post=37648"}],"curies":[{"name":"wp","href":"https:\/\/api.w.org\/{rel}","templated":true}]}}