

{"id":37584,"date":"2019-10-17T20:13:06","date_gmt":"2019-10-17T23:13:06","guid":{"rendered":"http:\/\/portalfloresnoar.com\/floresnoar\/?p=37584"},"modified":"2020-02-03T10:46:51","modified_gmt":"2020-02-03T13:46:51","slug":"agenda-pe-vivencia-de-colagem-manual-e-florais-da-lua-dia-1-de-fevereiro-em-aldeia","status":"publish","type":"post","link":"https:\/\/portalfloresnoar.com\/floresnoar\/agenda-pe-vivencia-de-colagem-manual-e-florais-da-lua-dia-1-de-fevereiro-em-aldeia\/","title":{"rendered":"[AGENDA PE] Viv\u00eancia de Colagem Manual e Florais da Lua, dia 1 de fevereiro, em Aldeia"},"content":{"rendered":"<p><img decoding=\"async\" loading=\"lazy\" class=\"aligncenter wp-image-37582\" src=\"http:\/\/portalfloresnoar.com\/floresnoar\/wp-content\/uploads\/2020\/01\/card-2_vivencia-colagem-e-floraIs.jpg\" alt=\"\" width=\"631\" height=\"631\" srcset=\"https:\/\/portalfloresnoar.com\/floresnoar\/wp-content\/uploads\/2020\/01\/card-2_vivencia-colagem-e-floraIs.jpg 690w, https:\/\/portalfloresnoar.com\/floresnoar\/wp-content\/uploads\/2020\/01\/card-2_vivencia-colagem-e-floraIs-150x150.jpg 150w, https:\/\/portalfloresnoar.com\/floresnoar\/wp-content\/uploads\/2020\/01\/card-2_vivencia-colagem-e-floraIs-300x300.jpg 300w, https:\/\/portalfloresnoar.com\/floresnoar\/wp-content\/uploads\/2020\/01\/card-2_vivencia-colagem-e-floraIs-100x100.jpg 100w\" sizes=\"(max-width: 631px) 100vw, 631px\" \/><\/p>\n<p>A terapeuta Juliana Lins e a artista Karina Freitas realizam no dia 1 de fevereiro de 2020 a &#8216;Viv\u00eancia de Colagem Manual e Florais da Lua &#8211; Cantando Sobre Os Ossos&#8217;, uma jornada de autoconhecimento e conex\u00e3o com o feminino criador.<\/p>\n<p>&#8220;Ser\u00e1 um dia inteiro dedicado \u00e0 integra\u00e7\u00e3o da nossa energia criativa, apoiadas pela for\u00e7a da roda de mulheres, medita\u00e7\u00f5es e medicina dos florais da lua. Na oficina de colagem, criaremos uma imagem inspiradas no conto &#8216;La loba&#8217;, de Clarissa Pinkola Est\u00e9s&#8221;, explicam as facilitadoras.<\/p>\n<p>&#8220;La Loba canta sobre os ossos para recolher partes da alma perdida, \u2018\u2019os restos ps\u00edquicos do esp\u00edrito da Mulher Selvagem\u2019\u2019, canta para trazer a mulher \u00e0 forma vital. E, assim, cantaremos sobre os nossos ossos, mergulhando na nossa hist\u00f3ria pessoal e no trabalho art\u00edstico e intuitivo da colagem.&#8221;<\/p>\n<p>A viv\u00eancia ser\u00e1 realizada na ch\u00e1cara Estoril, no km 11,5, de Aldeia. &#8220;\u00c9 um lugar lindo, onde estaremos mais em contato com a natureza, conectadas com mata atl\u00e2ntica, a flora e fauna silvestre. Um ambiente seguro em que poderemos mergulhar nos nossos trabalhos de forma tranquila e silenciosa&#8221;.<\/p>\n<p>FACILITADORAS<br \/>\n<strong>Juliana Lins<\/strong><br \/>\n\u00c9 idealizadora da Suma\u00fama Terapias onde desenvolve o trabalho com Thetahealing, Reiki, Florais da Lua e Constela\u00e7\u00e3o Sist\u00eamica. Tamb\u00e9m facilita roda de mulheres, medita\u00e7\u00f5es e acredita que o autoconhecimento \u00e9 um dos caminhos para transforma\u00e7\u00e3o coletiva. Instagram @suma\u00famaterapias<\/p>\n<p><strong>Karina Freitas<\/strong><br \/>\n\u00c9 designer e ilustradora, desde 2009 vem experimentado a colagem como express\u00e3o art\u00edstica. Cria a partir de um processo muito intuitivo. &#8220;Del\u00edrios Gr\u00e1ficos&#8221; \u00e9 como tem chamado o seu trabalho com a t\u00e9cnica e nele trata da necessidade de sentir livre, se lan\u00e7ar e desfazer certezas, procurar caminhos desconhecidos. &#8220;Qualquer caminho que tenha cora\u00e7\u00e3o&#8221;.<\/p>\n<p>SERVI\u00c7O<br \/>\n<strong>Data:\u00a0<\/strong> 01\/02\/2020<br \/>\n<strong>Hor\u00e1rio:<\/strong> 9h \u00e0s 19h<br \/>\n<strong>Local:<\/strong> Ch\u00e1cara Estoril, km 11,5 da Estrada de Aldeia, Camaragibe-PE.<br \/>\n<strong>Valor:<\/strong> R$ 170<\/p>\n<p><strong><em>Obs.:<\/em><\/strong><br \/>\n<em> *As vagas s\u00e3o limitadas e as inscri\u00e7\u00f5es podem ser realizadas at\u00e9 o dia 28.01.<\/em><br \/>\n<em> *No valor da inscri\u00e7\u00e3o est\u00e1 incluso um delicioso almo\u00e7o vegano feito pela @tatcozinha<\/em><br \/>\n<em> *O local da viv\u00eancia \u00e9 de super f\u00e1cil acesso, organizaremos um grupo de caronas solid\u00e1rias para facilitar o transporte.<\/em><\/p>\n<p><strong>INSCRI\u00c7\u00c3O E MAIS INFORMA\u00c7\u00d5ES:<\/strong> <a href=\"https:\/\/forms.gle\/rypMKREEQ4nvfEuA9\" target=\"_blank\" rel=\"noopener\">https:\/\/forms.gle\/rypMKREEQ4nvfEuA9<\/a><\/p>\n<p><strong>CONTATOS<\/strong><br \/>\n99652.6448 (Karina) | 98562.5808 (juliana)<\/p>\n","protected":false},"excerpt":{"rendered":"<p>A terapeuta Juliana Lins e a artista Karina Freitas realizam no dia 1 de fevereiro de 2020 a &#8216;Viv\u00eancia de Colagem Manual e Florais da Lua &#8211; Cantando Sobre Os Ossos&#8217;, uma jornada de autoconhecimento e conex\u00e3o com o feminino criador. &#8220;Ser\u00e1 um dia inteiro dedicado \u00e0 integra\u00e7\u00e3o da nossa energia criativa, apoiadas pela for\u00e7a [&hellip;]<\/p>\n","protected":false},"author":1,"featured_media":37581,"comment_status":"open","ping_status":"open","sticky":false,"template":"","format":"standard","meta":{"om_disable_all_campaigns":false,"_monsterinsights_skip_tracking":false,"_monsterinsights_sitenote_active":false,"_monsterinsights_sitenote_note":"","_monsterinsights_sitenote_category":0,"footnotes":""},"categories":[8,214],"tags":[44,822,844,22,238,435,304],"acf":[],"publishpress_future_action":{"enabled":false,"date":"1969-12-31 21:00:00","action":"","terms":[],"taxonomy":"","browser_timezone_offset":0},"_links":{"self":[{"href":"https:\/\/portalfloresnoar.com\/floresnoar\/wp-json\/wp\/v2\/posts\/37584"}],"collection":[{"href":"https:\/\/portalfloresnoar.com\/floresnoar\/wp-json\/wp\/v2\/posts"}],"about":[{"href":"https:\/\/portalfloresnoar.com\/floresnoar\/wp-json\/wp\/v2\/types\/post"}],"author":[{"embeddable":true,"href":"https:\/\/portalfloresnoar.com\/floresnoar\/wp-json\/wp\/v2\/users\/1"}],"replies":[{"embeddable":true,"href":"https:\/\/portalfloresnoar.com\/floresnoar\/wp-json\/wp\/v2\/comments?post=37584"}],"version-history":[{"count":0,"href":"https:\/\/portalfloresnoar.com\/floresnoar\/wp-json\/wp\/v2\/posts\/37584\/revisions"}],"wp:featuredmedia":[{"embeddable":true,"href":"https:\/\/portalfloresnoar.com\/floresnoar\/wp-json\/wp\/v2\/media\/37581"}],"wp:attachment":[{"href":"https:\/\/portalfloresnoar.com\/floresnoar\/wp-json\/wp\/v2\/media?parent=37584"}],"wp:term":[{"taxonomy":"category","embeddable":true,"href":"https:\/\/portalfloresnoar.com\/floresnoar\/wp-json\/wp\/v2\/categories?post=37584"},{"taxonomy":"post_tag","embeddable":true,"href":"https:\/\/portalfloresnoar.com\/floresnoar\/wp-json\/wp\/v2\/tags?post=37584"}],"curies":[{"name":"wp","href":"https:\/\/api.w.org\/{rel}","templated":true}]}}