

{"id":37554,"date":"2020-01-16T18:59:04","date_gmt":"2020-01-16T21:59:04","guid":{"rendered":"http:\/\/portalfloresnoar.com\/floresnoar\/?p=37554"},"modified":"2020-01-16T19:13:58","modified_gmt":"2020-01-16T22:13:58","slug":"agenda-pe-quintal-sabia-oferece-contraturno-para-criancas-de-4-a-10-anos-no-recife","status":"publish","type":"post","link":"https:\/\/portalfloresnoar.com\/floresnoar\/agenda-pe-quintal-sabia-oferece-contraturno-para-criancas-de-4-a-10-anos-no-recife\/","title":{"rendered":"[AGENDA PE] Quintal Sabi\u00e1 oferece contraturno para crian\u00e7as de 4 a 10 anos no Recife"},"content":{"rendered":"<p><img decoding=\"async\" loading=\"lazy\" class=\"aligncenter wp-image-37555\" src=\"http:\/\/portalfloresnoar.com\/floresnoar\/wp-content\/uploads\/2020\/01\/quintal-sabi\u00e1.jpg\" alt=\"\" width=\"630\" height=\"787\" srcset=\"https:\/\/portalfloresnoar.com\/floresnoar\/wp-content\/uploads\/2020\/01\/quintal-sabi\u00e1.jpg 720w, https:\/\/portalfloresnoar.com\/floresnoar\/wp-content\/uploads\/2020\/01\/quintal-sabi\u00e1-240x300.jpg 240w, https:\/\/portalfloresnoar.com\/floresnoar\/wp-content\/uploads\/2020\/01\/quintal-sabi\u00e1-560x700.jpg 560w\" sizes=\"(max-width: 630px) 100vw, 630px\" \/><\/p>\n<p>A Maumau inicia no dia 3 de fevereiro de 2020 o projeto &#8216;Quintal Sabi\u00e1&#8217;, um contraturno voltado para crian\u00e7as de 4 a 10 anos, localizado no bairro do Espinheiro, no Recife.<\/p>\n<p>A Maumau desde o inicio, em 2009, tem propostas voltadas para crian\u00e7as, como o projeto Tardes de Quintal, uma col\u00f4nia de f\u00e9rias com oficinas de arte. H\u00e1 alguns anos acontece tamb\u00e9m, regularmente toda sexta, o Tangolomango, curso de teatro, com a are-educadora Gabi Cabral. Assim, esse quintal repleto de experi\u00eancias, sentidos e frui\u00e7\u00e3o art\u00edstica est\u00e1 chegando para ampliar as possibilidades de intera\u00e7\u00f5es e conhecimentos na inf\u00e2ncia.<\/p>\n<p>O Quintal Sabi\u00e1 traz uma proposta de contraturno de segunda a sexta para crian\u00e7as de 04 \u00e0 10 anos e tem como principal objetivo resgatar uma &#8216;inf\u00e2ncia de quintal&#8217; aliada \u00e0 inten\u00e7\u00e3o de promover a express\u00e3o e aprendizado atrav\u00e9s das mais diversas linguagens art\u00edsticas.<\/p>\n<p>Num ambiente que estimula a liberdade, sem abrir m\u00e3o do cuidado, o p\u00fablico infantil ser\u00e1 contemplado com um espa\u00e7o integrado \u00e0 natureza, repleto de artes como: imagens, pinturas, conta\u00e7\u00e3o de hist\u00f3rias, dan\u00e7a, teatro e musicalidade.<\/p>\n<p>&#8220;A cada dia da semana desenvolveremos um eixo art\u00edstico com base no conviver, brincar e explorar de forma colaborativa, dando voz \u00e0 crian\u00e7a e ao seu pensamento singular. Contamos com uma equipe de arte-educadorxs e pesquisadorxs interessadxs em desenvolver uma pedagogia baseada na ess\u00eancia infantil, desenvolvendo campos de aprendizagem com base no corpo, pensamento e imagina\u00e7\u00e3o&#8221;, explica Irma Brown, gestora da Maumau e uma das educadoras.<\/p>\n<p>EQUIPE<br \/>\n<strong>Bia Lima<\/strong><br \/>\nEducadora graduada em Licenciatura em Artes Visuais pela UFPE, realiza<br \/>\npesquisas acerca do brincar e da rela\u00e7\u00e3o da arte na inf\u00e2ncia em espa\u00e7os urbanos e<br \/>\nnaturais. Atua como arte educadora em espa\u00e7os formais e n\u00e3o formais e desde 2011 iniciou<br \/>\nsua trajet\u00f3ria por escolas, museus e espa\u00e7os expositivos como o Museu de Arte Moderna<br \/>\nAlo\u00edsio Magalh\u00e3es (MAMAM), Funda\u00e7\u00e3o Joaquim Nabuco (FUNDAJ), Casa das Asas,<br \/>\nEscola Mater Christi, Escola Encontro, Col\u00e9gio Equipe, Projeto Brinqueducar (Prefeitura do<br \/>\nRecife) entre outros. Em 2019 fundou o projeto VARAL junto com Camila Storck no qual tem<br \/>\ncomo pilar o respeito \u00e0 pot\u00eancia dos processos art\u00edsticos de cada ser e na valoriza\u00e7\u00e3o da<br \/>\ninf\u00e2ncia plena.<\/p>\n<p><strong>Gabi Cabral<\/strong><br \/>\nLicenciada em Educa\u00e7\u00e3o Art\u00edstica Artes C\u00eanicas pela Universidade Federal de Pernambuco (2006) especializa\u00e7\u00e3o em Arteterapia (2007\/2009).<br \/>\nMais de quinze anos de atua\u00e7\u00e3o na \u00e1rea teatral na cidade, onde vivenciou diversas produ\u00e7\u00f5es culturais como atriz, performer e encenadora.<br \/>\nFormadora de professores na Educa\u00e7\u00e3o Infantil\/ Ensino Fundamental e EJA, na \u00e1rea de teatro educa\u00e7\u00e3o, pela Prefeitura do Recife\/Governo do Estado\/PE.<br \/>\nProfessora de Escolinha de Teatro em escolas particulares da RMR.<br \/>\nProfessora de express\u00e3o corporal e teatro em ONGS.<br \/>\nAtriz performer<br \/>\nArte terapeuta formada pela institui\u00e7\u00e3o POMAR\/RJ, experi\u00eancia com jovens do grupo social \u00c1RIA e Galeria Peligro.<\/p>\n<p><strong>Gabriela Holanda<\/strong><br \/>\n\u00c9 dan\u00e7arina, performer, atriz, figurinista e arte-educadora. Mestre (UFBA, 2019) e licenciada (UFPE, 2014) em Artes C\u00eanicas, tem fluido pela improvisa\u00e7\u00e3o c\u00eanica, composi\u00e7\u00e3o em dan\u00e7a contempor\u00e2nea, performance, educa\u00e7\u00e3o som\u00e1tica e ecologia. Arte-educadora desde 2014, \u00e9 professora de teatro, dan\u00e7a e express\u00e3o corporal, em escolas regular e ONGs, ensinando para diversos p\u00fablicos, em especial, crian\u00e7as de 4 a 12 anos e com foco em sa\u00fade mental. \u00c9 professora na Escola Encontro e Adepe e foi arte-educadora no Ethos e Col\u00e9gio Motivo. Gabriela \u00e9 criadora do projeto Sopro d\u2019\u00c1gua, o qual entrela\u00e7a dan\u00e7a, performance, fotografia e ecologia, assim como diversos modos de compor em dan\u00e7a, num mesmo processo criativo. Foi integrante do Grupo Totem (2011-17) e do Improvisat\u00f3rio PE-PB (2014-15). Desde 2012 \u00e9 figurinista em cria\u00e7\u00f5es de dan\u00e7a, teatro e cinema.<\/p>\n<p><strong>\u00c9rica Maria<\/strong><br \/>\n\u00c9 graduada em Licenciatura em Artes Visuais pela UFPE. \u00c9 fot\u00f3grafa pelo senac. Tem pesquisa sobre arte urbana e criou a marca Maitri. J\u00e1 atuou em Galerias de Arte, Museus e na educa\u00e7\u00e3o formal do infantil ao fundamental 2.<\/p>\n<p><strong>Juan Eduardo Saucedo<\/strong><br \/>\nAutodidata e pesquisador da dan\u00e7a h\u00e1 mais de uma d\u00e9cada. Est\u00e1 em processo de forma\u00e7\u00e3o em Movimento aut\u00eantico. \u00c9 malabarista e terapeuta hol\u00edstico energ\u00e9tico. J\u00e1 frequentou diversos cursos e oficinas de circo, teatro e dan\u00e7a. Atua em grupos de dan\u00e7a e performance. \u00c9 artes\u00e3o de brinquedos populares e pai de tr\u00eas crian\u00e7as.<\/p>\n<p><strong>Irma Brown<\/strong><br \/>\nGraduada em Licenciatura em Artes C\u00eanicas pela UFPE, \u00e9 artista de tr\u00e2nsito livre. Seu trabalho se funde em diversas linguagens, como performance, v\u00eddeo, fotografia e poesia. Trabalha tamb\u00e9m com serigrafia e gravura. N\u00e3o por coincid\u00eancia, \u00e9 gestora e fundadora da Galeria Maumau, onde mora e coordena atividades de artes e educa\u00e7\u00e3o desde 2009.<\/p>\n<p>SERVI\u00c7O<br \/>\n<strong>Contraturno Quintal Sabi\u00e1<\/strong><br \/>\n<strong>Inicio das aulas:<\/strong> 3 de fevereiro<br \/>\n<strong>Hor\u00e1rio:<\/strong> 13h30 \u00e0s 17h30<br \/>\n<strong>Local:<\/strong> Rua Nicar\u00e1gua, 173, Espinheiro, Recife\/PE<br \/>\n<strong>Faixa et\u00e1ria:<\/strong> 04 a 10 anos<br \/>\n<strong>Mensalidade:<\/strong> R$ 540,00<br \/>\n<strong>Matr\u00edcula:<\/strong> R$ 100,00<\/p>\n<p><strong>MAIS INFORMA\u00c7\u00d5ES<\/strong><br \/>\nIrma Brown (81) 98661-7559<br \/>\nGabi Cabral: (81) 99882-8630<\/p>\n","protected":false},"excerpt":{"rendered":"<p>A Maumau inicia no dia 3 de fevereiro de 2020 o projeto &#8216;Quintal Sabi\u00e1&#8217;, um contraturno voltado para crian\u00e7as de 4 a 10 anos, localizado no bairro do Espinheiro, no Recife. A Maumau desde o inicio, em 2009, tem propostas voltadas para crian\u00e7as, como o projeto Tardes de Quintal, uma col\u00f4nia de f\u00e9rias com oficinas [&hellip;]<\/p>\n","protected":false},"author":1,"featured_media":0,"comment_status":"open","ping_status":"open","sticky":false,"template":"","format":"standard","meta":{"om_disable_all_campaigns":false,"_monsterinsights_skip_tracking":false,"_monsterinsights_sitenote_active":false,"_monsterinsights_sitenote_note":"","_monsterinsights_sitenote_category":0,"footnotes":""},"categories":[8,224,214],"tags":[223,83,901,138,828],"acf":[],"publishpress_future_action":{"enabled":false,"date":"1969-12-31 21:00:00","action":"","terms":[],"taxonomy":"","browser_timezone_offset":0},"_links":{"self":[{"href":"https:\/\/portalfloresnoar.com\/floresnoar\/wp-json\/wp\/v2\/posts\/37554"}],"collection":[{"href":"https:\/\/portalfloresnoar.com\/floresnoar\/wp-json\/wp\/v2\/posts"}],"about":[{"href":"https:\/\/portalfloresnoar.com\/floresnoar\/wp-json\/wp\/v2\/types\/post"}],"author":[{"embeddable":true,"href":"https:\/\/portalfloresnoar.com\/floresnoar\/wp-json\/wp\/v2\/users\/1"}],"replies":[{"embeddable":true,"href":"https:\/\/portalfloresnoar.com\/floresnoar\/wp-json\/wp\/v2\/comments?post=37554"}],"version-history":[{"count":0,"href":"https:\/\/portalfloresnoar.com\/floresnoar\/wp-json\/wp\/v2\/posts\/37554\/revisions"}],"wp:attachment":[{"href":"https:\/\/portalfloresnoar.com\/floresnoar\/wp-json\/wp\/v2\/media?parent=37554"}],"wp:term":[{"taxonomy":"category","embeddable":true,"href":"https:\/\/portalfloresnoar.com\/floresnoar\/wp-json\/wp\/v2\/categories?post=37554"},{"taxonomy":"post_tag","embeddable":true,"href":"https:\/\/portalfloresnoar.com\/floresnoar\/wp-json\/wp\/v2\/tags?post=37554"}],"curies":[{"name":"wp","href":"https:\/\/api.w.org\/{rel}","templated":true}]}}