

{"id":37521,"date":"2019-09-10T07:42:45","date_gmt":"2019-09-10T10:42:45","guid":{"rendered":"http:\/\/portalfloresnoar.com\/floresnoar\/?p=37521"},"modified":"2020-01-25T18:49:41","modified_gmt":"2020-01-25T21:49:41","slug":"agenda-pe-formacao-em-terapia-holistica-em-janeiro-no-recife","status":"publish","type":"post","link":"https:\/\/portalfloresnoar.com\/floresnoar\/agenda-pe-formacao-em-terapia-holistica-em-janeiro-no-recife\/","title":{"rendered":"[AGENDA PE] Forma\u00e7\u00e3o em Terapia Hol\u00edstica, em janeiro, no Recife"},"content":{"rendered":"<p><img decoding=\"async\" loading=\"lazy\" class=\"aligncenter wp-image-37522 size-large\" src=\"http:\/\/portalfloresnoar.com\/floresnoar\/wp-content\/uploads\/2020\/01\/formacao-terapeuta-holistico-recife-583x700.jpg\" alt=\"\" width=\"583\" height=\"700\" srcset=\"https:\/\/portalfloresnoar.com\/floresnoar\/wp-content\/uploads\/2020\/01\/formacao-terapeuta-holistico-recife-583x700.jpg 583w, https:\/\/portalfloresnoar.com\/floresnoar\/wp-content\/uploads\/2020\/01\/formacao-terapeuta-holistico-recife-250x300.jpg 250w, https:\/\/portalfloresnoar.com\/floresnoar\/wp-content\/uploads\/2020\/01\/formacao-terapeuta-holistico-recife.jpg 690w\" sizes=\"(max-width: 583px) 100vw, 583px\" \/><\/p>\n<p>A Vida Encantada Eventos Evolutivos promove, de 11 a 26 de janeiro de 2020, no Recife, o curso de Forma\u00e7\u00e3o em Terapia Hol\u00edstica, com o terapeuta Marco Sanchez.<\/p>\n<p>O curso completo tem carga hor\u00e1ria de 81h\/aula, contando com cinco disciplinas em nove m\u00f3dulos de 9h cada: Auriculoterapia, Iridologia, Florais de Bach, Cromoterapia e Moxabust\u00e3o. \u00c9 poss\u00edvel participar do curso completo ou de disciplinas isoladas.<\/p>\n<p>As disciplinas tratam do diagn\u00f3stico e tratamento de desequil\u00edbrios energ\u00e9ticos que, com o decorrer do tempo, acabam se convertendo em sintomas. Esses desequil\u00edbrios podem levar ao mau funcionamento dos \u00f3rg\u00e3os e partes do corpo, o que se costuma denominar de doen\u00e7as. Para a vis\u00e3o hol\u00edstica, n\u00e3o existem doen\u00e7as e sim desequil\u00edbrios energ\u00e9ticos. S\u00e3o as terapias vitalistas que cuidam de reequilibrar o dinamismo energ\u00e9tico e prevenir o seu desequil\u00edbrio.<\/p>\n<p>FACILITADOR<br \/>\nDesde 1994 at\u00e9 os dias atuais, Marco Sanchez trabalha como terapeuta hol\u00edstico, facilitador de Workshops e professor em 14 Estados do Brasil, e tamb\u00e9m M\u00e9xico, Argentina, Chile, Uruguai, Espanha e Portugal.<\/p>\n<p>De 1997 a 2003, fundou e dirigiu a escola e cl\u00ednica de terapia Corpo M\u00e3os e Luz, em Aracaju, trabalhando como professor (lecionando T\u00e9cnicas de Massagem Shiatsu, Zen Shiatsu e Quiropraxia, de Kirliangrafia, Iridologia, Florais de Bach, Moxabust\u00e3o, Auriculoterapia, Cromoterapia, Yoga, Aromaterapia, supervis\u00e3o de est\u00e1gio e atuou como terapeuta hol\u00edstico.<\/p>\n<p>De 2003 a 2011, foi nomeado coordenador geral da Oneness University no Brasil, formando grupos para realizar cursos na \u00cdndia. Desde 2016 vem ministrando cursos de terapia hol\u00edstica como, Iridologia, Auriculoterapia, Florais de Bach, Cromoterapia, Massagens, reflexoterapia e moxabust\u00e3o. Al\u00e9m de dirigir o Workshop O chamado da Paz. Em 2019 lan\u00e7a o livro de sua autoria. O Chamado da Paz \u2013 Consci\u00eancia Qu\u00e2ntica para o despertar.<\/p>\n<p><strong>Forma\u00e7\u00e3o profissional<\/strong><br \/>\nT\u00e9cnico em Massoterapia e acupuntura formado pela Escola Oriental de Massagem e Acupuntura EOMA. (de 1993 a 1995 certificado reconhecido pelo MEC). Instrutor da Oneness University Brasil, formado (de 2000 a 2011) na \u00cdndia nos cursos: Deepening das 10 yogas e medita\u00e7\u00f5es; Oneness Trainers Course; Oneness Courselevel 1 and 2; Oneness Course 21 days; Oneness Course 10 days; Oneness Mukti Diksha.<\/p>\n<p><strong>Outros cursos:<\/strong><br \/>\n&#8211; Do-in: Juracy Can\u00e7ado (autor de v\u00e1rios livros Brasil e USA) \u2013 SP 1993<br \/>\n&#8211; Florais de Bach: Carmem Monari (Instituto Bach C Inglaterra Brasil); &#8211; Campinas. 1994.<br \/>\n&#8211; Auriculoterapia: C\u00e9lio Pasqua (Disc\u00edpulo de Nogier). SP, 1994.<br \/>\n&#8211; Cromoterapia: Valcapeli (Autor de v\u00e1rios livros no assunto) \u2013 SP, 1994.<br \/>\n&#8211; Reiki: Clotilde Baseto (Instituto Internacional de Reiki) &#8211; SP. 1995.<br \/>\n&#8211; Iridologia: Regina Valverde (disc\u00edpula de DenniJhonson.) \u2013 SP e Aracaju, 1996.<br \/>\n&#8211; A Arte de Viver em Paz: Pierre Weil (Reitor da Unipaz) &#8211; Salvador. 1998.<br \/>\n&#8211; Cura Qu\u00e2ntica; F\u00edsico Nuclear Indiano SwamiAmit &#8211; Aracaju. 1999.<br \/>\n&#8211; Yoga Os 10 Yogas; EyleenYatraExpedition e monges da Oneness University; Argentina, Chile e \u00cdndia. 2003 a 2011.<br \/>\n&#8211; T\u00e9cnica do Temazcal (sauna sagrada de origem Asteca) YatraExpedition &#8211; Ricardo Bravo e Xam\u00e3 Lalo. M\u00e9xico e Chile (2002 a 2006)<br \/>\n&#8211; Sensorama (pr\u00e1tica de est\u00edmulos sensoriais): Mestre Jorge Delfin criador da t\u00e9cnica. M\u00e9xico, Chile e Argentina (2003\/2004)<\/p>\n<p><strong>INSCRI\u00c7\u00d5ES E MAIS INFORMA\u00c7\u00d5ES, NOS LINKS ABAIXO:<\/strong><\/p>\n<p><strong>Forma\u00e7\u00e3o completa (Todos os Cursos e M\u00f3dulos)<\/strong><br \/>\n<a href=\"https:\/\/www.sympla.com.br\/formacao-em-terapeuta-holistico---recife---marco-sanchez__731202\" target=\"_blank\" rel=\"noopener\">https:\/\/www.sympla.com.br\/formacao-em-terapeuta-holistico&#8212;recife&#8212;marco-sanchez__731202<\/a><\/p>\n<p><strong>Curso de Iridologia<\/strong><br \/>\n<a href=\"https:\/\/www.sympla.com.br\/curso-de-iridologia--2-modulos---marco-sanchez__757240\" target=\"_blank\" rel=\"noopener\">https:\/\/www.sympla.com.br\/curso-de-iridologia&#8211;2-modulos&#8212;marco-sanchez__757240<\/a><\/p>\n<p><strong>Curso Moxabust\u00e3o<\/strong><br \/>\n<a href=\"https:\/\/www.sympla.com.br\/curso-moxabustao---marco-sanchez---recife__730826\" target=\"_blank\" rel=\"noopener\">https:\/\/www.sympla.com.br\/curso-moxabustao&#8212;marco-sanchez&#8212;recife__730826<\/a><\/p>\n<p><strong>Curso Florais de Bach<\/strong><br \/>\n<a href=\"https:\/\/www.sympla.com.br\/florais-de-bach---marco-sanchez---recife__731232\" target=\"_blank\" rel=\"noopener\">https:\/\/www.sympla.com.br\/florais-de-bach&#8212;marco-sanchez&#8212;recife__731232<\/a><\/p>\n<p><strong>Curso de Auriculoterapia<\/strong><br \/>\n<a href=\"https:\/\/www.sympla.com.br\/auriculoterapia---curso----recife--i-ii-e-iii__730681\" target=\"_blank\" rel=\"noopener\">https:\/\/www.sympla.com.br\/auriculoterapia&#8212;curso&#8212;-recife&#8211;i-ii-e-iii__730681<\/a><\/p>\n<p><strong>Curso de Cromoterapia<\/strong><br \/>\n<a href=\"https:\/\/www.sympla.com.br\/curso-cromaterapia---marco-sanchez---recife__730809\" target=\"_blank\" rel=\"noopener\">https:\/\/www.sympla.com.br\/curso-cromaterapia&#8212;marco-sanchez&#8212;recife__730809<\/a><\/p>\n<p><strong>LOCAL:<\/strong> Vida Encantada Eventos Evolutivos &#8211; Av. Conselheiro Rosa e Silva, 670, Sala 201 &#8211; Empresarial C\u00f3rdoba.<\/p>\n<p><strong>Mais informa\u00e7\u00f5es, entrar em contato via WhatsApp:<\/strong> (81) 99819.7003<\/p>\n<p><img decoding=\"async\" loading=\"lazy\" class=\"aligncenter wp-image-37524 size-large\" src=\"http:\/\/portalfloresnoar.com\/floresnoar\/wp-content\/uploads\/2020\/01\/terapeuta-holistico-583x700.jpg\" alt=\"\" width=\"583\" height=\"700\" srcset=\"https:\/\/portalfloresnoar.com\/floresnoar\/wp-content\/uploads\/2020\/01\/terapeuta-holistico-583x700.jpg 583w, https:\/\/portalfloresnoar.com\/floresnoar\/wp-content\/uploads\/2020\/01\/terapeuta-holistico-250x300.jpg 250w, https:\/\/portalfloresnoar.com\/floresnoar\/wp-content\/uploads\/2020\/01\/terapeuta-holistico.jpg 690w\" sizes=\"(max-width: 583px) 100vw, 583px\" \/><\/p>\n","protected":false},"excerpt":{"rendered":"<p>A Vida Encantada Eventos Evolutivos promove, de 11 a 26 de janeiro de 2020, no Recife, o curso de Forma\u00e7\u00e3o em Terapia Hol\u00edstica, com o terapeuta Marco Sanchez. O curso completo tem carga hor\u00e1ria de 81h\/aula, contando com cinco disciplinas em nove m\u00f3dulos de 9h cada: Auriculoterapia, Iridologia, Florais de Bach, Cromoterapia e Moxabust\u00e3o. \u00c9 [&hellip;]<\/p>\n","protected":false},"author":1,"featured_media":37523,"comment_status":"open","ping_status":"open","sticky":false,"template":"","format":"standard","meta":{"om_disable_all_campaigns":false,"_monsterinsights_skip_tracking":false,"_monsterinsights_sitenote_active":false,"_monsterinsights_sitenote_note":"","_monsterinsights_sitenote_category":0,"footnotes":""},"categories":[8,214],"tags":[644,135,167,648,858,899,127],"acf":[],"publishpress_future_action":{"enabled":false,"date":"1969-12-31 21:00:00","action":"","terms":[],"taxonomy":"","browser_timezone_offset":0},"_links":{"self":[{"href":"https:\/\/portalfloresnoar.com\/floresnoar\/wp-json\/wp\/v2\/posts\/37521"}],"collection":[{"href":"https:\/\/portalfloresnoar.com\/floresnoar\/wp-json\/wp\/v2\/posts"}],"about":[{"href":"https:\/\/portalfloresnoar.com\/floresnoar\/wp-json\/wp\/v2\/types\/post"}],"author":[{"embeddable":true,"href":"https:\/\/portalfloresnoar.com\/floresnoar\/wp-json\/wp\/v2\/users\/1"}],"replies":[{"embeddable":true,"href":"https:\/\/portalfloresnoar.com\/floresnoar\/wp-json\/wp\/v2\/comments?post=37521"}],"version-history":[{"count":0,"href":"https:\/\/portalfloresnoar.com\/floresnoar\/wp-json\/wp\/v2\/posts\/37521\/revisions"}],"wp:featuredmedia":[{"embeddable":true,"href":"https:\/\/portalfloresnoar.com\/floresnoar\/wp-json\/wp\/v2\/media\/37523"}],"wp:attachment":[{"href":"https:\/\/portalfloresnoar.com\/floresnoar\/wp-json\/wp\/v2\/media?parent=37521"}],"wp:term":[{"taxonomy":"category","embeddable":true,"href":"https:\/\/portalfloresnoar.com\/floresnoar\/wp-json\/wp\/v2\/categories?post=37521"},{"taxonomy":"post_tag","embeddable":true,"href":"https:\/\/portalfloresnoar.com\/floresnoar\/wp-json\/wp\/v2\/tags?post=37521"}],"curies":[{"name":"wp","href":"https:\/\/api.w.org\/{rel}","templated":true}]}}