

{"id":37500,"date":"2019-09-06T18:20:11","date_gmt":"2019-09-06T21:20:11","guid":{"rendered":"http:\/\/portalfloresnoar.com\/floresnoar\/?p=37500"},"modified":"2020-02-14T10:23:27","modified_gmt":"2020-02-14T13:23:27","slug":"agenda-pe-curso-de-reflexologia-podal-dia-152-no-recife","status":"publish","type":"post","link":"https:\/\/portalfloresnoar.com\/floresnoar\/agenda-pe-curso-de-reflexologia-podal-dia-152-no-recife\/","title":{"rendered":"[AGENDA PE] Curso de Reflexologia Podal no Recife"},"content":{"rendered":"<p><img decoding=\"async\" loading=\"lazy\" class=\"aligncenter wp-image-36328\" src=\"http:\/\/portalfloresnoar.com\/floresnoar\/wp-content\/uploads\/2019\/07\/curso-reflexologia-podal-recife.jpg\" alt=\"\" width=\"570\" height=\"346\" srcset=\"https:\/\/portalfloresnoar.com\/floresnoar\/wp-content\/uploads\/2019\/07\/curso-reflexologia-podal-recife.jpg 700w, https:\/\/portalfloresnoar.com\/floresnoar\/wp-content\/uploads\/2019\/07\/curso-reflexologia-podal-recife-300x182.jpg 300w\" sizes=\"(max-width: 570px) 100vw, 570px\" \/><\/p>\n<p>O terapeuta Hol\u00edstico Jos\u00e9 Ham\u00edlton de Souza facilita no 21 de mar\u00e7o de 2020, no Recife, o Curso de Reflexologia Podal. A reflexologia baseia-se no principio de que existem \u00e1reas, ou pontos reflexos nos p\u00e9s e nas m\u00e3os, que correspondem a cada \u00f3rg\u00e3o, gl\u00e2ndula e estrutura no corpo. Ao trabalhar nesses reflexos, se reduz a tens\u00e3o em todo o corpo.<\/p>\n<p>A Reflexologia Podal \u00e9 uma terapia complementar com fundamento de anatomia e fisiologia humana que previne e trata os dist\u00farbios org\u00e2nicos e desequil\u00edbrio emocional atrav\u00e9s de est\u00edmulos por press\u00f5es em pontos espec\u00edficos de termina\u00e7\u00f5es nervosas em \u00e1reas, pontos e regi\u00f5es dos p\u00e9s.<\/p>\n<p>\u201cO tratamento s\u00f3 ter\u00e1 resultado satisfat\u00f3rio, se o paciente estiver consciente de sua participa\u00e7\u00e3o e colabora\u00e7\u00e3o.<br \/>\nDevemos trabalhar as condi\u00e7\u00f5es de desequil\u00edbrio. No caso de doen\u00e7as especificas, podemos trabalhar a partir de diagn\u00f3stico m\u00e9dico. Qualquer dist\u00farbio apresentado pelo paciente, serve como sinal de alerta. Um desequil\u00edbrio pode apresentar-se como um ponto de alerta para uma aten\u00e7\u00e3o ao sistema energ\u00e9tico\u201d, explica Jos\u00e9 Hamilton.<\/p>\n<p><strong>Benef\u00edcios da Reflexologia Podal<\/strong><br \/>\n\u2013 Relaxamento<br \/>\n\u2013 Redu\u00e7\u00e3o de tens\u00e3o<br \/>\n\u2013 Melhora da irriga\u00e7\u00e3o sangu\u00ednea<br \/>\n\u2013 Restabelece a harmonia entre todas as fun\u00e7\u00f5es do corpo combatendo o estresse<\/p>\n<p><strong>Contra-indica\u00e7\u00f5es<\/strong><br \/>\n\u2013 Doen\u00e7as infecciosas<br \/>\n\u2013 Inflama\u00e7\u00f5es: sistema linf\u00e1tico e nervoso<br \/>\n\u2013 Casos que haja indica\u00e7\u00e3o de cirurgia<br \/>\n\u2013 Gravidez de risco<br \/>\n\u2013 Osteoporose ou descalcifica\u00e7\u00e3o resultantes de acidentes e tumores<br \/>\n\u2013 Casos de depress\u00e3o cr\u00f4nica avan\u00e7ada<br \/>\n\u2013 Pacientes que usam medica\u00e7\u00e3o pesada para problemas psicol\u00f3gicos.<\/p>\n<p><strong>Conte\u00fado program\u00e1tico do curso<\/strong><br \/>\n\u2013 Abordagem e apresenta\u00e7\u00e3o das \u00e1reas reflexas do corpo, relacionadas a tratamentos de acordo com a patologia;<br \/>\n\u2013 Apresenta\u00e7\u00e3o e Zonas reflexas e mapas;<br \/>\n\u2013 Aspectos Org\u00e2nicos e Emocionais relacionados \u00e0 \u00e1rea da coluna vertebral;<br \/>\n\u2013 Diagnose pela voz;<br \/>\n\u2013 Exame corporal direcionado aos p\u00e9s;<br \/>\n\u2013 Estrutura \u00d3sseas dos p\u00e9s;<br \/>\n\u2013 Meridianos;<br \/>\n\u2013 Tratamentos e contra-indica\u00e7\u00f5es;<br \/>\n\u2013 Sequ\u00eancias e pr\u00e1ticas direcionadas ao tratamento;<br \/>\n\u2013 Apostila e Grava\u00e7\u00e3o de v\u00eddeo durante o curso;<br \/>\n\u2013 Pr\u00e1tica de calatonia(toques e polaridades, para um relaxamento profundo);<br \/>\n\u2013 Pr\u00e1tica de auto massagem;<br \/>\n<em>Obs: O aluno poder\u00e1 levar um parente ou amigo para atendimento no \u00faltimo dia do curso.<\/em><\/p>\n<p>FACILITADOR<br \/>\n<strong>Jos\u00e9 Hamilton de Souza<\/strong> &#8211; Terapeuta Hol\u00edstico, Naturopata e Master Reiki, Formado pela Humaniversidade Hol\u00edstica-SP); Terapeuta Ayurv\u00e9dico e Massoterapeuta pela ABRA Rio de Janeiro; Forma\u00e7\u00e3o Internacional em Acupuntura pela escola de medicina chinesa EBRAMEC-SP); Terapeuta floral (Healingherbs Ltd England).<\/p>\n<p>SERVI\u00c7O<br \/>\n<strong>Curso de Reflexologia Podal<\/strong><br \/>\n<strong>Data:<\/strong>\u00a0 21\/03\/2020 (S\u00e1bado)<br \/>\n<strong>Hora:<\/strong> das 8h \u00e0s 17h<br \/>\n<strong>Local:<\/strong> Rua Floriano Peixoto, 85, Sala 440m, Santo Antonio, Recife\/PE<br \/>\n<strong>Valor:<\/strong> R$ 341,00<\/p>\n<p><em>Vagas limitadas!<\/em><\/p>\n<p>MAIS INFORMA\u00c7\u00d5ES<br \/>\n<strong>Fones:<\/strong>\u00a0( 81 ) 99306-5384<br \/>\n<strong>E-mail:<\/strong>\u00a0hamiltonsouza9@yahoo.com.br<br \/>\n<strong>Site:<\/strong>\u00a0<a href=\"http:\/\/namkhamassoterapia.com.br\/site1\/\" target=\"_blank\" rel=\"noopener\">www.namkhamassoterapia.com.br<\/a><\/p>\n","protected":false},"excerpt":{"rendered":"<p>O terapeuta Hol\u00edstico Jos\u00e9 Ham\u00edlton de Souza facilita no 21 de mar\u00e7o de 2020, no Recife, o Curso de Reflexologia Podal. A reflexologia baseia-se no principio de que existem \u00e1reas, ou pontos reflexos nos p\u00e9s e nas m\u00e3os, que correspondem a cada \u00f3rg\u00e3o, gl\u00e2ndula e estrutura no corpo. Ao trabalhar nesses reflexos, se reduz a [&hellip;]<\/p>\n","protected":false},"author":1,"featured_media":36328,"comment_status":"open","ping_status":"open","sticky":false,"template":"","format":"standard","meta":{"om_disable_all_campaigns":false,"_monsterinsights_skip_tracking":false,"_monsterinsights_sitenote_active":false,"_monsterinsights_sitenote_note":"","_monsterinsights_sitenote_category":0,"footnotes":""},"categories":[8,214],"tags":[167,360,134,646],"acf":[],"publishpress_future_action":{"enabled":false,"date":"1969-12-31 21:00:00","action":"","terms":[],"taxonomy":"","browser_timezone_offset":0},"_links":{"self":[{"href":"https:\/\/portalfloresnoar.com\/floresnoar\/wp-json\/wp\/v2\/posts\/37500"}],"collection":[{"href":"https:\/\/portalfloresnoar.com\/floresnoar\/wp-json\/wp\/v2\/posts"}],"about":[{"href":"https:\/\/portalfloresnoar.com\/floresnoar\/wp-json\/wp\/v2\/types\/post"}],"author":[{"embeddable":true,"href":"https:\/\/portalfloresnoar.com\/floresnoar\/wp-json\/wp\/v2\/users\/1"}],"replies":[{"embeddable":true,"href":"https:\/\/portalfloresnoar.com\/floresnoar\/wp-json\/wp\/v2\/comments?post=37500"}],"version-history":[{"count":0,"href":"https:\/\/portalfloresnoar.com\/floresnoar\/wp-json\/wp\/v2\/posts\/37500\/revisions"}],"wp:featuredmedia":[{"embeddable":true,"href":"https:\/\/portalfloresnoar.com\/floresnoar\/wp-json\/wp\/v2\/media\/36328"}],"wp:attachment":[{"href":"https:\/\/portalfloresnoar.com\/floresnoar\/wp-json\/wp\/v2\/media?parent=37500"}],"wp:term":[{"taxonomy":"category","embeddable":true,"href":"https:\/\/portalfloresnoar.com\/floresnoar\/wp-json\/wp\/v2\/categories?post=37500"},{"taxonomy":"post_tag","embeddable":true,"href":"https:\/\/portalfloresnoar.com\/floresnoar\/wp-json\/wp\/v2\/tags?post=37500"}],"curies":[{"name":"wp","href":"https:\/\/api.w.org\/{rel}","templated":true}]}}