

{"id":37436,"date":"2020-01-03T11:53:22","date_gmt":"2020-01-03T14:53:22","guid":{"rendered":"http:\/\/portalfloresnoar.com\/floresnoar\/?p=37436"},"modified":"2020-01-07T08:04:57","modified_gmt":"2020-01-07T11:04:57","slug":"agenda-pe-formacao-em-terapia-floral-tem-inicio-no-dia-251-no-recife","status":"publish","type":"post","link":"https:\/\/portalfloresnoar.com\/floresnoar\/agenda-pe-formacao-em-terapia-floral-tem-inicio-no-dia-251-no-recife\/","title":{"rendered":"[AGENDA PE] Forma\u00e7\u00e3o em Terapia Floral tem in\u00edcio no dia 25\/1, no Recife"},"content":{"rendered":"<p><img decoding=\"async\" loading=\"lazy\" class=\"aligncenter wp-image-35403 \" src=\"http:\/\/portalfloresnoar.com\/floresnoar\/wp-content\/uploads\/2019\/03\/curso-florais-saint-germain-recife-700x394.jpg\" alt=\"\" width=\"601\" height=\"338\" srcset=\"https:\/\/portalfloresnoar.com\/floresnoar\/wp-content\/uploads\/2019\/03\/curso-florais-saint-germain-recife-700x394.jpg 700w, https:\/\/portalfloresnoar.com\/floresnoar\/wp-content\/uploads\/2019\/03\/curso-florais-saint-germain-recife-300x169.jpg 300w, https:\/\/portalfloresnoar.com\/floresnoar\/wp-content\/uploads\/2019\/03\/curso-florais-saint-germain-recife.jpg 720w\" sizes=\"(max-width: 601px) 100vw, 601px\" \/><\/p>\n<p>A especialista em Terapia Floral, Rosangela V. Bittar, realiza em 2020 uma Forma\u00e7\u00e3o em Terapia Floral. O curso \u00e9 dividido em duas partes. Na primeira, que acontece de janeiro a mar\u00e7o, s\u00e3o abordados os sistemas florais de Bach e da Calif\u00f3rnia. Na segunda etapa, de abril a setembro, o de Saint Germain. O foco da forma\u00e7\u00e3o \u00e9 o uso pr\u00e1tico das ess\u00eancias florais individuais e a atua\u00e7\u00e3o como terapeuta floral.<\/p>\n<p>Rosangela V.Bittar \u00e9 especialista em Terapia Floral pela UFPE, professora autorizada do Sistema Saint Germain, coordenadora das Praticas Complementares da Associa\u00e7\u00e3o Brasileira de Alzheimer desde 2008, pesquisadora CNPQ. Realizou a primeira pesquisa com florais e humanos, com o t\u00edtulo &#8216;Terapia Floral na Oncologia&#8217;. Tem oito livros publicados. \u00c9 Mestre em Reiki, cromoterapeuta, bioletrografista, quiroacupuntirista. Volunt\u00e1ria do Neti, onde introduziu os florais de Saint Germain.<\/p>\n<p>CONTE\u00daDO 1\u00aa PARTE DA FORMA\u00c7\u00c3O &#8211;<strong> O SISTEMA FLORAL DE BACH E CALIF\u00d3RNIA E SEU USO NA PR\u00c1TICA<\/strong><\/p>\n<p>&#8211; Introdu\u00e7\u00e3o, Conceito de doen\u00e7a de acordo com a Terapia Floral<br \/>\n&#8211; Como se faz uma ess\u00eancia floral?<br \/>\n&#8211; Como se manipula o vidro de uso final, posologia, formas de uso.<br \/>\n&#8211; Legisla\u00e7\u00e3o existente.<br \/>\n&#8211; Hist\u00f3ria da Terapia Floral<br \/>\n&#8211; O Sistema Floral de Bach<br \/>\n&#8211; As 103 ess\u00eancias Florias da Calif\u00f3rnia e sua pr\u00e1tica cl\u00ednica<br \/>\n&#8211; Uso no feminino, ins\u00f4nia, depress\u00e3o&#8230;<\/p>\n<p>DATAS:<br \/>\n25 e 26 de janeiro de 2020<br \/>\n15 e 16 de fevereiro de 2020<br \/>\n28 e 29 de mar\u00e7o de 2020<\/p>\n<p>LOCAL: NETI ESCOLA &#8211; N\u00facleo de Estudos das Terapias Integrativas &#8211; Hospital Militar de \u00c1rea do Recife (HMAR)<br \/>\nENDERE\u00c7O: Rua do Pr\u00edncipe, 205 Santo Amaro &#8211; Recife.<\/p>\n<p>INVESTIMENTO<br \/>\nParte 1: R$ 1.600,00<\/p>\n<p>CONTE\u00daDO DA 2\u00aa PARTE DA FORMA\u00c7\u00c3O &#8211; <strong>FORMA\u00c7\u00c3O NO SISTEMA FLORAL DE SAINT GERMAIN<\/strong><\/p>\n<p>&#8211; O que s\u00e3o ess\u00eancias florais e sua atua\u00e7\u00e3o<br \/>\n&#8211; As Ess\u00eancias Florais do Sistema Floral de Saint Germain e atua\u00e7\u00e3o de cada uma das 89 ess\u00eancias florais e a f\u00f3rmula Leucantha e o Emergencial, coment\u00e1rio sobre as outras f\u00f3rmulas do sistema encontradas prontas.<br \/>\n&#8211; Estudo da Fisiologia Energ\u00e9tica Estudo dos Chacras : emo\u00e7\u00f5es, desequil\u00edbrios, ess\u00eancias florais de Saint Germain.<br \/>\n&#8211; A \u00e9tica profissional do Terapeuta Floral conforme CONAFLOR de 01.05.2010.<br \/>\n&#8211; Florais de Bach para a vida \u2013 conhecendo o primeiro sistema floral.<br \/>\n&#8211; Abordagem terap\u00eautica, filosofia e princ\u00edpios da terapia floral, anamnese, o terapeuta.<br \/>\n&#8211; Aula te\u00f3rica sobre o corpo humano, desequil\u00edbrios e processos de adoecimento de acordo com os desequil\u00edbrios mentais e emocionais, psicossom\u00e1tica<br \/>\n&#8211; A quest\u00e3o das cren\u00e7as que afetam as individualidades, autoestima, os florais para desenvolvimento da individualidade. Os tipos de medo e as ess\u00eancias para tratamento ansiedade.<br \/>\n&#8211; A espiritualidade e as ess\u00eancias florais (prote\u00e7\u00e3o e limpeza).<br \/>\n&#8211; As ess\u00eancias florais para tratamento de estresse, depress\u00e3o, ins\u00f4nia. Os aspectos emocionais da dor e quais ess\u00eancias florais s\u00e3o importantes na minimiza\u00e7\u00e3o da dor f\u00edsica.<br \/>\n&#8211; P\u00e2nico, esquizofrenia, problemas com drogas e recomenda\u00e7\u00e3o terap\u00eautica com florais<br \/>\n&#8211; Os florais para atendimento a crian\u00e7as e quest\u00f5es do envelhecimento.<\/p>\n<p>DATAS:<br \/>\n18 E 19 de abril de 2020<br \/>\n16 E 17 de maio de 2020<br \/>\n20 E 21 de junho de 2020<br \/>\n18 E 19 de julho de 2020<br \/>\n15 E 16 de agosto de 2020<br \/>\n19 E 20 de setembro de 2020<\/p>\n<p>LOCAL: NETI ESCOLA &#8211; N\u00facleo de Estudos das Terapias Integrativas &#8211; Hospital Militar de \u00c1rea do Recife (HMAR)<br \/>\nENDERE\u00c7O: Rua do Pr\u00edncipe, 205 Santo Amaro &#8211; Recife.<\/p>\n<p>INVESTIMENTO<br \/>\nParte 2: R$ 2.600,00<\/p>\n<p>SOBRE O PAGAMENTO:<br \/>\n<strong>Pagamento pelo pagseguro em at\u00e9 18 parcelas com juros, no link:<\/strong><br \/>\n<a href=\"http:\/\/equilibriofloralsaude.com\/programa-da-formacao-em-terapia-floral-cursos-presenciais\" target=\"_blank\" rel=\"noopener\">http:\/\/equilibriofloralsaude.com\/programa-da-formacao-em-terapia-floral-cursos-presenciais<\/a><\/p>\n<p><em>Obs.1: \u00c0 vista, 10% de desconto<\/em><br \/>\n<em> Obs.2: desconto especial para volunt\u00e1rios do NETI<\/em><\/p>\n<p>MAIS INFORMA\u00c7\u00d5ES<br \/>\n<strong>E-mail:<\/strong> rosangelaflorais@gmail.com<br \/>\n<strong>WhatsApp:<\/strong> (81) 98843-0584<\/p>\n","protected":false},"excerpt":{"rendered":"<p>A especialista em Terapia Floral, Rosangela V. Bittar, realiza em 2020 uma Forma\u00e7\u00e3o em Terapia Floral. O curso \u00e9 dividido em duas partes. Na primeira, que acontece de janeiro a mar\u00e7o, s\u00e3o abordados os sistemas florais de Bach e da Calif\u00f3rnia. Na segunda etapa, de abril a setembro, o de Saint Germain. O foco da [&hellip;]<\/p>\n","protected":false},"author":1,"featured_media":35403,"comment_status":"open","ping_status":"open","sticky":false,"template":"","format":"standard","meta":{"om_disable_all_campaigns":false,"_monsterinsights_skip_tracking":false,"_monsterinsights_sitenote_active":false,"_monsterinsights_sitenote_note":"","_monsterinsights_sitenote_category":0,"footnotes":""},"categories":[8,224,214],"tags":[167,70,550,648,435],"acf":[],"publishpress_future_action":{"enabled":false,"date":"1969-12-31 21:00:00","action":"","terms":[],"taxonomy":"","browser_timezone_offset":0},"_links":{"self":[{"href":"https:\/\/portalfloresnoar.com\/floresnoar\/wp-json\/wp\/v2\/posts\/37436"}],"collection":[{"href":"https:\/\/portalfloresnoar.com\/floresnoar\/wp-json\/wp\/v2\/posts"}],"about":[{"href":"https:\/\/portalfloresnoar.com\/floresnoar\/wp-json\/wp\/v2\/types\/post"}],"author":[{"embeddable":true,"href":"https:\/\/portalfloresnoar.com\/floresnoar\/wp-json\/wp\/v2\/users\/1"}],"replies":[{"embeddable":true,"href":"https:\/\/portalfloresnoar.com\/floresnoar\/wp-json\/wp\/v2\/comments?post=37436"}],"version-history":[{"count":0,"href":"https:\/\/portalfloresnoar.com\/floresnoar\/wp-json\/wp\/v2\/posts\/37436\/revisions"}],"wp:featuredmedia":[{"embeddable":true,"href":"https:\/\/portalfloresnoar.com\/floresnoar\/wp-json\/wp\/v2\/media\/35403"}],"wp:attachment":[{"href":"https:\/\/portalfloresnoar.com\/floresnoar\/wp-json\/wp\/v2\/media?parent=37436"}],"wp:term":[{"taxonomy":"category","embeddable":true,"href":"https:\/\/portalfloresnoar.com\/floresnoar\/wp-json\/wp\/v2\/categories?post=37436"},{"taxonomy":"post_tag","embeddable":true,"href":"https:\/\/portalfloresnoar.com\/floresnoar\/wp-json\/wp\/v2\/tags?post=37436"}],"curies":[{"name":"wp","href":"https:\/\/api.w.org\/{rel}","templated":true}]}}