

{"id":37428,"date":"2019-07-16T17:15:42","date_gmt":"2019-07-16T20:15:42","guid":{"rendered":"http:\/\/portalfloresnoar.com\/floresnoar\/?p=37428"},"modified":"2019-12-23T16:49:21","modified_gmt":"2019-12-23T19:49:21","slug":"agenda-pe-devi-mandir-oferece-yoga-massagem-ayurvedica-em-dezembro-no-recife","status":"publish","type":"post","link":"https:\/\/portalfloresnoar.com\/floresnoar\/agenda-pe-devi-mandir-oferece-yoga-massagem-ayurvedica-em-dezembro-no-recife\/","title":{"rendered":"[AGENDA PE] Devi Mandir oferece Yoga Massagem Ayurv\u00e9dica, em dezembro, no Recife"},"content":{"rendered":"<p><img decoding=\"async\" loading=\"lazy\" class=\"aligncenter wp-image-37429 \" src=\"http:\/\/portalfloresnoar.com\/floresnoar\/wp-content\/uploads\/2019\/12\/yoga-massagem-ayurvedica-recife.jpg\" alt=\"\" width=\"601\" height=\"601\" srcset=\"https:\/\/portalfloresnoar.com\/floresnoar\/wp-content\/uploads\/2019\/12\/yoga-massagem-ayurvedica-recife.jpg 670w, https:\/\/portalfloresnoar.com\/floresnoar\/wp-content\/uploads\/2019\/12\/yoga-massagem-ayurvedica-recife-150x150.jpg 150w, https:\/\/portalfloresnoar.com\/floresnoar\/wp-content\/uploads\/2019\/12\/yoga-massagem-ayurvedica-recife-300x300.jpg 300w, https:\/\/portalfloresnoar.com\/floresnoar\/wp-content\/uploads\/2019\/12\/yoga-massagem-ayurvedica-recife-100x100.jpg 100w\" sizes=\"(max-width: 601px) 100vw, 601px\" \/><\/p>\n<p>A terapeuta Devi Mandir oferece, de 16 a 20 de dezembro de 2019, no Recife, sess\u00f5es de Yoga Massagem Ayurv\u00e9dica.<\/p>\n<p>A Yoga Massagem Ayurv\u00e9dica \u00e9 uma terapia corporal indiana desenvolvida pela mestra Kusum Modak que utiliza toques profundos com os p\u00e9s e as m\u00e3os, alongamentos, tor\u00e7\u00f5es e posturas do yoga para a sensibiliza\u00e7\u00e3o e reequil\u00edbrio dos corpos f\u00edsico e sutis.<\/p>\n<p>Devi Mandir explica que, diferenciando-se de outras massagens nas quais o receptor \u00e9 totalmente passivo, na Yoga Massagem Ayurv\u00e9dica fica-se todo o tempo consciente, em conex\u00e3o com as sensa\u00e7\u00f5es e participando ativamente da realiza\u00e7\u00e3o das aberturas e manobras. &#8220;Respira\u00e7\u00e3o, toque e movimento se harmonizam em um processo de reencontro consigo e de conscientiza\u00e7\u00e3o do pr\u00f3prio corpo&#8221;, declara a terapeuta.<\/p>\n<p>S\u00e3o utilizados \u00f3leo vegetais e p\u00f3 de c\u00e1lamo que possui propriedades linfot\u00f4nica, descongestionante e anti-inflamat\u00f3ria. Podemos citar como benef\u00edcios: o relaxamento muscular, a lubrifica\u00e7\u00e3o e abertura das articula\u00e7\u00f5es, a elimina\u00e7\u00e3o de toxina f\u00edsicas e energ\u00e9ticas, o melhor funcionamento dos sistemas linf\u00e1tico, respirat\u00f3rio, nervoso e digest\u00f3rio, ganho de consci\u00eancia corporal e realinhamento do corpo f\u00edsico ao s\u00fatil.<\/p>\n<p><strong>Agendamentos:<\/strong> (21) 98097.2939<\/p>\n","protected":false},"excerpt":{"rendered":"<p>A terapeuta Devi Mandir oferece, de 16 a 20 de dezembro de 2019, no Recife, sess\u00f5es de Yoga Massagem Ayurv\u00e9dica. A Yoga Massagem Ayurv\u00e9dica \u00e9 uma terapia corporal indiana desenvolvida pela mestra Kusum Modak que utiliza toques profundos com os p\u00e9s e as m\u00e3os, alongamentos, tor\u00e7\u00f5es e posturas do yoga para a sensibiliza\u00e7\u00e3o e reequil\u00edbrio [&hellip;]<\/p>\n","protected":false},"author":1,"featured_media":37430,"comment_status":"open","ping_status":"open","sticky":false,"template":"","format":"standard","meta":{"om_disable_all_campaigns":false,"_monsterinsights_skip_tracking":false,"_monsterinsights_sitenote_active":false,"_monsterinsights_sitenote_note":"","_monsterinsights_sitenote_category":0,"footnotes":""},"categories":[8,214],"tags":[114,82,360,445],"acf":[],"publishpress_future_action":{"enabled":false,"date":"1969-12-31 21:00:00","action":"","terms":[],"taxonomy":"","browser_timezone_offset":0},"_links":{"self":[{"href":"https:\/\/portalfloresnoar.com\/floresnoar\/wp-json\/wp\/v2\/posts\/37428"}],"collection":[{"href":"https:\/\/portalfloresnoar.com\/floresnoar\/wp-json\/wp\/v2\/posts"}],"about":[{"href":"https:\/\/portalfloresnoar.com\/floresnoar\/wp-json\/wp\/v2\/types\/post"}],"author":[{"embeddable":true,"href":"https:\/\/portalfloresnoar.com\/floresnoar\/wp-json\/wp\/v2\/users\/1"}],"replies":[{"embeddable":true,"href":"https:\/\/portalfloresnoar.com\/floresnoar\/wp-json\/wp\/v2\/comments?post=37428"}],"version-history":[{"count":0,"href":"https:\/\/portalfloresnoar.com\/floresnoar\/wp-json\/wp\/v2\/posts\/37428\/revisions"}],"wp:featuredmedia":[{"embeddable":true,"href":"https:\/\/portalfloresnoar.com\/floresnoar\/wp-json\/wp\/v2\/media\/37430"}],"wp:attachment":[{"href":"https:\/\/portalfloresnoar.com\/floresnoar\/wp-json\/wp\/v2\/media?parent=37428"}],"wp:term":[{"taxonomy":"category","embeddable":true,"href":"https:\/\/portalfloresnoar.com\/floresnoar\/wp-json\/wp\/v2\/categories?post=37428"},{"taxonomy":"post_tag","embeddable":true,"href":"https:\/\/portalfloresnoar.com\/floresnoar\/wp-json\/wp\/v2\/tags?post=37428"}],"curies":[{"name":"wp","href":"https:\/\/api.w.org\/{rel}","templated":true}]}}