

{"id":37409,"date":"2019-08-10T16:18:42","date_gmt":"2019-08-10T19:18:42","guid":{"rendered":"http:\/\/portalfloresnoar.com\/floresnoar\/?p=37409"},"modified":"2019-12-17T11:11:23","modified_gmt":"2019-12-17T14:11:23","slug":"agenda-pe-seminario-astrologico-prenuncios-celestes-2020-acontece-nesta-segunda-feira-no-recife","status":"publish","type":"post","link":"https:\/\/portalfloresnoar.com\/floresnoar\/agenda-pe-seminario-astrologico-prenuncios-celestes-2020-acontece-nesta-segunda-feira-no-recife\/","title":{"rendered":"[AGENDA PE] Semin\u00e1rio Astrol\u00f3gico Pren\u00fancios Celestes 2020"},"content":{"rendered":"<p><img decoding=\"async\" loading=\"lazy\" class=\"aligncenter wp-image-37410 \" src=\"http:\/\/portalfloresnoar.com\/floresnoar\/wp-content\/uploads\/2019\/12\/Pren\u00fancios-Celestes-2020.jpg\" alt=\"\" width=\"603\" height=\"590\" srcset=\"https:\/\/portalfloresnoar.com\/floresnoar\/wp-content\/uploads\/2019\/12\/Pren\u00fancios-Celestes-2020.jpg 667w, https:\/\/portalfloresnoar.com\/floresnoar\/wp-content\/uploads\/2019\/12\/Pren\u00fancios-Celestes-2020-300x293.jpg 300w\" sizes=\"(max-width: 603px) 100vw, 603px\" \/><\/p>\n<p>O astr\u00f3logo Haroldo Barros realiza, no dia 16 de dezembro de 2019 (segunda-feira), o Semin\u00e1rio Astrol\u00f3gico Pren\u00fancios Celestes 2020. O encontro ser\u00e1 das\u00a019h30 \u00e0s 22h30, no\u00a0Audit\u00f3rio do Museu da Cidade do Recife, no Forte das Cinco Pontas.<\/p>\n<p>De acordo com Haroldo, o semin\u00e1rio tem como objetivo esclarecer o participante acerca da dimens\u00e3o c\u00f3smica inerente ao ser humano, fonte de infinitas possibilidades, assim como, promover a reflex\u00e3o sobre os movimentos planet\u00e1rios astrol\u00f3gicos nos pr\u00f3ximos tempos e seus impactos sobre a Humanidade e sobre as pessoas, individualmente.<\/p>\n<p>OBJETIVOS ESPEC\u00cdFICOS DO SEMIN\u00c1RIO<br \/>\n\u2022 Preparar o participante para lidar com os impactos das mudan\u00e7as e revolu\u00e7\u00f5es que v\u00eam por a\u00ed, no \u00e2mbito comportamental, pessoal, interpessoal, profissional, econ\u00f4mico e planet\u00e1rio<br \/>\n\u2022 Refletir sobre as compet\u00eancias exigidas para o sucesso e a realiza\u00e7\u00e3o nesses novos tempos<br \/>\n\u2022 Refletir sobre novas as compet\u00eancias exigidas para o cultivo da felicidade<br \/>\n\u2022 Refletir sobre o impacto dessas mudan\u00e7as e revolu\u00e7\u00f5es sobre o ambiente relacional e corporativo<br \/>\n\u2022 Apresentar o conceito de Capital Temporal e seu melhor uso<\/p>\n<p>CONTE\u00daDO PROGRAM\u00c1TICO<\/p>\n<p>1. Do PC ao Caos: A Teia de Complexidade da Era P\u00f3s-Moderna<br \/>\na. O contexto atual do ser humano e seus desafios<br \/>\nb. O S\u00e9culo XX, o mais curto dos S\u00e9culos<br \/>\nc. O S\u00e9culo XXI, que finalmente come\u00e7a<\/p>\n<p>2. A Din\u00e2mica planet\u00e1ria e o Ano de 2020<br \/>\na. J\u00fapiter em Capric\u00f3rnio e a Estrutura\u00e7\u00e3o dos Fatores Expansivos<br \/>\nb. A tr\u00edplice conjun\u00e7\u00e3o J\u00fapiter-Saturno-Plut\u00e3o em Capric\u00f3rnio e a Nova Ordem Mundial<br \/>\nc. O Ciclo Sin\u00f3dico Saturno-Plut\u00e3o: o Fim de Uma Era<br \/>\nd. O Ingresso Solar em \u00c1ries e a Constru\u00e7\u00e3o de Um Novo Destino<\/p>\n<p>3. A Triste e Lament\u00e1vel Crise de Lideran\u00e7a Que Assola o Mundo<br \/>\na. Mentoria, Mentores e Mentorados<br \/>\nb. O L\u00edder Que Voc\u00ea Pode (E Deve!!) Ser<\/p>\n<p>4. Manual de Sobreviv\u00eancia Para a Nova D\u00e9cada<br \/>\na. As Novas Compet\u00eancias Essenciais<br \/>\nb. O Capital Temporal<br \/>\nc. Planejamento X Previs\u00e3o Astrol\u00f3gica<\/p>\n<p>5. As Boas Novas Vindas Do C\u00e9u e o Futuro da Humanidade: Uma Nova Esperan\u00e7a!!!<br \/>\na. Netuno em Peixes e o Resgate da Espiritualidade na Sociedade Tecnol\u00f3gica<br \/>\nb. A Conjun\u00e7\u00e3o J\u00fapiter-Saturno e a Nova Era da Consci\u00eancia<\/p>\n<p>SERVI\u00c7O<br \/>\n<strong>Semin\u00e1rio Astrol\u00f3gico Pren\u00fancios Celestes<\/strong><br \/>\n<strong>Data:<\/strong> 16 de dezembro de 2019 (segunda-feira)<br \/>\n<strong>Hora:<\/strong> 19h30 \u00e0s 22h30<br \/>\n<strong>Local:<\/strong> Audit\u00f3rio do Museu da Cidade do Recife, no Forte das Cinco Pontas, Recife\/PE<br \/>\n<strong>Investimento:<\/strong> R$ 77,00<\/p>\n<p><strong>Inscri\u00e7\u00f5es, atrav\u00e9s do link:<\/strong> <a href=\"http:\/\/abre.ai\/vidaencantada\" target=\"_blank\" rel=\"noopener\">http:\/\/abre.ai\/vidaencantada<\/a><\/p>\n<p><strong>INSCRI\u00c7\u00d5ES E MAIS INFORMA\u00c7\u00d5ES:<\/strong><br \/>\n(81) 99819.7003 (Vida Encantada Eventos Evolutivos)<br \/>\n<a href=\"http:\/\/www.vortexacademy.com.br\/prenuncios2020\" target=\"_blank\" rel=\"noopener\">www.vortexacademy.com.br\/prenuncios2020<\/a><\/p>\n","protected":false},"excerpt":{"rendered":"<p>O astr\u00f3logo Haroldo Barros realiza, no dia 16 de dezembro de 2019 (segunda-feira), o Semin\u00e1rio Astrol\u00f3gico Pren\u00fancios Celestes 2020. O encontro ser\u00e1 das\u00a019h30 \u00e0s 22h30, no\u00a0Audit\u00f3rio do Museu da Cidade do Recife, no Forte das Cinco Pontas. De acordo com Haroldo, o semin\u00e1rio tem como objetivo esclarecer o participante acerca da dimens\u00e3o c\u00f3smica inerente ao [&hellip;]<\/p>\n","protected":false},"author":1,"featured_media":37412,"comment_status":"open","ping_status":"open","sticky":false,"template":"","format":"standard","meta":{"om_disable_all_campaigns":false,"_monsterinsights_skip_tracking":false,"_monsterinsights_sitenote_active":false,"_monsterinsights_sitenote_note":"","_monsterinsights_sitenote_category":0,"footnotes":""},"categories":[8,214],"tags":[388,18,390,897],"acf":[],"publishpress_future_action":{"enabled":false,"date":"1969-12-31 21:00:00","action":"","terms":[],"taxonomy":"","browser_timezone_offset":0},"_links":{"self":[{"href":"https:\/\/portalfloresnoar.com\/floresnoar\/wp-json\/wp\/v2\/posts\/37409"}],"collection":[{"href":"https:\/\/portalfloresnoar.com\/floresnoar\/wp-json\/wp\/v2\/posts"}],"about":[{"href":"https:\/\/portalfloresnoar.com\/floresnoar\/wp-json\/wp\/v2\/types\/post"}],"author":[{"embeddable":true,"href":"https:\/\/portalfloresnoar.com\/floresnoar\/wp-json\/wp\/v2\/users\/1"}],"replies":[{"embeddable":true,"href":"https:\/\/portalfloresnoar.com\/floresnoar\/wp-json\/wp\/v2\/comments?post=37409"}],"version-history":[{"count":0,"href":"https:\/\/portalfloresnoar.com\/floresnoar\/wp-json\/wp\/v2\/posts\/37409\/revisions"}],"wp:featuredmedia":[{"embeddable":true,"href":"https:\/\/portalfloresnoar.com\/floresnoar\/wp-json\/wp\/v2\/media\/37412"}],"wp:attachment":[{"href":"https:\/\/portalfloresnoar.com\/floresnoar\/wp-json\/wp\/v2\/media?parent=37409"}],"wp:term":[{"taxonomy":"category","embeddable":true,"href":"https:\/\/portalfloresnoar.com\/floresnoar\/wp-json\/wp\/v2\/categories?post=37409"},{"taxonomy":"post_tag","embeddable":true,"href":"https:\/\/portalfloresnoar.com\/floresnoar\/wp-json\/wp\/v2\/tags?post=37409"}],"curies":[{"name":"wp","href":"https:\/\/api.w.org\/{rel}","templated":true}]}}