

{"id":37385,"date":"2019-08-04T09:13:05","date_gmt":"2019-08-04T12:13:05","guid":{"rendered":"http:\/\/portalfloresnoar.com\/floresnoar\/?p=37385"},"modified":"2019-12-10T12:23:09","modified_gmt":"2019-12-10T15:23:09","slug":"agenda-pe-coletivo-caverna-apresenta-o-espetaculo-pajeu-das-flores-no-recife-e-olinda","status":"publish","type":"post","link":"https:\/\/portalfloresnoar.com\/floresnoar\/agenda-pe-coletivo-caverna-apresenta-o-espetaculo-pajeu-das-flores-no-recife-e-olinda\/","title":{"rendered":"[AGENDA PE] Coletivo Caverna apresenta o espet\u00e1culo &#8216;Paje\u00fa das Flores&#8217;, no Recife e Olinda"},"content":{"rendered":"<p><img decoding=\"async\" loading=\"lazy\" class=\"aligncenter wp-image-37386 \" src=\"http:\/\/portalfloresnoar.com\/floresnoar\/wp-content\/uploads\/2019\/12\/espetaculo-Pajeu-das-Flores.jpg\" alt=\"\" width=\"601\" height=\"601\" srcset=\"https:\/\/portalfloresnoar.com\/floresnoar\/wp-content\/uploads\/2019\/12\/espetaculo-Pajeu-das-Flores.jpg 690w, https:\/\/portalfloresnoar.com\/floresnoar\/wp-content\/uploads\/2019\/12\/espetaculo-Pajeu-das-Flores-150x150.jpg 150w, https:\/\/portalfloresnoar.com\/floresnoar\/wp-content\/uploads\/2019\/12\/espetaculo-Pajeu-das-Flores-300x300.jpg 300w, https:\/\/portalfloresnoar.com\/floresnoar\/wp-content\/uploads\/2019\/12\/espetaculo-Pajeu-das-Flores-100x100.jpg 100w\" sizes=\"(max-width: 601px) 100vw, 601px\" \/><\/p>\n<p>O universo m\u00edtico do Sert\u00e3o do Paje\u00fa \u00e9 o mote do novo espet\u00e1culo do Coletivo Caverna, intitulado \u2018Paje\u00fa das Flores\u2019. A pe\u00e7a ser\u00e1 apresentada no dia 4\/12 na Pra\u00e7a do Diario, no dia 5\/12, na Pra\u00e7a Nossa Senhora do Carmo, ambos localizadas no Recife. J\u00e1 nos dias 6 e 7\/12, o espet\u00e1culo ser\u00e1 mostrado no Alto da S\u00e9, em Olinda. Todas as apresenta\u00e7\u00f5es t\u00eam in\u00edcio \u00e0s 16h30 e s\u00e3o gratuitas.<\/p>\n<p>Cortando o semi\u00e1rido pernambucano, banhando um territ\u00f3rio de mais de 13 km2 e 20 munic\u00edpios, corre o Rio Paje\u00fa, descrito na poesia popular como um \u201crio feiticeiro que corre ao contr\u00e1rio\u201d. O sert\u00e3o que o margeia &#8211; arcaico, ermo, m\u00edtico, po\u00e9tico e cheio de lutas e hist\u00f3rias &#8211; inspirou a cria\u00e7\u00e3o de &#8216;Paje\u00fa das Flores&#8217;, projeto incentivado pelo edital Funcultura Independente.<\/p>\n<figure id=\"attachment_37389\" aria-describedby=\"caption-attachment-37389\" style=\"width: 300px\" class=\"wp-caption alignright\"><img decoding=\"async\" loading=\"lazy\" class=\"wp-image-37389 size-medium\" src=\"http:\/\/portalfloresnoar.com\/floresnoar\/wp-content\/uploads\/2019\/12\/foto-tiago-mendes_pajeu-das-flores-300x200.png\" alt=\"\" width=\"300\" height=\"200\" srcset=\"https:\/\/portalfloresnoar.com\/floresnoar\/wp-content\/uploads\/2019\/12\/foto-tiago-mendes_pajeu-das-flores-300x200.png 300w, https:\/\/portalfloresnoar.com\/floresnoar\/wp-content\/uploads\/2019\/12\/foto-tiago-mendes_pajeu-das-flores.png 585w\" sizes=\"(max-width: 300px) 100vw, 300px\" \/><figcaption id=\"caption-attachment-37389\" class=\"wp-caption-text\">Foto: Tiago Mendes<\/figcaption><\/figure>\n<p>\u201cApresentado em forma de cortejo po\u00e9tico, &#8216;Paje\u00fa das Flores&#8217; vai percorrer as ruas, interagindo com lugares e pessoas numa concep\u00e7\u00e3o ampliada do conceito de espa\u00e7o c\u00eanico\u201d, explica o diretor Cl\u00e1udio Lira. O resultado \u00e9 um formato de ocupa\u00e7\u00e3o urbana que homenageia o povo.<\/p>\n<p>Na proposta brincante, mesclam-se atores, bonecos, m\u00e1scaras e m\u00fasica ao vivo. Artistas andarilhos invocam as for\u00e7as dos primeiros habitantes da regi\u00e3o e o poder m\u00edstico do Rio Paje\u00fa, convocando o p\u00fablico a uma jornada de encontro a essa terra encravada no interior do Brasil. O convite \u00e9 a um encontro profundo com as ra\u00edzes culturais nordestinas.<\/p>\n<p>&#8216;Paje\u00fa das Flores&#8217; come\u00e7ou a ser desenvolvido h\u00e1 um ano, a partir de entrevistas com refer\u00eancias criativas da regi\u00e3o do Paje\u00fa, entre elas o cineasta Petr\u00f4nio Lorena, diretor do document\u00e1rio &#8216;O Sil\u00eancio da Noite \u00e9 que Tem Sido Testemunha das Minhas Amarguras&#8217;; o artista pl\u00e1stico T\u00e1rcio Oliveira; o artista visual e cantor Tonfil; os poetas Antonio Marinho, Jorge Fil\u00f3 e Paulo Matric\u00f3 e a poeta e cantora Bia Marinho.<\/p>\n<figure id=\"attachment_37390\" aria-describedby=\"caption-attachment-37390\" style=\"width: 300px\" class=\"wp-caption alignleft\"><img decoding=\"async\" loading=\"lazy\" class=\"wp-image-37390 size-medium\" src=\"http:\/\/portalfloresnoar.com\/floresnoar\/wp-content\/uploads\/2019\/12\/pajeu-das-flores-coletivo-caverna-300x170.jpg\" alt=\"\" width=\"300\" height=\"170\" srcset=\"https:\/\/portalfloresnoar.com\/floresnoar\/wp-content\/uploads\/2019\/12\/pajeu-das-flores-coletivo-caverna-300x170.jpg 300w, https:\/\/portalfloresnoar.com\/floresnoar\/wp-content\/uploads\/2019\/12\/pajeu-das-flores-coletivo-caverna-768x434.jpg 768w, https:\/\/portalfloresnoar.com\/floresnoar\/wp-content\/uploads\/2019\/12\/pajeu-das-flores-coletivo-caverna-700x396.jpg 700w, https:\/\/portalfloresnoar.com\/floresnoar\/wp-content\/uploads\/2019\/12\/pajeu-das-flores-coletivo-caverna.jpg 1252w\" sizes=\"(max-width: 300px) 100vw, 300px\" \/><figcaption id=\"caption-attachment-37390\" class=\"wp-caption-text\">Foto: Dea Ferraz<\/figcaption><\/figure>\n<p>\u201cVisitamos algumas cidades, onde colhemos impress\u00f5es e depoimentos dos moradores. A partir das informa\u00e7\u00f5es, desenvolvemos coletivamente um roteiro dramat\u00fargico\u201d, pontua Lira. As apresenta\u00e7\u00f5es prometem misturar tradi\u00e7\u00e3o e contemporaneidade, propondo a ressignifica\u00e7\u00e3o po\u00e9tica de espa\u00e7os p\u00fablicos.<\/p>\n<p>Itinerante, o espet\u00e1culo, ap\u00f3s passar pelo Recife e Olinda, desloca-se pelo Estado de Pernambuco para encerrar sua turn\u00ea em janeiro de 2020 na cidade de S\u00e3o Jos\u00e9 do Egito, epicentro po\u00e9tico do Sert\u00e3o do Paje\u00fa. Todas as apresenta\u00e7\u00f5es s\u00e3o gratuitas.<\/p>\n<p>SERVI\u00c7O<br \/>\n<strong>Espet\u00e1culo Paje\u00fa das Flores<\/strong><\/p>\n<p><strong>Recife<\/strong><br \/>\n04\/12 &#8211; Pra\u00e7a do Diario, \u00e0s 16h30<br \/>\n05\/12 \u2013 Pra\u00e7a Nossa Senhora do Carmo,\u00a0\u00e0s 16h30<\/p>\n<p><strong>Olinda<\/strong><br \/>\n06 e 07\/12 \u2013 Alto da S\u00e9,\u00a0\u00e0s 16h30<\/p>\n<p><strong>Ficha T\u00e9cnica<\/strong><br \/>\nElenco: Claudio Lira, C\u00e9lia Regina, Luiz Manuel, Jo\u00e3o Guilherme de Paula,<br \/>\nFl\u00e1vio Renovato, \u00cdris Campos e Brunna Martins<br \/>\nArgumento: Claudio Lira<br \/>\nDramaturgia: O Grupo (Cria\u00e7\u00e3o Coletiva)<br \/>\nEncena\u00e7\u00e3o: Claudio Lira e o grupo<br \/>\nM\u00fasicas: Zeto do Paje\u00fa, Bia Marinho, Fl\u00e1vio Renovato e o Grupo<br \/>\nDire\u00e7\u00e3o Musical: Johann Bremen<br \/>\nPrepara\u00e7\u00e3o Vocal: (canto) C\u00e9lia Regina<br \/>\nDire\u00e7\u00e3o de Arte: Marcondes Lima<br \/>\nPrepara\u00e7\u00e3o Corporal: Raimundo Branco<br \/>\nCoreografias: \u00cdris Campos e o Grupo<br \/>\nAdere\u00e7os e Confec\u00e7\u00e3o de Bonecos: C\u00e9lia Regina e Luiz Manuel<br \/>\nCostureira: Maria Lima<br \/>\nPrograma\u00e7\u00e3o Visual: Claudio Lira<br \/>\nFotografias: Thiago Mendes<br \/>\nAssessoria de Comunica\u00e7\u00e3o: Tatiana Diniz e Dea Ferraz<br \/>\nProdu\u00e7\u00e3o: Claudio Lira e Luiz Manuel<br \/>\nRealiza\u00e7\u00e3o: Coletivo Caverna<\/p>\n","protected":false},"excerpt":{"rendered":"<p>O universo m\u00edtico do Sert\u00e3o do Paje\u00fa \u00e9 o mote do novo espet\u00e1culo do Coletivo Caverna, intitulado \u2018Paje\u00fa das Flores\u2019. A pe\u00e7a ser\u00e1 apresentada no dia 4\/12 na Pra\u00e7a do Diario, no dia 5\/12, na Pra\u00e7a Nossa Senhora do Carmo, ambos localizadas no Recife. J\u00e1 nos dias 6 e 7\/12, o espet\u00e1culo ser\u00e1 mostrado no [&hellip;]<\/p>\n","protected":false},"author":1,"featured_media":37387,"comment_status":"open","ping_status":"open","sticky":false,"template":"","format":"standard","meta":{"om_disable_all_campaigns":false,"_monsterinsights_skip_tracking":false,"_monsterinsights_sitenote_active":false,"_monsterinsights_sitenote_note":"","_monsterinsights_sitenote_category":0,"footnotes":""},"categories":[8,214],"tags":[373,668,456,383,894,51,64],"acf":[],"publishpress_future_action":{"enabled":false,"date":"1969-12-31 21:00:00","action":"","terms":[],"taxonomy":"","browser_timezone_offset":0},"_links":{"self":[{"href":"https:\/\/portalfloresnoar.com\/floresnoar\/wp-json\/wp\/v2\/posts\/37385"}],"collection":[{"href":"https:\/\/portalfloresnoar.com\/floresnoar\/wp-json\/wp\/v2\/posts"}],"about":[{"href":"https:\/\/portalfloresnoar.com\/floresnoar\/wp-json\/wp\/v2\/types\/post"}],"author":[{"embeddable":true,"href":"https:\/\/portalfloresnoar.com\/floresnoar\/wp-json\/wp\/v2\/users\/1"}],"replies":[{"embeddable":true,"href":"https:\/\/portalfloresnoar.com\/floresnoar\/wp-json\/wp\/v2\/comments?post=37385"}],"version-history":[{"count":0,"href":"https:\/\/portalfloresnoar.com\/floresnoar\/wp-json\/wp\/v2\/posts\/37385\/revisions"}],"wp:featuredmedia":[{"embeddable":true,"href":"https:\/\/portalfloresnoar.com\/floresnoar\/wp-json\/wp\/v2\/media\/37387"}],"wp:attachment":[{"href":"https:\/\/portalfloresnoar.com\/floresnoar\/wp-json\/wp\/v2\/media?parent=37385"}],"wp:term":[{"taxonomy":"category","embeddable":true,"href":"https:\/\/portalfloresnoar.com\/floresnoar\/wp-json\/wp\/v2\/categories?post=37385"},{"taxonomy":"post_tag","embeddable":true,"href":"https:\/\/portalfloresnoar.com\/floresnoar\/wp-json\/wp\/v2\/tags?post=37385"}],"curies":[{"name":"wp","href":"https:\/\/api.w.org\/{rel}","templated":true}]}}