

{"id":37329,"date":"2019-07-27T10:18:28","date_gmt":"2019-07-27T13:18:28","guid":{"rendered":"http:\/\/portalfloresnoar.com\/floresnoar\/?p=37329"},"modified":"2019-12-02T10:08:47","modified_gmt":"2019-12-02T13:08:47","slug":"agenda-pe-workshop-harmonizacao-de-ambientes-neste-final-de-semana-no-recife","status":"publish","type":"post","link":"https:\/\/portalfloresnoar.com\/floresnoar\/agenda-pe-workshop-harmonizacao-de-ambientes-neste-final-de-semana-no-recife\/","title":{"rendered":"[AGENDA PE] Workshop Harmoniza\u00e7\u00e3o de Ambientes, neste final de semana, no Recife"},"content":{"rendered":"<p><img decoding=\"async\" loading=\"lazy\" class=\"aligncenter wp-image-37330 \" src=\"http:\/\/portalfloresnoar.com\/floresnoar\/wp-content\/uploads\/2019\/11\/workshop-harmonizacao-ambiente.jpg\" alt=\"\" width=\"630\" height=\"630\" srcset=\"https:\/\/portalfloresnoar.com\/floresnoar\/wp-content\/uploads\/2019\/11\/workshop-harmonizacao-ambiente.jpg 670w, https:\/\/portalfloresnoar.com\/floresnoar\/wp-content\/uploads\/2019\/11\/workshop-harmonizacao-ambiente-150x150.jpg 150w, https:\/\/portalfloresnoar.com\/floresnoar\/wp-content\/uploads\/2019\/11\/workshop-harmonizacao-ambiente-300x300.jpg 300w, https:\/\/portalfloresnoar.com\/floresnoar\/wp-content\/uploads\/2019\/11\/workshop-harmonizacao-ambiente-100x100.jpg 100w\" sizes=\"(max-width: 630px) 100vw, 630px\" \/><br \/>\nNeste final de semana (dias 30\/11 e 01\/1), ser\u00e1 realizado, no Recife, o\u00a0Workshop Harmoniza\u00e7\u00e3o de Ambientes numa Vis\u00e3o Sist\u00eamica, com\u00a0 Karla Patr\u00edcia Zovka, visando promover o cuidado nos ambientes de moradia e de trabalho para o novo ciclo, em 2020. O workshop \u00e9 aberto ao publico em geral.<\/p>\n<p>&#8220;Nesse workshop vamos identificar padr\u00f5es inconscientes (ocultos) nos\/dos ambientes, reflexo de emaranhados, conflitos e sintomas, e reconhecer as \u00e1reas do bagu\u00e1 que representam aspectos primordiais da vida: trabalho, espiritualidade, fam\u00edlia, relacionamento&#8230;. cuidando da nossa prosperidade&#8221;, explica Karla.<\/p>\n<p>FACILITADORA<br \/>\nKarla Patr\u00edcia Zovka da Silva h\u00e1 mais de 21 anos vem trilhando seu caminho profissional, \u00e9 difusora do Feng Shui, Reikiana, Consteladora Sist\u00eamica e Familiar, Psicoterapeuta e Harmonizadora de Ambientes.<\/p>\n<p>DATA\/HOR\u00c1RIO<br \/>\nDia 30.11 (s\u00e1bado) &#8211; 8h \u00e0s 12h e 14h \u00e0s 18h<br \/>\nDia 01.12 (domingo) &#8211; 9h \u00e0s 13h<br \/>\nObs.: Caraga hor\u00e1ria: 12 horas\/aula &#8211; confere certificado e apostila.<\/p>\n<p>LOCAL<br \/>\nReflorescer &#8211; Rua Conde de Iraj\u00e1, 910, Torre, Recife\/PE<\/p>\n<p><em>Vagas limitadas!<\/em><\/p>\n<p>INSCRI\u00c7\u00d5ES E MAIS INFORMA\u00c7\u00d5ES<br \/>\n<strong>Fone\/WhatsApp:<\/strong> (81) 9.9969.0239<br \/>\n<strong>E-mail:<\/strong> reflorescer7@gmail.com<\/p>\n","protected":false},"excerpt":{"rendered":"<p>Neste final de semana (dias 30\/11 e 01\/1), ser\u00e1 realizado, no Recife, o\u00a0Workshop Harmoniza\u00e7\u00e3o de Ambientes numa Vis\u00e3o Sist\u00eamica, com\u00a0 Karla Patr\u00edcia Zovka, visando promover o cuidado nos ambientes de moradia e de trabalho para o novo ciclo, em 2020. O workshop \u00e9 aberto ao publico em geral. &#8220;Nesse workshop vamos identificar padr\u00f5es inconscientes (ocultos) [&hellip;]<\/p>\n","protected":false},"author":1,"featured_media":37331,"comment_status":"open","ping_status":"open","sticky":false,"template":"","format":"standard","meta":{"om_disable_all_campaigns":false,"_monsterinsights_skip_tracking":false,"_monsterinsights_sitenote_active":false,"_monsterinsights_sitenote_note":"","_monsterinsights_sitenote_category":0,"footnotes":""},"categories":[8,214],"tags":[543,388,102,143,281,515],"acf":[],"publishpress_future_action":{"enabled":false,"date":"1969-12-31 21:00:00","action":"","terms":[],"taxonomy":"","browser_timezone_offset":0},"_links":{"self":[{"href":"https:\/\/portalfloresnoar.com\/floresnoar\/wp-json\/wp\/v2\/posts\/37329"}],"collection":[{"href":"https:\/\/portalfloresnoar.com\/floresnoar\/wp-json\/wp\/v2\/posts"}],"about":[{"href":"https:\/\/portalfloresnoar.com\/floresnoar\/wp-json\/wp\/v2\/types\/post"}],"author":[{"embeddable":true,"href":"https:\/\/portalfloresnoar.com\/floresnoar\/wp-json\/wp\/v2\/users\/1"}],"replies":[{"embeddable":true,"href":"https:\/\/portalfloresnoar.com\/floresnoar\/wp-json\/wp\/v2\/comments?post=37329"}],"version-history":[{"count":0,"href":"https:\/\/portalfloresnoar.com\/floresnoar\/wp-json\/wp\/v2\/posts\/37329\/revisions"}],"wp:featuredmedia":[{"embeddable":true,"href":"https:\/\/portalfloresnoar.com\/floresnoar\/wp-json\/wp\/v2\/media\/37331"}],"wp:attachment":[{"href":"https:\/\/portalfloresnoar.com\/floresnoar\/wp-json\/wp\/v2\/media?parent=37329"}],"wp:term":[{"taxonomy":"category","embeddable":true,"href":"https:\/\/portalfloresnoar.com\/floresnoar\/wp-json\/wp\/v2\/categories?post=37329"},{"taxonomy":"post_tag","embeddable":true,"href":"https:\/\/portalfloresnoar.com\/floresnoar\/wp-json\/wp\/v2\/tags?post=37329"}],"curies":[{"name":"wp","href":"https:\/\/api.w.org\/{rel}","templated":true}]}}