

{"id":37328,"date":"2020-05-01T06:00:53","date_gmt":"2020-05-01T09:00:53","guid":{"rendered":"http:\/\/portalfloresnoar.com\/floresnoar\/?p=37328"},"modified":"2020-05-14T16:03:14","modified_gmt":"2020-05-14T19:03:14","slug":"agenda-pe-estao-abertas-as-inscricoes-para-a-formacao-em-psicoterapia-reencarnacionista-no-recife","status":"publish","type":"post","link":"https:\/\/portalfloresnoar.com\/floresnoar\/agenda-pe-estao-abertas-as-inscricoes-para-a-formacao-em-psicoterapia-reencarnacionista-no-recife\/","title":{"rendered":"[AGENDA PE] Est\u00e3o abertas as inscri\u00e7\u00f5es para a Forma\u00e7\u00e3o em Psicoterapia Reencarnacionista, no Recife"},"content":{"rendered":"<p>&nbsp;<\/p>\n<p><img decoding=\"async\" loading=\"lazy\" class=\"aligncenter size-full wp-image-38010\" src=\"http:\/\/portalfloresnoar.com\/floresnoar\/wp-content\/uploads\/2020\/03\/curso-de-psicoterapia-reencarnacionista.jpg\" alt=\"\" width=\"529\" height=\"756\" srcset=\"https:\/\/portalfloresnoar.com\/floresnoar\/wp-content\/uploads\/2020\/03\/curso-de-psicoterapia-reencarnacionista.jpg 529w, https:\/\/portalfloresnoar.com\/floresnoar\/wp-content\/uploads\/2020\/03\/curso-de-psicoterapia-reencarnacionista-210x300.jpg 210w, https:\/\/portalfloresnoar.com\/floresnoar\/wp-content\/uploads\/2020\/03\/curso-de-psicoterapia-reencarnacionista-490x700.jpg 490w\" sizes=\"(max-width: 529px) 100vw, 529px\" \/><\/p>\n<p>A Associa\u00e7\u00e3o Brasileira de Psicoterapia Reencarnacionista (ABPR), em parceria com o Gerar Arteterapia e Bem-Estar, est\u00e1 realizando as inscri\u00e7\u00f5es para nova turma do Curso de Forma\u00e7\u00e3o em Psicoterapia Reencarnacionista, que se iniciar\u00e1 neste ano de 2020, no Recife.. As aulas ser\u00e3o ministradas pelos psicoterapeutas Reencarnacionistas Ciro Ferreira e Mirtiline Leit\u00e3o, uma vez por m\u00eas, sempre no primeiro s\u00e1bado do m\u00eas, das 8h30 \u00e0s 18h30. O curso tamb\u00e9m contar\u00e1 com aulas do professor\u00a0Mauro Kwitko, presidente da Associa\u00e7\u00e3o Brasileira de Psicolterapia Reencarnacionista (ABPR), atrav\u00e9s de v\u00eddeo-aulas. As inscri\u00e7\u00f5es j\u00e1 est\u00e3o abertas e podem ser realizadas atrav\u00e9s do telefone: (81) 3268.1749.<\/p>\n<p>O p\u00fablico-alvo s\u00e3o profissionais e estudantes da \u00e1rea da sa\u00fade (oficias ou hol\u00edsticas) e trabalhadores atuantes em Centros Esp\u00edritas e Espiritualistas. O pr\u00e9-requisito \u00e9 possuir o Ensino M\u00e9dio completo.<\/p>\n<p><strong>SOBRE A PSICOTERAPIA REENCARNACIONISTA<\/strong><br \/>\nA Psicoterapia Reencarnacionista \u00e9 uma moderna Escola terap\u00eautica que agrega a Reencarna\u00e7\u00e3o ao seu m\u00e9todo. Ela nasceu em 1996, com a finalidade de acelerar o processo de autoconhecimento e expandir a vis\u00e3o sobre os conflitos ps\u00edquicos do ser humano.<\/p>\n<p>A Reencarna\u00e7\u00e3o, concebida como uma Lei Natural \u2013 n\u00e3o como um dogma religioso ou como uma hip\u00f3tese filos\u00f3fica \u2013, estabelece um novo paradigma, a partir do qual se estruturam as interven\u00e7\u00f5es terap\u00eauticas dessa nova Escola, permitindo a corre\u00e7\u00e3o de racioc\u00ednios fal\u00edveis. S\u00e3o esses racioc\u00ednios que aprisionam a pessoa em pensamentos, sentimentos e condutas limitantes, como autopiedade, vitimiza\u00e7\u00e3o, m\u00e1goa, raiva, tristeza, baixa autoestima, isolamento, etc., impedindo o seu processo evolutivo.<\/p>\n<p>A Psicoterapia Reencarnacionista \u00e9 a mesma Terapia do Mundo Espiritual, incluindo sess\u00f5es de Investiga\u00e7\u00e3o do Inconsciente comandadas pelo Mentor Espiritual da pessoa, sendo poss\u00edvel a recorda\u00e7\u00e3o de Vidas Passadas de forma absolutamente \u00e9tica, respeitando a Lei do Esquecimento.<\/p>\n<p>Essa Terapia lida com o acesso da pessoa ao seu passado imemorial escondido no Inconsciente (encarna\u00e7\u00f5es passadas), permitindo o conhecimento do seu padr\u00e3o comportamental repetitivo de s\u00e9culos, para que ela relembre a sua atual proposta de Reforma \u00cdntima. Esse processo tamb\u00e9m permite que a pessoa acesse situa\u00e7\u00f5es do seu passado que ainda estejam lhe afetando, trazendo-lhe a compreens\u00e3o de onde v\u00eam os sintomas descritos como fobias, Transtorno do P\u00e2nico, depress\u00f5es refrat\u00e1rias, dores f\u00edsicas cr\u00f4nicas, cren\u00e7as e ideias estranhas etc.<\/p>\n<p><strong>Mais informa\u00e7\u00f5es sobre a Psicoterapia Reencarnacionsita no site:\u00a0<\/strong><a href=\"https:\/\/portalabpr.org\/\" target=\"_blank\" rel=\"noopener\">www.portalabpr.org<\/a><\/p>\n<h3><strong>PROGRAMA DO CURSO DE FORMA\u00c7\u00c3O EM PSICOTERAPIA REENCARNACIONISTA<\/strong><\/h3>\n<p><strong>TEORIA<\/strong><br \/>\nA Psicoterapia Reencarnacionista \u2013 uma proposta de expans\u00e3o para a Psicologia e a Psiquiatria<br \/>\nPsicoterapia Reencarnacionista b\u00e1sica e avan\u00e7ada<br \/>\nO que \u00e9 Esp\u00edrito?<br \/>\nA ilus\u00e3o da individualidade e a cria\u00e7\u00e3o do ego<br \/>\nA Psicologia e a Reencarna\u00e7\u00e3o<br \/>\nPor que a Psicologia e a Psiquiatria n\u00e3o lidam com a Reencarna\u00e7\u00e3o<br \/>\nOs pilares da Psicoterapia Reencarnacionista:<br \/>\n* \u201cvers\u00e3o-persona\u201d x \u201cVers\u00e3o-Esp\u00edrito\u201d (Racioc\u00ednio x Contra-Racioc\u00ednio)<br \/>\n* A Personalidade Cong\u00eanita<br \/>\n* A finalidade e o aproveitamento da encarna\u00e7\u00e3o<br \/>\n* A ilus\u00e3o dos r\u00f3tulos das \u201ccascas\u201d<br \/>\nA Investiga\u00e7\u00e3o do Inconsciente<br \/>\nO Ponto \u00d3timo<br \/>\nA Conversa p\u00f3s-Investiga\u00e7\u00e3o<br \/>\nA \u00c9tica da Investiga\u00e7\u00e3o do Inconsciente<br \/>\nOs riscos<br \/>\nAs contraindica\u00e7\u00f5es<br \/>\nUma vis\u00e3o espiritual das fobias, p\u00e2nico, depress\u00e3o cr\u00f4nica, dores f\u00edsicas cr\u00f4nicas, etc.<br \/>\nInvestiga\u00e7\u00e3o do Inconsciente em crian\u00e7as<br \/>\nInvestiga\u00e7\u00e3o do Inconsciente N\u00e3o-Pessoal (IINP)<br \/>\nPor que uma Investiga\u00e7\u00e3o do Inconsciente \u00e9 dif\u00edcil<br \/>\nA pot\u00eancia do auxiliar na Investiga\u00e7\u00e3o do Inconsciente<br \/>\nDocumento para as Casas e Federa\u00e7\u00f5es Esp\u00edritas<br \/>\nOs dois tipos de psicoterapia<br \/>\nA primeira consulta<br \/>\nAs reconsultas<br \/>\nTratamento \u2013 individual e em grupo<br \/>\nFicha de Identifica\u00e7\u00e3o\/Doen\u00e7as\/Tratamento<br \/>\nA releitura da inf\u00e2ncia sob a \u00f3tica reencarnacionista<br \/>\nA inf\u00e2ncia que necessitamos<br \/>\nQue inf\u00e2ncia irei co-criar em minha pr\u00f3xima encarna\u00e7\u00e3o<br \/>\nO passo-a-passo no tratamento com a Psicoterapia Reencarnacionista<br \/>\nA dura\u00e7\u00e3o do tratamento com a Psicoterapia Reencarnacionista<br \/>\nA alta no tratamento de Psicoterapia Reencarnacionista<br \/>\nOs gatilhos<br \/>\nAs armadilhas<br \/>\nBoicote, resist\u00eancia e desist\u00eancia<br \/>\nManual de Investiga\u00e7\u00e3o do Inconsciente<br \/>\nA import\u00e2ncia do cuidado ao final da Investiga\u00e7\u00e3o do Inconsciente<br \/>\nAulas de T\u00e1ticas na Investiga\u00e7\u00e3o do Inconsciente e da Conversa p\u00f3s- Investiga\u00e7\u00e3o do Inconsciente (com supervis\u00e3o)<br \/>\nPsicoterapia Reencarnacionista para crian\u00e7as, adolescentes, adultos, casal, pais, velhos e fam\u00edlia<br \/>\nO livre arb\u00edtrio<br \/>\nO livre arb\u00edtrio pr\u00e9-reencarnat\u00f3rio<br \/>\nComo deve ser um psicoterapeuta reencarnacionista<br \/>\nO psicoterapeuta reencarnacionista em seu consult\u00f3rio<br \/>\nAs dificuldades de ser um psicoterapeuta reencarnacionista<br \/>\nA Reforma \u00cdntima<br \/>\nO Renascimento com a Psicoterapia Reencarnacionista<br \/>\nA evolu\u00e7\u00e3o do nosso ego<br \/>\nComo libertar-se<br \/>\nO perd\u00e3o<br \/>\nA Sa\u00fade e a Doen\u00e7a<br \/>\nOs n\u00edveis de cura<br \/>\nTranstorno mental \u2013 uma vis\u00e3o reencarnacionista<br \/>\nA Vida e a Morte<br \/>\nA evolu\u00e7\u00e3o da Psicoterapia Reencarnacionista.<\/p>\n<p><strong>Exerc\u00edcios em Grupo<\/strong><br \/>\n1. Simula\u00e7\u00e3o de Plano Astral<br \/>\n2. Conte a sua historia de vida a partir de 1 ano antes de sua fecunda\u00e7\u00e3o<br \/>\n3. O Mapa do ego<br \/>\n4. Que inf\u00e2ncia irei co-criar em minha pr\u00f3xima encarna\u00e7\u00e3o<br \/>\n5. Rodadas de inferioridades e rodadas de virtudes<br \/>\n6. N\u00e3o pode falar \u201ceu\u201d, \u201cmeu\u201d e \u201cminha\u201d<br \/>\n7. O Encontro consigo mesmo<br \/>\n8. As gotinhas do Mar<\/p>\n<p><strong>Pr\u00e1ticas<\/strong><br \/>\n<em>Aprendizado aprofundado de como realizar um tratamento.<\/em><br \/>\na) Pr\u00e1ticas de primeira consulta e as reconsultas, o tratamento e a alta (duplas ou trios de alunos com supervis\u00e3o)<br \/>\nb) Apresenta\u00e7\u00f5es de casos cl\u00ednicos (do Ministrante, monitores e alunos)<\/p>\n<p><em>Aprendizado aprofundado de como auxiliar os Mentores<\/em><br \/>\nnas Investiga\u00e7\u00f5es<br \/>\na) Leituras simuladas do Manual para Investiga\u00e7\u00e3o do Inconsciente (em minigrupos com supervis\u00e3o)<br \/>\nb) Aulas de t\u00e1ticas na Investiga\u00e7\u00e3o do Inconsciente (em minigrupos com supervis\u00e3o)<br \/>\nc) Aulas da Conversa p\u00f3s- Investiga\u00e7\u00e3o do Inconsciente (em minigrupos com supervis\u00e3o)<br \/>\nd) Sess\u00f5es de Investiga\u00e7\u00e3o do Inconsciente (At\u00e9 a metade do Curso, Ministrante e monitores nos alunos. Ap\u00f3s, alunos nos alunos com supervis\u00e3o e avalia\u00e7\u00e3o)<\/p>\n<p>SERVI\u00c7O<br \/>\n<strong>Curso de Forma\u00e7\u00e3o em Psicoterapia Reencarnacionista\u00a0<\/strong><br \/>\nIn\u00edcio: ainda ser\u00e1 marcado<br \/>\nDura\u00e7\u00e3o: 24 meses<br \/>\nDia das aulas: todo primeiro s\u00e1bado do m\u00eas<br \/>\nHora: 8h30 \u00e0s 18h30<br \/>\nLocal: GERAR ARTETERAPIA E BEM-ESTAR \u2013 Rua Jorge de Albuquerque, 103, Casa Forte, Recife-PE<br \/>\nInvestimento: R$ 300,00<\/p>\n<p><strong>Inscri\u00e7\u00f5es e mais informa\u00e7\u00f5es:<\/strong><br \/>\nTelefones: (81) 3268.1749 \/ (83) 99985.1241<br \/>\nE-mail: ciroferreira.psi@gmail.com<\/p>\n","protected":false},"excerpt":{"rendered":"<p>&nbsp; A Associa\u00e7\u00e3o Brasileira de Psicoterapia Reencarnacionista (ABPR), em parceria com o Gerar Arteterapia e Bem-Estar, est\u00e1 realizando as inscri\u00e7\u00f5es para nova turma do Curso de Forma\u00e7\u00e3o em Psicoterapia Reencarnacionista, que se iniciar\u00e1 neste ano de 2020, no Recife.. As aulas ser\u00e3o ministradas pelos psicoterapeutas Reencarnacionistas Ciro Ferreira e Mirtiline Leit\u00e3o, uma vez por m\u00eas, [&hellip;]<\/p>\n","protected":false},"author":1,"featured_media":37861,"comment_status":"open","ping_status":"open","sticky":false,"template":"","format":"standard","meta":{"om_disable_all_campaigns":false,"_monsterinsights_skip_tracking":false,"_monsterinsights_sitenote_active":false,"_monsterinsights_sitenote_note":"","_monsterinsights_sitenote_category":0,"footnotes":""},"categories":[8,224,214],"tags":[167,890,158,399],"acf":[],"publishpress_future_action":{"enabled":false,"date":"1969-12-31 21:00:00","action":"","terms":[],"taxonomy":"","browser_timezone_offset":0},"_links":{"self":[{"href":"https:\/\/portalfloresnoar.com\/floresnoar\/wp-json\/wp\/v2\/posts\/37328"}],"collection":[{"href":"https:\/\/portalfloresnoar.com\/floresnoar\/wp-json\/wp\/v2\/posts"}],"about":[{"href":"https:\/\/portalfloresnoar.com\/floresnoar\/wp-json\/wp\/v2\/types\/post"}],"author":[{"embeddable":true,"href":"https:\/\/portalfloresnoar.com\/floresnoar\/wp-json\/wp\/v2\/users\/1"}],"replies":[{"embeddable":true,"href":"https:\/\/portalfloresnoar.com\/floresnoar\/wp-json\/wp\/v2\/comments?post=37328"}],"version-history":[{"count":0,"href":"https:\/\/portalfloresnoar.com\/floresnoar\/wp-json\/wp\/v2\/posts\/37328\/revisions"}],"wp:featuredmedia":[{"embeddable":true,"href":"https:\/\/portalfloresnoar.com\/floresnoar\/wp-json\/wp\/v2\/media\/37861"}],"wp:attachment":[{"href":"https:\/\/portalfloresnoar.com\/floresnoar\/wp-json\/wp\/v2\/media?parent=37328"}],"wp:term":[{"taxonomy":"category","embeddable":true,"href":"https:\/\/portalfloresnoar.com\/floresnoar\/wp-json\/wp\/v2\/categories?post=37328"},{"taxonomy":"post_tag","embeddable":true,"href":"https:\/\/portalfloresnoar.com\/floresnoar\/wp-json\/wp\/v2\/tags?post=37328"}],"curies":[{"name":"wp","href":"https:\/\/api.w.org\/{rel}","templated":true}]}}