

{"id":37308,"date":"2019-08-20T17:01:20","date_gmt":"2019-08-20T20:01:20","guid":{"rendered":"http:\/\/portalfloresnoar.com\/floresnoar\/?p=37308"},"modified":"2019-11-28T10:24:22","modified_gmt":"2019-11-28T13:24:22","slug":"agenda-pe-vivencia-de-vaporizacao-do-utero-e-ginecologia-autonoma-dia-2711-no-recife","status":"publish","type":"post","link":"https:\/\/portalfloresnoar.com\/floresnoar\/agenda-pe-vivencia-de-vaporizacao-do-utero-e-ginecologia-autonoma-dia-2711-no-recife\/","title":{"rendered":"[AGENDA PE] Viv\u00eancia de Vaporiza\u00e7\u00e3o do \u00datero e Ginecologia Aut\u00f4noma, dia 27\/11, no Recife"},"content":{"rendered":"<figure id=\"attachment_37309\" aria-describedby=\"caption-attachment-37309\" style=\"width: 264px\" class=\"wp-caption alignleft\"><img decoding=\"async\" loading=\"lazy\" class=\"wp-image-37309\" src=\"http:\/\/portalfloresnoar.com\/floresnoar\/wp-content\/uploads\/2019\/11\/dani-siqueira_ginecologia-autonoma-465x700.jpeg\" alt=\"\" width=\"264\" height=\"398\" srcset=\"https:\/\/portalfloresnoar.com\/floresnoar\/wp-content\/uploads\/2019\/11\/dani-siqueira_ginecologia-autonoma-465x700.jpeg 465w, https:\/\/portalfloresnoar.com\/floresnoar\/wp-content\/uploads\/2019\/11\/dani-siqueira_ginecologia-autonoma-199x300.jpeg 199w, https:\/\/portalfloresnoar.com\/floresnoar\/wp-content\/uploads\/2019\/11\/dani-siqueira_ginecologia-autonoma.jpeg 500w\" sizes=\"(max-width: 264px) 100vw, 264px\" \/><figcaption id=\"caption-attachment-37309\" class=\"wp-caption-text\">Dani Siqueira \u00e9 terapeuta Ginecol\u00f3gica.<\/figcaption><\/figure>\n<p>A terapeuta Ginecol\u00f3gica Dani Siqueira facilita no dia 27 de novembro de 2019, no Recife, uma Viv\u00eancia de Vaporiza\u00e7\u00e3o do \u00datero e Ginecologia Aut\u00f4noma. O encontro ser\u00e1 \u00e0s 19h, na Maumau Galeria, localizada no bairro do Espinheiro.<\/p>\n<p>&#8220;Voc\u00ea j\u00e1 pensou em fazer sua contracep\u00e7\u00e3o de forma natural? T\u00e1 entrando na menopausa e quer fazer reposi\u00e7\u00e3o hormonal naturalmente? Voc\u00ea sabe porque tem c\u00f3licas menstruais e como cur\u00e1-las de um vez por todas? Sabe o que \u00e9 \u201cplantar sua lua\u201d? Que tal redescobrir a sexualidade atrav\u00e9s de m\u00e9todos que a natureza nos disp\u00f5e? Quer aprender a fazer\/fazendo seu autoexame do colo do \u00fatero? Venha se conhecer por dentro!&#8221;, convida a terapeuta.<\/p>\n<p>De acordo com Dani, utilizando m\u00e9todos naturais de preven\u00e7\u00e3o e cura, a Ginecologia Natural \u00e9 um caminho de autodescoberta e empoderamento feminino com rela\u00e7\u00e3o aos ciclos, libido, sexualidade e ainda \u00e0s disfun\u00e7\u00f5es experienciadas pelas mulheres, como candid\u00edase de repeti\u00e7\u00e3o, c\u00f3licas menstruais, endometriose, mioma, S\u00edndrome do Ov\u00e1rio Polic\u00edstico \u2013 SOP.<\/p>\n<p>&#8220;O m\u00e9todo visa transformar concep\u00e7\u00f5es ultrapassadas a respeito da Sa\u00fade da Mulher que submete nossas quest\u00f5es a um sistema medicamentoso. Compreender a causa dos desconfortos f\u00edsicos do feminino \u00e9 tamb\u00e9m um caminho muito importante para a Ginecologia Natural&#8221;, declara.<\/p>\n<p><strong>Sobre Dani Siqueira<\/strong><br \/>\nA terapeuta Ginecol\u00f3gica, Dani Siqueira \u00e9 mediadora deste processo de reencontro da mulher com seu pr\u00f3prio corpo e poder do feminino, contribuindo com v\u00e1rias t\u00e9cnicas como: Vaporiza\u00e7\u00e3o do ventre e do \u00fatero; Ben\u00e7\u00e3o do \u00fatero; Massagem Sobada Maya para centraliza\u00e7\u00e3o do pulso vital; Mandala lunar e solar; Alimenta\u00e7\u00e3o curativa; Ginecologia Aut\u00f4noma- autoexame ginecol\u00f3gico (voc\u00ea aprende a examinar seu colo do \u00fatero); T\u00e9cnica do Casulo; T\u00e9cnica da Libera\u00e7\u00e3o Emocional \u2013 EFT; Dan\u00e7a curativa; Aromaterapia; Fitoterapia; Moxabust\u00e3o; Reflexologia podal; Barras de Access; Reiki; Terapia do Riso.<\/p>\n<p>SERVI\u00c7O<br \/>\n<strong>Viv\u00eancia Vaporiza\u00e7\u00e3o do \u00datero e Ginecologia Aut\u00f4noma<\/strong><br \/>\n<strong>Dia:<\/strong> 27\/11\/2019<br \/>\n<strong>Hora:<\/strong> 19h<br \/>\n<strong>Local:<\/strong> Maumau Galeria &#8211; Rua Nicar\u00e1gua, 173, Espinheiro, Recife\/PE<br \/>\n<strong>Investimento:<\/strong> R$ 120<br \/>\n<em>Obs.: Trazendo uma amiga, desconto de 50%<\/em><\/p>\n<p><strong>O que levar:<\/strong><br \/>\n&#8211; Manta<br \/>\n&#8211; Pote m\u00e9dio de vidro ou cer\u00e2mica<br \/>\n&#8211; Vir de saia longa<\/p>\n<p><strong>INSCRI\u00c7\u00d5ES E MAIS INFORMA\u00c7\u00d5ES<\/strong><br \/>\n(81) 98534.8281<\/p>\n","protected":false},"excerpt":{"rendered":"<p>A terapeuta Ginecol\u00f3gica Dani Siqueira facilita no dia 27 de novembro de 2019, no Recife, uma Viv\u00eancia de Vaporiza\u00e7\u00e3o do \u00datero e Ginecologia Aut\u00f4noma. O encontro ser\u00e1 \u00e0s 19h, na Maumau Galeria, localizada no bairro do Espinheiro. &#8220;Voc\u00ea j\u00e1 pensou em fazer sua contracep\u00e7\u00e3o de forma natural? T\u00e1 entrando na menopausa e quer fazer reposi\u00e7\u00e3o [&hellip;]<\/p>\n","protected":false},"author":1,"featured_media":37310,"comment_status":"open","ping_status":"open","sticky":false,"template":"","format":"standard","meta":{"om_disable_all_campaigns":false,"_monsterinsights_skip_tracking":false,"_monsterinsights_sitenote_active":false,"_monsterinsights_sitenote_note":"","_monsterinsights_sitenote_category":0,"footnotes":""},"categories":[8,214],"tags":[75,22,760,304],"acf":[],"publishpress_future_action":{"enabled":false,"date":"1969-12-31 21:00:00","action":"","terms":[],"taxonomy":"","browser_timezone_offset":0},"_links":{"self":[{"href":"https:\/\/portalfloresnoar.com\/floresnoar\/wp-json\/wp\/v2\/posts\/37308"}],"collection":[{"href":"https:\/\/portalfloresnoar.com\/floresnoar\/wp-json\/wp\/v2\/posts"}],"about":[{"href":"https:\/\/portalfloresnoar.com\/floresnoar\/wp-json\/wp\/v2\/types\/post"}],"author":[{"embeddable":true,"href":"https:\/\/portalfloresnoar.com\/floresnoar\/wp-json\/wp\/v2\/users\/1"}],"replies":[{"embeddable":true,"href":"https:\/\/portalfloresnoar.com\/floresnoar\/wp-json\/wp\/v2\/comments?post=37308"}],"version-history":[{"count":0,"href":"https:\/\/portalfloresnoar.com\/floresnoar\/wp-json\/wp\/v2\/posts\/37308\/revisions"}],"wp:featuredmedia":[{"embeddable":true,"href":"https:\/\/portalfloresnoar.com\/floresnoar\/wp-json\/wp\/v2\/media\/37310"}],"wp:attachment":[{"href":"https:\/\/portalfloresnoar.com\/floresnoar\/wp-json\/wp\/v2\/media?parent=37308"}],"wp:term":[{"taxonomy":"category","embeddable":true,"href":"https:\/\/portalfloresnoar.com\/floresnoar\/wp-json\/wp\/v2\/categories?post=37308"},{"taxonomy":"post_tag","embeddable":true,"href":"https:\/\/portalfloresnoar.com\/floresnoar\/wp-json\/wp\/v2\/tags?post=37308"}],"curies":[{"name":"wp","href":"https:\/\/api.w.org\/{rel}","templated":true}]}}