

{"id":37302,"date":"2019-08-20T11:41:04","date_gmt":"2019-08-20T14:41:04","guid":{"rendered":"http:\/\/portalfloresnoar.com\/floresnoar\/?p=37302"},"modified":"2019-11-28T10:24:56","modified_gmt":"2019-11-28T13:24:56","slug":"agenda-pe-cine-gerar-acontece-no-dia-2711-abordando-a-animacao-pachamama","status":"publish","type":"post","link":"https:\/\/portalfloresnoar.com\/floresnoar\/agenda-pe-cine-gerar-acontece-no-dia-2711-abordando-a-animacao-pachamama\/","title":{"rendered":"[AGENDA PE] Cine Gerar acontece no dia 27\/11, abordando a anima\u00e7\u00e3o Pachamama"},"content":{"rendered":"<p><img decoding=\"async\" loading=\"lazy\" class=\"aligncenter wp-image-37303 \" src=\"http:\/\/portalfloresnoar.com\/floresnoar\/wp-content\/uploads\/2019\/11\/pachamama-netflix.jpg\" alt=\"\" width=\"600\" height=\"310\" srcset=\"https:\/\/portalfloresnoar.com\/floresnoar\/wp-content\/uploads\/2019\/11\/pachamama-netflix.jpg 696w, https:\/\/portalfloresnoar.com\/floresnoar\/wp-content\/uploads\/2019\/11\/pachamama-netflix-300x155.jpg 300w\" sizes=\"(max-width: 600px) 100vw, 600px\" \/><\/p>\n<p>O Cine Gerar deste m\u00eas de novembro, acontece no dia 27 (quarta-feira), \u00e0s 19h, apresentando o filme &#8216;Pachamama&#8217;, produ\u00e7\u00e3o original da Netflix dirigida por Juan Antin. A contribui\u00e7\u00e3o para participar \u00e9 de R$ 10,00.<\/p>\n<p>Nesta 6\u00aa edi\u00e7\u00e3o, o Cine Gerar conta com a participa\u00e7\u00e3o da psic\u00f3loga Juliana Melo, que abordar\u00e1 a rela\u00e7\u00e3o natureza, sa\u00fade e ancestralidade numa perspectiva integral, ao destacar que &#8220;somos partes de um todo e que toda a\u00e7\u00e3o desencadeia uma consequ\u00eancia no equil\u00edbrio da vida.&#8221;<\/p>\n<p>A anima\u00e7\u00e3o apresenta a trajet\u00f3ria de Tepulpa\u00ef, um jovem rapaz aventureiro que parte em busca de uma estatueta que foi roubada de de sua aldeia. A classifica\u00e7\u00e3o indicativa \u00e9 de 10 anos e o \u00e1udio encontra-se na l\u00edngua portuguesa. O evento \u00e9 aberto a todas e todos e n\u00e3o necessita de inscri\u00e7\u00e3o pr\u00e9via.<\/p>\n<p>SERVI\u00c7O<br \/>\nCine Gerar<br \/>\nData: 27\/11\/ 2019 (\u00daLTIMA QUARTA-FEIRA DO M\u00caS)<br \/>\nHora: 19h<br \/>\nLocal: GERAR ARTETERAPIA E BEM-ESTAR \u2013 Rua Jorge de Albuquerque, 103, Casa Forte, Recife-PE.<br \/>\nIngresso: R$ 10,00<\/p>\n<p>MAIS INFORMA\u00c7\u00d5ES<br \/>\n9.9476-0902 (Roberta Barbosa) | 9.9685-3296 (Rodrigo Lira)<\/p>\n","protected":false},"excerpt":{"rendered":"<p>O Cine Gerar deste m\u00eas de novembro, acontece no dia 27 (quarta-feira), \u00e0s 19h, apresentando o filme &#8216;Pachamama&#8217;, produ\u00e7\u00e3o original da Netflix dirigida por Juan Antin. A contribui\u00e7\u00e3o para participar \u00e9 de R$ 10,00. Nesta 6\u00aa edi\u00e7\u00e3o, o Cine Gerar conta com a participa\u00e7\u00e3o da psic\u00f3loga Juliana Melo, que abordar\u00e1 a rela\u00e7\u00e3o natureza, sa\u00fade e [&hellip;]<\/p>\n","protected":false},"author":1,"featured_media":37303,"comment_status":"open","ping_status":"open","sticky":false,"template":"","format":"standard","meta":{"om_disable_all_campaigns":false,"_monsterinsights_skip_tracking":false,"_monsterinsights_sitenote_active":false,"_monsterinsights_sitenote_note":"","_monsterinsights_sitenote_category":0,"footnotes":""},"categories":[8,214],"tags":[87,121,63,670,81],"acf":[],"publishpress_future_action":{"enabled":false,"date":"1969-12-31 21:00:00","action":"","terms":[],"taxonomy":"","browser_timezone_offset":0},"_links":{"self":[{"href":"https:\/\/portalfloresnoar.com\/floresnoar\/wp-json\/wp\/v2\/posts\/37302"}],"collection":[{"href":"https:\/\/portalfloresnoar.com\/floresnoar\/wp-json\/wp\/v2\/posts"}],"about":[{"href":"https:\/\/portalfloresnoar.com\/floresnoar\/wp-json\/wp\/v2\/types\/post"}],"author":[{"embeddable":true,"href":"https:\/\/portalfloresnoar.com\/floresnoar\/wp-json\/wp\/v2\/users\/1"}],"replies":[{"embeddable":true,"href":"https:\/\/portalfloresnoar.com\/floresnoar\/wp-json\/wp\/v2\/comments?post=37302"}],"version-history":[{"count":0,"href":"https:\/\/portalfloresnoar.com\/floresnoar\/wp-json\/wp\/v2\/posts\/37302\/revisions"}],"wp:featuredmedia":[{"embeddable":true,"href":"https:\/\/portalfloresnoar.com\/floresnoar\/wp-json\/wp\/v2\/media\/37303"}],"wp:attachment":[{"href":"https:\/\/portalfloresnoar.com\/floresnoar\/wp-json\/wp\/v2\/media?parent=37302"}],"wp:term":[{"taxonomy":"category","embeddable":true,"href":"https:\/\/portalfloresnoar.com\/floresnoar\/wp-json\/wp\/v2\/categories?post=37302"},{"taxonomy":"post_tag","embeddable":true,"href":"https:\/\/portalfloresnoar.com\/floresnoar\/wp-json\/wp\/v2\/tags?post=37302"}],"curies":[{"name":"wp","href":"https:\/\/api.w.org\/{rel}","templated":true}]}}