

{"id":37213,"date":"2019-10-01T09:42:44","date_gmt":"2019-10-01T12:42:44","guid":{"rendered":"http:\/\/portalfloresnoar.com\/floresnoar\/?p=37213"},"modified":"2019-11-20T18:21:58","modified_gmt":"2019-11-20T21:21:58","slug":"agenda-pe-loja-encarnada-cuidados-ancestrais-abre-as-portas-no-recife-oferecendo-produtos-naturais-e-artesanais","status":"publish","type":"post","link":"https:\/\/portalfloresnoar.com\/floresnoar\/agenda-pe-loja-encarnada-cuidados-ancestrais-abre-as-portas-no-recife-oferecendo-produtos-naturais-e-artesanais\/","title":{"rendered":"[AGENDA PE] Loja Encarnada &#8211; Cuidados Ancestrais abre as portas, no Recife, oferecendo produtos naturais e artesanais"},"content":{"rendered":"<p><img decoding=\"async\" loading=\"lazy\" class=\"aligncenter wp-image-37214 \" src=\"http:\/\/portalfloresnoar.com\/floresnoar\/wp-content\/uploads\/2019\/11\/loja-encarnada-700x389.jpg\" alt=\"\" width=\"601\" height=\"334\" srcset=\"https:\/\/portalfloresnoar.com\/floresnoar\/wp-content\/uploads\/2019\/11\/loja-encarnada-700x389.jpg 700w, https:\/\/portalfloresnoar.com\/floresnoar\/wp-content\/uploads\/2019\/11\/loja-encarnada-300x167.jpg 300w, https:\/\/portalfloresnoar.com\/floresnoar\/wp-content\/uploads\/2019\/11\/loja-encarnada-672x372.jpg 672w, https:\/\/portalfloresnoar.com\/floresnoar\/wp-content\/uploads\/2019\/11\/loja-encarnada.jpg 720w\" sizes=\"(max-width: 601px) 100vw, 601px\" \/><\/p>\n<p>A Encarnada \u2013 Cuidados Ancestrais abriu as portas no dia 8 de novembro de 2019. A loja surge para atender a uma crescente demanda por parte do p\u00fablico que vem se conscientizando da necessidade de buscar cuidar da sa\u00fade atrav\u00e9s de uma concep\u00e7\u00e3o mais hol\u00edstica, compreendendo o equil\u00edbrio entre corpo, mente e emo\u00e7\u00f5es e que para isso busca nos saberes e fazeres ancestrais instrumentos e m\u00e9todos para prevenir, curar e manter este equil\u00edbrio de forma a cuidar de si de uma forma mais aut\u00f4noma.<\/p>\n<p>A loja vem para cumprir um papel pol\u00edtico e social de fomento \u00e0 sabedoria ancestral enraizada em nossa cultura, e de resist\u00eancia contra as grandes ind\u00fastrias farmac\u00eauticas, num sistema que estimula o consumo desenfreado de medicamentos, tendo como norte o conceito de desenvolvimento sustent\u00e1vel que implica em atender \u00e0s necessidades atuais sem comprometer as gera\u00e7\u00f5es futuras, resultando a grosso modo num processo de mudan\u00e7a de dire\u00e7\u00e3o na forma de produzir, investir e consumir.<\/p>\n<p>&#8220;A Encarnada &#8211; Cuidados Ancestrais surge do desejo de enfrentamento a uma realidade que cada vez mais nos induz a nos alienar de n\u00f3s mesmos, em que a necessidade de produzir suplanta a espera, a escuta, o respeito ao tempo, buscando incentivar o consumo consciente, a valoriza\u00e7\u00e3o do produto artesanal local, o incentivo \u00e0s pr\u00e1ticas de autocuidado e espiritualidade n\u00e3o-hegem\u00f4nicas, terapias integrativas (aromaterapia, massoterapia, fitoterapia, entre outras), arte independente, conhecimento esot\u00e9rico, yoga, medita\u00e7\u00e3o, ginecologia aut\u00f4noma e demais pr\u00e1ticas relacionadas. Para isto, a loja busca tamb\u00e9m se constituir enquanto espa\u00e7o formativo, promovendo eventos de compartilhamento destes saberes atrav\u00e9s de pessoas que os det\u00eam, a fim de criar pontes de di\u00e1logos com diversos p\u00fablicos&#8221;, declara Luanda Andrade, uma das respons\u00e1veis pelo espa\u00e7o.<\/p>\n<p>A loja colaborativa conta com produtos naturais e\/ou artesanais, como fitoter\u00e1picos, orgonites, ervas e sais para banhos e escalda-p\u00e9s, \u00f3leos essenciais e vegetais, argilas, pedras, velas, incensos, resinas, produtos confeccionados por cooperativas, artes\u00e3os e artes\u00e3s locais e de outros estados, incluindo artesanato ind\u00edgena. Al\u00e9m destes, a loja tamb\u00e9m conta com obras de arte produzida por artistas que se alinham com a proposta da loja, como Ganjja Pessoa (PE), Cona (PE) e Cirulo (SE).<\/p>\n<p>Artistas e artes\u00e3os interessados em colaborar devem entrar em contato com a loja atrav\u00e9s do perfil no instagram (@encarnadaloja) ou email: encarnadacuidadosancestrais@gmail.com .<\/p>\n<p><strong>Hor\u00e1rio de funcionamento:<\/strong> ter\u00e7a a s\u00e1bado, das 10h \u00e0s 19h<\/p>\n<p><strong>Endere\u00e7o:<\/strong> Rua Conselheiro Portela, 294, Espinheiro, Recife\/PE<\/p>\n","protected":false},"excerpt":{"rendered":"<p>A Encarnada \u2013 Cuidados Ancestrais abriu as portas no dia 8 de novembro de 2019. A loja surge para atender a uma crescente demanda por parte do p\u00fablico que vem se conscientizando da necessidade de buscar cuidar da sa\u00fade atrav\u00e9s de uma concep\u00e7\u00e3o mais hol\u00edstica, compreendendo o equil\u00edbrio entre corpo, mente e emo\u00e7\u00f5es e que [&hellip;]<\/p>\n","protected":false},"author":1,"featured_media":37214,"comment_status":"open","ping_status":"open","sticky":false,"template":"","format":"standard","meta":{"om_disable_all_campaigns":false,"_monsterinsights_skip_tracking":false,"_monsterinsights_sitenote_active":false,"_monsterinsights_sitenote_note":"","_monsterinsights_sitenote_category":0,"footnotes":""},"categories":[8,214],"tags":[45,243,772,613],"acf":[],"publishpress_future_action":{"enabled":false,"date":"1969-12-31 21:00:00","action":"","terms":[],"taxonomy":"","browser_timezone_offset":0},"_links":{"self":[{"href":"https:\/\/portalfloresnoar.com\/floresnoar\/wp-json\/wp\/v2\/posts\/37213"}],"collection":[{"href":"https:\/\/portalfloresnoar.com\/floresnoar\/wp-json\/wp\/v2\/posts"}],"about":[{"href":"https:\/\/portalfloresnoar.com\/floresnoar\/wp-json\/wp\/v2\/types\/post"}],"author":[{"embeddable":true,"href":"https:\/\/portalfloresnoar.com\/floresnoar\/wp-json\/wp\/v2\/users\/1"}],"replies":[{"embeddable":true,"href":"https:\/\/portalfloresnoar.com\/floresnoar\/wp-json\/wp\/v2\/comments?post=37213"}],"version-history":[{"count":0,"href":"https:\/\/portalfloresnoar.com\/floresnoar\/wp-json\/wp\/v2\/posts\/37213\/revisions"}],"wp:featuredmedia":[{"embeddable":true,"href":"https:\/\/portalfloresnoar.com\/floresnoar\/wp-json\/wp\/v2\/media\/37214"}],"wp:attachment":[{"href":"https:\/\/portalfloresnoar.com\/floresnoar\/wp-json\/wp\/v2\/media?parent=37213"}],"wp:term":[{"taxonomy":"category","embeddable":true,"href":"https:\/\/portalfloresnoar.com\/floresnoar\/wp-json\/wp\/v2\/categories?post=37213"},{"taxonomy":"post_tag","embeddable":true,"href":"https:\/\/portalfloresnoar.com\/floresnoar\/wp-json\/wp\/v2\/tags?post=37213"}],"curies":[{"name":"wp","href":"https:\/\/api.w.org\/{rel}","templated":true}]}}