

{"id":37209,"date":"2019-10-15T16:35:24","date_gmt":"2019-10-15T19:35:24","guid":{"rendered":"http:\/\/portalfloresnoar.com\/floresnoar\/?p=37209"},"modified":"2019-11-15T12:06:26","modified_gmt":"2019-11-15T15:06:26","slug":"agenda-pe-curso-de-formacao-intensiva-terapeuta-xamanico-de-15-a-1711-na-praia-de-calhetas","status":"publish","type":"post","link":"https:\/\/portalfloresnoar.com\/floresnoar\/agenda-pe-curso-de-formacao-intensiva-terapeuta-xamanico-de-15-a-1711-na-praia-de-calhetas\/","title":{"rendered":"[AGENDA PE] Curso de Forma\u00e7\u00e3o Intensiva Terapeuta Xam\u00e2nico, de 15 a 17\/11, na Praia de Calhetas"},"content":{"rendered":"<p><img decoding=\"async\" loading=\"lazy\" class=\"aligncenter wp-image-37210 \" src=\"http:\/\/portalfloresnoar.com\/floresnoar\/wp-content\/uploads\/2019\/11\/curso-terapeuta-xamanico-2-700x350.jpg\" alt=\"\" width=\"642\" height=\"321\" srcset=\"https:\/\/portalfloresnoar.com\/floresnoar\/wp-content\/uploads\/2019\/11\/curso-terapeuta-xamanico-2-700x350.jpg 700w, https:\/\/portalfloresnoar.com\/floresnoar\/wp-content\/uploads\/2019\/11\/curso-terapeuta-xamanico-2-300x150.jpg 300w, https:\/\/portalfloresnoar.com\/floresnoar\/wp-content\/uploads\/2019\/11\/curso-terapeuta-xamanico-2-400x200.jpg 400w, https:\/\/portalfloresnoar.com\/floresnoar\/wp-content\/uploads\/2019\/11\/curso-terapeuta-xamanico-2.jpg 720w\" sizes=\"(max-width: 642px) 100vw, 642px\" \/><\/p>\n<p>Nos dias 15, 16 e 17 de novembro de 2019 ser\u00e1 realizando o Curso de Forma\u00e7\u00e3o Intensiva Terapeuta Xam\u00e2nico, que inclui o &#8216;Sistema Energ\u00e9tico e Ritual\u00edstico das Ervas&#8217; e o &#8216;Reiki Xam\u00e2nico Ama Deus e Ma&#8217;heo&#8217;o N\u00edvel I e II&#8217;. Na programa\u00e7\u00e3o tamb\u00e9m est\u00e1 inclusa a participa\u00e7\u00e3o na Cerim\u00f4nia Xam\u00e2nica com Ind\u00edgenas do povo Fulni-\u00f4.\u00a0O curso \u00e9 te\u00f3rico e pr\u00e1tico, ministrado em uma imers\u00e3o na praia de Calhetas, em meio a mata virgem litor\u00e2nea de Pernambuco.<\/p>\n<p>&#8220;Estamos vivendo a possibilidade de uma &#8220;Ressacraliza\u00e7\u00e3o da Consci\u00eancia&#8221; e o curso proporcionar\u00e1 ferramentas para enfrentar os males da alma humana, integrar o homem \u00e0 natureza, melhorar a sua qualidade de vida e daqueles que o(a) procurarem&#8221;, explica o terapeuta Ivan Ferrer, facilitador da forma\u00e7\u00e3o,acrescentando que o\u00a0Curso de Forma\u00e7\u00e3o de Terapeuta Xam\u00e2nico \u00e9, uma imers\u00e3o dentro do cora\u00e7\u00e3o da m\u00e3e terra, com estudos e pr\u00e1ticas das antigas tradi\u00e7\u00f5es xam\u00e2nicas, adaptadas ao mundo contempor\u00e2neo e ao atual est\u00e1gio da alma humana.<\/p>\n<p>&#8220;Fazendo conex\u00f5es entre os conhecimentos espirituais do Oriente e do Ocidente, da terapia \u00e0 pajelan\u00e7a, do paganismo \u00e0 \u00e9tica religiosa, o Xamanismo Universal \u00e9 um caminho aplicado para o Novo Mil\u00eanio, onde as pr\u00e1ticas arcaicas e atuais se interagem e se respeitam.&#8221;<\/p>\n<p>No curso, ser\u00e3o repassados conhecimentos para banhos energ\u00e9ticos, defuma\u00e7\u00f5es para v\u00e1rios fins, pr\u00e1ticas terap\u00eauticas e mag\u00edsticas para autocura e para auxiliar outras pessoas. &#8220;Encontramos na natureza, nas ervas uma infinidade de poderes de cura, de for\u00e7a divina. A terra e seus elementais, o benzimento ,o resgate destas pr\u00e1ticas de puro amor e sintonia com as ervas&#8221;, declara Ivan.<\/p>\n<p><strong>MISS\u00c3O<\/strong><br \/>\nO curso tem como proposta formar pessoas dentro das terapias ancestrais xam\u00e2nicas visando o autoconhecimento, a cura e a capacita\u00e7\u00e3o dos participantes para realiza\u00e7\u00e3o de atendimentos hol\u00edsticos.<\/p>\n<p><strong>OBJETIVOS<\/strong><\/p>\n<ul>\n<li>Munir os alunos com metodologia para que possam se reconectar com o Sagrado, buscando o &#8216;Esp\u00edrito Essencial&#8217; que est\u00e1 dentro deles mesmos, na natureza e em todos os seres.<\/li>\n<li>Capacitar a criar uma atmosfera sagrada que permita ir al\u00e9m do racional, para que seu grupo possa obter maior equil\u00edbrio f\u00edsico, emocional, mental e espiritual.<\/li>\n<li>Desenvolver-se com t\u00e9cnicas para inspirar seu grupo e rodas a uma nova forma de viver, compreender melhor a linguagem e a ess\u00eancia do xamanismo, estabelecer comunica\u00e7\u00e3o com outros n\u00edveis de realidade para que possam obter conhecimento, poder pessoal, equil\u00edbrio, sa\u00fade e encontrar a Medicina Pessoal.<\/li>\n<li>Aprofundar o estudo das diversas linhas (ente\u00f3genas, nativas, neoxam\u00e2nicas, doutrin\u00e1rias etc.), conscientizar para trabalhar como canal de cura, ter o conhecimento do poder das plantas, pedras, dos esp\u00edritos, animais e seres da natureza.<\/li>\n<li>Inspirar a devo\u00e7\u00e3o \u00e0 Cria\u00e7\u00e3o: O Sol, a Lua, as Estrelas, o reconhecimento da presen\u00e7a do Grande Esp\u00edrito em todas as manifesta\u00e7\u00f5es do Universo.<\/li>\n<\/ul>\n<p><strong>PROGRAMA\u00c7\u00c3O<\/strong><\/p>\n<ul>\n<li>O que \u00e9 o sistema Energ\u00e9tico das Plantas<\/li>\n<li>Concep\u00e7\u00e3o e atua\u00e7\u00e3o<\/li>\n<li>Classifica\u00e7\u00f5es energ\u00e9ticas das Ervas<\/li>\n<li>Aproxima\u00e7\u00e3o e reconhecimento das ervas<\/li>\n<li>Misturas para Banho<\/li>\n<li>Misturas para Defuma\u00e7\u00e3o<\/li>\n<li>Misturas de fumo com ervas, flores e tabaco<\/li>\n<li>Incenso de ervas<\/li>\n<li>Preparado alco\u00f3lico energ\u00e9tico de ervas em vidro<\/li>\n<li>Azeite com ervas para equil\u00edbrio dos chakras<\/li>\n<li>Spray de ervas e Pomadas<\/li>\n<li>Atendimentos hol\u00edsticos com ervas, cristais e p\u00eandulo.<\/li>\n<li>Rezos, Ativa\u00e7\u00f5es energ\u00e9ticas e Benzimentos<\/li>\n<li>Cama de Ervas<\/li>\n<li>M\u00e9todos de prote\u00e7\u00e3o e limpeza com o tabaco e com o cachimbo<\/li>\n<li>Roda de Cachimbo<\/li>\n<li>Jornada com tambor no mundo vegetal &#8211; encontro da planta de poder<\/li>\n<li>Jornada do animal de poder<\/li>\n<li>Dan\u00e7a do animal de Poder<\/li>\n<li>Consagra\u00e7\u00e3o aos 4 elementos da Natureza<\/li>\n<li>Estudo profundo do uso mag\u00edstico curador das ervas.<\/li>\n<li>A rela\u00e7\u00e3o dos orix\u00e1s com as ervas, corte de magias negras, desobssess\u00e3o, abertura de caminhos, equil\u00edbrio, e sa\u00fade<\/li>\n<li>Forma\u00e7\u00e3o e sintoniza\u00e7\u00e3o no sistema de Reiki Xam\u00e2nico<\/li>\n<li>Origem, estudo dos s\u00edmbolos e aplica\u00e7\u00f5es<\/li>\n<li>Inicia\u00e7\u00e3o ao Sistema de Reiki Xam\u00e2nico Ama Deus ( Tradi\u00e7\u00e3o Tupi- Guarani )<\/li>\n<li>Inicia\u00e7\u00e3o ao Sistema de Reiki Xam\u00e2nico Ma&#8217;heo&#8217;o ( Tradi\u00e7\u00e3o Nativo-americano )<\/li>\n<\/ul>\n<p><strong>VALOR DE TROCA<\/strong><br \/>\nR$ 1.500,00 &#8211; \u00e0 vista ( dep\u00f3sito em conta )<br \/>\n* Cart\u00e3o de cr\u00e9dito tem acr\u00e9scimo de 10%, mais juros da operadora ( Link para pagamento em cart\u00e3o: https:\/\/www.mercadopago.com.br\/checkout\/v1\/redirect?pref_id=35900542-14c7a953-2246-40f1-9ea3-83308fb5cbee )<\/p>\n<p><strong>Est\u00e3o inclusos no valor:<\/strong><br \/>\nEstadia na Pousada La Casita de Nazar\u00e9 (hospedagem em quarto compartilhado)<br \/>\nAlimenta\u00e7\u00e3o Xam\u00e2nica (Incluso caf\u00e9 da manh\u00e3 e sopa no jantar)*<br \/>\nApostila Guia do Condutor<br \/>\nMaterial did\u00e1tico<br \/>\nTodo o material utilizado durante as cerim\u00f4nias e viv\u00eancias e oficinas<br \/>\nRodas de consagra\u00e7\u00e3o das medicinas da Floresta Rap\u00e9, Sananga e Jurema<br \/>\nParticipa\u00e7\u00e3o na Cerim\u00f4nia Xam\u00e2nica com Ind\u00edgenas da tribo Fulni\u00f4<br \/>\nCertificado com Validade Internacional<\/p>\n<p><em>*Almo\u00e7o por conta do aluno ( m\u00e9dia de valor: 25,00 )<\/em><\/p>\n<p><strong>DATA:<\/strong> 15, 16 e 17 de novembro de 2019<br \/>\n<strong>HOR\u00c1RIO:<\/strong> Entrada na sexta-feira (15\/11), partir das 8h | Sa\u00edda no domingo (17\/11), \u00e0s 16h<br \/>\n<strong>LOCAL:<\/strong> La Casita &#8211; <a href=\"https:\/\/www.facebook.com\/lacasitaspadasemocoes\/\" target=\"_blank\" rel=\"noopener\">https:\/\/www.facebook.com\/lacasitaspadasemocoes\/<\/a><\/p>\n<p><strong>FORMUL\u00c1RIO DE INSCRI\u00c7\u00c3O<\/strong><br \/>\n<a href=\"https:\/\/forms.gle\/PVkyPfD8yCQ5Dfjf9\" target=\"_blank\" rel=\"noopener\">https:\/\/forms.gle\/PVkyPfD8yCQ5Dfjf9<\/a><\/p>\n<p>MAIS INFORMA\u00c7\u00d5ES<br \/>\n(81) 98180-1969 |\u00a0<a href=\"http:\/\/bit.ly\/2kMnvAY\" target=\"_blank\" rel=\"noopener\">http:\/\/bit.ly\/2kMnvAY <\/a>( WhatsApp )<\/p>\n","protected":false},"excerpt":{"rendered":"<p>Nos dias 15, 16 e 17 de novembro de 2019 ser\u00e1 realizando o Curso de Forma\u00e7\u00e3o Intensiva Terapeuta Xam\u00e2nico, que inclui o &#8216;Sistema Energ\u00e9tico e Ritual\u00edstico das Ervas&#8217; e o &#8216;Reiki Xam\u00e2nico Ama Deus e Ma&#8217;heo&#8217;o N\u00edvel I e II&#8217;. Na programa\u00e7\u00e3o tamb\u00e9m est\u00e1 inclusa a participa\u00e7\u00e3o na Cerim\u00f4nia Xam\u00e2nica com Ind\u00edgenas do povo Fulni-\u00f4.\u00a0O [&hellip;]<\/p>\n","protected":false},"author":1,"featured_media":37211,"comment_status":"open","ping_status":"open","sticky":false,"template":"","format":"standard","meta":{"om_disable_all_campaigns":false,"_monsterinsights_skip_tracking":false,"_monsterinsights_sitenote_active":false,"_monsterinsights_sitenote_note":"","_monsterinsights_sitenote_category":0,"footnotes":""},"categories":[8,214],"tags":[491,167,75,883,85],"acf":[],"publishpress_future_action":{"enabled":false,"date":"1969-12-31 21:00:00","action":"","terms":[],"taxonomy":"","browser_timezone_offset":0},"_links":{"self":[{"href":"https:\/\/portalfloresnoar.com\/floresnoar\/wp-json\/wp\/v2\/posts\/37209"}],"collection":[{"href":"https:\/\/portalfloresnoar.com\/floresnoar\/wp-json\/wp\/v2\/posts"}],"about":[{"href":"https:\/\/portalfloresnoar.com\/floresnoar\/wp-json\/wp\/v2\/types\/post"}],"author":[{"embeddable":true,"href":"https:\/\/portalfloresnoar.com\/floresnoar\/wp-json\/wp\/v2\/users\/1"}],"replies":[{"embeddable":true,"href":"https:\/\/portalfloresnoar.com\/floresnoar\/wp-json\/wp\/v2\/comments?post=37209"}],"version-history":[{"count":0,"href":"https:\/\/portalfloresnoar.com\/floresnoar\/wp-json\/wp\/v2\/posts\/37209\/revisions"}],"wp:featuredmedia":[{"embeddable":true,"href":"https:\/\/portalfloresnoar.com\/floresnoar\/wp-json\/wp\/v2\/media\/37211"}],"wp:attachment":[{"href":"https:\/\/portalfloresnoar.com\/floresnoar\/wp-json\/wp\/v2\/media?parent=37209"}],"wp:term":[{"taxonomy":"category","embeddable":true,"href":"https:\/\/portalfloresnoar.com\/floresnoar\/wp-json\/wp\/v2\/categories?post=37209"},{"taxonomy":"post_tag","embeddable":true,"href":"https:\/\/portalfloresnoar.com\/floresnoar\/wp-json\/wp\/v2\/tags?post=37209"}],"curies":[{"name":"wp","href":"https:\/\/api.w.org\/{rel}","templated":true}]}}