

{"id":37204,"date":"2019-06-05T11:17:26","date_gmt":"2019-06-05T14:17:26","guid":{"rendered":"http:\/\/portalfloresnoar.com\/floresnoar\/?p=37204"},"modified":"2019-11-08T14:10:10","modified_gmt":"2019-11-08T17:10:10","slug":"agenda-pe-palestra-aberta-sobre-abundancia-nesta-quinta-com-jeanne-duarte-no-recife","status":"publish","type":"post","link":"https:\/\/portalfloresnoar.com\/floresnoar\/agenda-pe-palestra-aberta-sobre-abundancia-nesta-quinta-com-jeanne-duarte-no-recife\/","title":{"rendered":"[AGENDA PE] Palestra aberta sobre Abund\u00e2ncia, com Jeanne Duarte, no Recife"},"content":{"rendered":"<p><img decoding=\"async\" loading=\"lazy\" class=\"aligncenter wp-image-37205 \" src=\"http:\/\/portalfloresnoar.com\/floresnoar\/wp-content\/uploads\/2019\/11\/evento-sobre-abundancia-no-recife.jpg\" alt=\"\" width=\"650\" height=\"433\" srcset=\"https:\/\/portalfloresnoar.com\/floresnoar\/wp-content\/uploads\/2019\/11\/evento-sobre-abundancia-no-recife.jpg 690w, https:\/\/portalfloresnoar.com\/floresnoar\/wp-content\/uploads\/2019\/11\/evento-sobre-abundancia-no-recife-300x200.jpg 300w\" sizes=\"(max-width: 650px) 100vw, 650px\" \/><\/p>\n<p>Nesta quinta-feira (7\/11), a terapeuta Qu\u00e2ntica Jeanne Duarte ministra a palestra &#8216;A abund\u00e2ncia em mim e na vida&#8217;. O evento acontece \u00e0s 14h30, no Cecosne, dentro da iniciativa do Grupo Saber Envelhecer Bem.<\/p>\n<p>&#8220;A palestra visa expandir a consci\u00eancia das possibilidades de viver a abund\u00e2ncia na vida. Vamos acessar conhecimentos e vivenciar um pouco a Abund\u00e2ncia \u00e0 luz do Estado de Presen\u00e7a, do ThetaHealing\u00ae e das Constela\u00e7\u00f5es Familiares&#8221;, explica Jeanne.<\/p>\n<p><strong>Data:<\/strong> 7\/11\/2019<br \/>\n<strong>Hora:<\/strong> 14h30<br \/>\n<strong>Local:<\/strong> CECOSNE &#8211; Rua Jos\u00e9 Os\u00f3rio, 124, Madalena, Recife\/PE<br \/>\n<strong>Valor solid\u00e1rio:<\/strong> R$ 10,00<\/p>\n<p><strong>MAIS INFORMA\u00c7\u00d5ES<\/strong><br \/>\n(81) 99975.8097<\/p>\n","protected":false},"excerpt":{"rendered":"<p>Nesta quinta-feira (7\/11), a terapeuta Qu\u00e2ntica Jeanne Duarte ministra a palestra &#8216;A abund\u00e2ncia em mim e na vida&#8217;. O evento acontece \u00e0s 14h30, no Cecosne, dentro da iniciativa do Grupo Saber Envelhecer Bem. &#8220;A palestra visa expandir a consci\u00eancia das possibilidades de viver a abund\u00e2ncia na vida. Vamos acessar conhecimentos e vivenciar um pouco a [&hellip;]<\/p>\n","protected":false},"author":1,"featured_media":0,"comment_status":"open","ping_status":"open","sticky":false,"template":"","format":"standard","meta":{"om_disable_all_campaigns":false,"_monsterinsights_skip_tracking":false,"_monsterinsights_sitenote_active":false,"_monsterinsights_sitenote_note":"","_monsterinsights_sitenote_category":0,"footnotes":""},"categories":[8,214],"tags":[543,383,305,281],"acf":[],"publishpress_future_action":{"enabled":false,"date":"1969-12-31 21:00:00","action":"","terms":[],"taxonomy":"","browser_timezone_offset":0},"_links":{"self":[{"href":"https:\/\/portalfloresnoar.com\/floresnoar\/wp-json\/wp\/v2\/posts\/37204"}],"collection":[{"href":"https:\/\/portalfloresnoar.com\/floresnoar\/wp-json\/wp\/v2\/posts"}],"about":[{"href":"https:\/\/portalfloresnoar.com\/floresnoar\/wp-json\/wp\/v2\/types\/post"}],"author":[{"embeddable":true,"href":"https:\/\/portalfloresnoar.com\/floresnoar\/wp-json\/wp\/v2\/users\/1"}],"replies":[{"embeddable":true,"href":"https:\/\/portalfloresnoar.com\/floresnoar\/wp-json\/wp\/v2\/comments?post=37204"}],"version-history":[{"count":0,"href":"https:\/\/portalfloresnoar.com\/floresnoar\/wp-json\/wp\/v2\/posts\/37204\/revisions"}],"wp:attachment":[{"href":"https:\/\/portalfloresnoar.com\/floresnoar\/wp-json\/wp\/v2\/media?parent=37204"}],"wp:term":[{"taxonomy":"category","embeddable":true,"href":"https:\/\/portalfloresnoar.com\/floresnoar\/wp-json\/wp\/v2\/categories?post=37204"},{"taxonomy":"post_tag","embeddable":true,"href":"https:\/\/portalfloresnoar.com\/floresnoar\/wp-json\/wp\/v2\/tags?post=37204"}],"curies":[{"name":"wp","href":"https:\/\/api.w.org\/{rel}","templated":true}]}}