

{"id":37193,"date":"2019-07-02T15:31:21","date_gmt":"2019-07-02T18:31:21","guid":{"rendered":"http:\/\/portalfloresnoar.com\/floresnoar\/?p=37193"},"modified":"2019-11-08T11:06:20","modified_gmt":"2019-11-08T14:06:20","slug":"agenda-pe-palestra-gratuita-o-nascimento-do-ser-dia-711-com-o-medico-darlan-schottz","status":"publish","type":"post","link":"https:\/\/portalfloresnoar.com\/floresnoar\/agenda-pe-palestra-gratuita-o-nascimento-do-ser-dia-711-com-o-medico-darlan-schottz\/","title":{"rendered":"[AGENDA PE] Palestra gratuita &#8216;O Nascimento do Ser&#8217;, dia 7\/11, com o m\u00e9dico Darlan Schottz"},"content":{"rendered":"<p><img decoding=\"async\" loading=\"lazy\" class=\"aligncenter wp-image-37192 \" src=\"http:\/\/portalfloresnoar.com\/floresnoar\/wp-content\/uploads\/2019\/11\/nascimento-do-ser-700x389.jpg\" alt=\"\" width=\"662\" height=\"368\" srcset=\"https:\/\/portalfloresnoar.com\/floresnoar\/wp-content\/uploads\/2019\/11\/nascimento-do-ser-700x389.jpg 700w, https:\/\/portalfloresnoar.com\/floresnoar\/wp-content\/uploads\/2019\/11\/nascimento-do-ser-300x167.jpg 300w, https:\/\/portalfloresnoar.com\/floresnoar\/wp-content\/uploads\/2019\/11\/nascimento-do-ser.jpg 720w\" sizes=\"(max-width: 662px) 100vw, 662px\" \/><\/p>\n<p>Em comemora\u00e7\u00e3o ao primeiro ano do N\u00facleo de Aprofundamento Antropos\u00f3fico, ser\u00e1 realizada, no dia 7 de novembro de 2019 (quinta-feira) a palestra &#8216;O Nascimento do Ser&#8217;, conduzida pelo\u00a0m\u00e9dico de Orienta\u00e7\u00e3o Antropos\u00f3fica, com pr\u00e1tica em Medicina Escolar e Cl\u00ednica Geral, Darlan Schottz Ferreira. A entrada \u00e9 gratuita!<\/p>\n<p><strong>Data:<\/strong> 7\/11\/2019<br \/>\n<strong>Hora:<\/strong> 19h<br \/>\n<strong>Local:<\/strong> Livraria Pra\u00e7a de Casa Forte<br \/>\n<strong>Entrada:<\/strong> Gratuita<\/p>\n<p><em><strong>Veja tamb\u00e9m:<\/strong><\/em><\/p>\n<h4><a href=\"http:\/\/portalfloresnoar.com\/floresnoar\/agenda-pe-curso-tobias-observacao-de-criancas-e-conferencia-pedagogica-dias-8-e-911\/\">Curso Tobias \u2013 Observa\u00e7\u00e3o de Crian\u00e7as e Confer\u00eancia Pedag\u00f3gica, dias 8 e 9\/11<\/a><\/h4>\n","protected":false},"excerpt":{"rendered":"<p>Em comemora\u00e7\u00e3o ao primeiro ano do N\u00facleo de Aprofundamento Antropos\u00f3fico, ser\u00e1 realizada, no dia 7 de novembro de 2019 (quinta-feira) a palestra &#8216;O Nascimento do Ser&#8217;, conduzida pelo\u00a0m\u00e9dico de Orienta\u00e7\u00e3o Antropos\u00f3fica, com pr\u00e1tica em Medicina Escolar e Cl\u00ednica Geral, Darlan Schottz Ferreira. A entrada \u00e9 gratuita! Data: 7\/11\/2019 Hora: 19h Local: Livraria Pra\u00e7a de Casa [&hellip;]<\/p>\n","protected":false},"author":1,"featured_media":37192,"comment_status":"open","ping_status":"open","sticky":false,"template":"","format":"standard","meta":{"om_disable_all_campaigns":false,"_monsterinsights_skip_tracking":false,"_monsterinsights_sitenote_active":false,"_monsterinsights_sitenote_note":"","_monsterinsights_sitenote_category":0,"footnotes":""},"categories":[8,214],"tags":[23,383,305,115],"acf":[],"publishpress_future_action":{"enabled":false,"date":"1969-12-31 21:00:00","action":"","terms":[],"taxonomy":"","browser_timezone_offset":0},"_links":{"self":[{"href":"https:\/\/portalfloresnoar.com\/floresnoar\/wp-json\/wp\/v2\/posts\/37193"}],"collection":[{"href":"https:\/\/portalfloresnoar.com\/floresnoar\/wp-json\/wp\/v2\/posts"}],"about":[{"href":"https:\/\/portalfloresnoar.com\/floresnoar\/wp-json\/wp\/v2\/types\/post"}],"author":[{"embeddable":true,"href":"https:\/\/portalfloresnoar.com\/floresnoar\/wp-json\/wp\/v2\/users\/1"}],"replies":[{"embeddable":true,"href":"https:\/\/portalfloresnoar.com\/floresnoar\/wp-json\/wp\/v2\/comments?post=37193"}],"version-history":[{"count":0,"href":"https:\/\/portalfloresnoar.com\/floresnoar\/wp-json\/wp\/v2\/posts\/37193\/revisions"}],"wp:featuredmedia":[{"embeddable":true,"href":"https:\/\/portalfloresnoar.com\/floresnoar\/wp-json\/wp\/v2\/media\/37192"}],"wp:attachment":[{"href":"https:\/\/portalfloresnoar.com\/floresnoar\/wp-json\/wp\/v2\/media?parent=37193"}],"wp:term":[{"taxonomy":"category","embeddable":true,"href":"https:\/\/portalfloresnoar.com\/floresnoar\/wp-json\/wp\/v2\/categories?post=37193"},{"taxonomy":"post_tag","embeddable":true,"href":"https:\/\/portalfloresnoar.com\/floresnoar\/wp-json\/wp\/v2\/tags?post=37193"}],"curies":[{"name":"wp","href":"https:\/\/api.w.org\/{rel}","templated":true}]}}