

{"id":37190,"date":"2019-07-07T11:20:24","date_gmt":"2019-07-07T14:20:24","guid":{"rendered":"http:\/\/portalfloresnoar.com\/floresnoar\/?p=37190"},"modified":"2019-11-11T06:12:31","modified_gmt":"2019-11-11T09:12:31","slug":"agenda-pe-curso-tobias-observacao-de-criancas-e-conferencia-pedagogica-dias-8-e-911","status":"publish","type":"post","link":"https:\/\/portalfloresnoar.com\/floresnoar\/agenda-pe-curso-tobias-observacao-de-criancas-e-conferencia-pedagogica-dias-8-e-911\/","title":{"rendered":"[AGENDA PE] Curso Tobias &#8211; Observa\u00e7\u00e3o de Crian\u00e7as e Confer\u00eancia Pedag\u00f3gica, dias 8 e 9\/11"},"content":{"rendered":"<p><img decoding=\"async\" loading=\"lazy\" class=\"aligncenter wp-image-37191 \" src=\"http:\/\/portalfloresnoar.com\/floresnoar\/wp-content\/uploads\/2019\/11\/curso-tobias.jpg\" alt=\"\" width=\"687\" height=\"381\" srcset=\"https:\/\/portalfloresnoar.com\/floresnoar\/wp-content\/uploads\/2019\/11\/curso-tobias.jpg 720w, https:\/\/portalfloresnoar.com\/floresnoar\/wp-content\/uploads\/2019\/11\/curso-tobias-300x167.jpg 300w, https:\/\/portalfloresnoar.com\/floresnoar\/wp-content\/uploads\/2019\/11\/curso-tobias-700x389.jpg 700w, https:\/\/portalfloresnoar.com\/floresnoar\/wp-content\/uploads\/2019\/11\/curso-tobias-672x372.jpg 672w\" sizes=\"(max-width: 687px) 100vw, 687px\" \/><\/p>\n<p>O N\u00facleo de Aprofundamento Antropos\u00f3fico promove, nos dias 8 e 9 de novembro de 2019, o Curso Tobias com o tema: &#8216;Observa\u00e7\u00e3o de Cria\u00e7a e Confer\u00eancia Pedag\u00f3gica&#8217;. O encontro \u00e9\u00a0direcionado \u00e0s observa\u00e7\u00f5es goethian\u00edsticas da crian\u00e7a, na compreens\u00e3o do comportamento infantil e como a crian\u00e7a se constitui durante o seu desenvolvimento. O p\u00fablico-alvo s\u00e3o profissionais da \u00e1rea da Sa\u00fade e Educa\u00e7\u00e3o.<\/p>\n<p>FACILITADORES:<br \/>\n<strong>Darlan Schottz Ferreira<\/strong> &#8211; m\u00e9dico de Orienta\u00e7\u00e3o Antropos\u00f3fica, com pr\u00e1tica em Medicina Escolar e Cl\u00ednica Geral.<\/p>\n<p><strong>Val\u00e9ria Nogueira<\/strong> &#8211; professora Waldorf e Euritmista da Escola Waldorf Micael (Fortaleza)<\/p>\n<p>DATA\/ HORA<br \/>\n08 de novembro de 2019, 16h as 21h<br \/>\n09 de novembro de 2019, 8h \u00e0s 18h<\/p>\n<p>LOCAL<br \/>\nR. Jac\u00f3 Velosino, 101 &#8211; Recife\/ PE<\/p>\n<p>INVESTIMENTO<br \/>\nR$ 380,00<\/p>\n<p>INSCRI\u00c7\u00d5ES E MAIS INFORMA\u00c7\u00d5ES <a href=\"https:\/\/www.sympla.com.br\/curso-tobias__694106\" target=\"_blank\" rel=\"noopener\">NESTE LINK<\/a>!<\/p>\n<p>CONTATO<br \/>\n<strong>E-mail:<\/strong> nucleoapantroposofico@gmail.com<br \/>\n<strong>Telefone:<\/strong> (81) 3071-4247<\/p>\n<p><strong><em>Veja tamb\u00e9m:<\/em><\/strong><\/p>\n<h4><a href=\"http:\/\/portalfloresnoar.com\/floresnoar\/agenda-pe-palestra-gratuita-o-nascimento-do-ser-dia-711-com-o-medico-darlan-schottz\/\">Palestra gratuita \u2018O Nascimento do Ser\u2019, dia 7\/11, com o m\u00e9dico Darlan Schottz<\/a><\/h4>\n<p>&nbsp;<\/p>\n","protected":false},"excerpt":{"rendered":"<p>O N\u00facleo de Aprofundamento Antropos\u00f3fico promove, nos dias 8 e 9 de novembro de 2019, o Curso Tobias com o tema: &#8216;Observa\u00e7\u00e3o de Cria\u00e7a e Confer\u00eancia Pedag\u00f3gica&#8217;. O encontro \u00e9\u00a0direcionado \u00e0s observa\u00e7\u00f5es goethian\u00edsticas da crian\u00e7a, na compreens\u00e3o do comportamento infantil e como a crian\u00e7a se constitui durante o seu desenvolvimento. O p\u00fablico-alvo s\u00e3o profissionais da [&hellip;]<\/p>\n","protected":false},"author":1,"featured_media":37191,"comment_status":"open","ping_status":"open","sticky":false,"template":"","format":"standard","meta":{"om_disable_all_campaigns":false,"_monsterinsights_skip_tracking":false,"_monsterinsights_sitenote_active":false,"_monsterinsights_sitenote_note":"","_monsterinsights_sitenote_category":0,"footnotes":""},"categories":[8,214],"tags":[167,83,115],"acf":[],"publishpress_future_action":{"enabled":false,"date":"1969-12-31 21:00:00","action":"","terms":[],"taxonomy":"","browser_timezone_offset":0},"_links":{"self":[{"href":"https:\/\/portalfloresnoar.com\/floresnoar\/wp-json\/wp\/v2\/posts\/37190"}],"collection":[{"href":"https:\/\/portalfloresnoar.com\/floresnoar\/wp-json\/wp\/v2\/posts"}],"about":[{"href":"https:\/\/portalfloresnoar.com\/floresnoar\/wp-json\/wp\/v2\/types\/post"}],"author":[{"embeddable":true,"href":"https:\/\/portalfloresnoar.com\/floresnoar\/wp-json\/wp\/v2\/users\/1"}],"replies":[{"embeddable":true,"href":"https:\/\/portalfloresnoar.com\/floresnoar\/wp-json\/wp\/v2\/comments?post=37190"}],"version-history":[{"count":0,"href":"https:\/\/portalfloresnoar.com\/floresnoar\/wp-json\/wp\/v2\/posts\/37190\/revisions"}],"wp:featuredmedia":[{"embeddable":true,"href":"https:\/\/portalfloresnoar.com\/floresnoar\/wp-json\/wp\/v2\/media\/37191"}],"wp:attachment":[{"href":"https:\/\/portalfloresnoar.com\/floresnoar\/wp-json\/wp\/v2\/media?parent=37190"}],"wp:term":[{"taxonomy":"category","embeddable":true,"href":"https:\/\/portalfloresnoar.com\/floresnoar\/wp-json\/wp\/v2\/categories?post=37190"},{"taxonomy":"post_tag","embeddable":true,"href":"https:\/\/portalfloresnoar.com\/floresnoar\/wp-json\/wp\/v2\/tags?post=37190"}],"curies":[{"name":"wp","href":"https:\/\/api.w.org\/{rel}","templated":true}]}}