

{"id":37178,"date":"2019-07-07T12:00:36","date_gmt":"2019-07-07T15:00:36","guid":{"rendered":"http:\/\/portalfloresnoar.com\/floresnoar\/?p=37178"},"modified":"2019-11-15T12:02:30","modified_gmt":"2019-11-15T15:02:30","slug":"agenda-pe-circulo-da-memoria-ancestral-dias-15-16-e-1711-no-divina-fonte","status":"publish","type":"post","link":"https:\/\/portalfloresnoar.com\/floresnoar\/agenda-pe-circulo-da-memoria-ancestral-dias-15-16-e-1711-no-divina-fonte\/","title":{"rendered":"[AGENDA PE] Circulo da Mem\u00f3ria Ancestral, dias 15, 16 e 17\/11, no Divina Fonte"},"content":{"rendered":"<p><img decoding=\"async\" loading=\"lazy\" class=\"aligncenter wp-image-37179 size-large\" src=\"http:\/\/portalfloresnoar.com\/floresnoar\/wp-content\/uploads\/2019\/10\/circulo-memoria-ancestral-496x700.jpg\" alt=\"\" width=\"496\" height=\"700\" \/><\/p>\n<p>O Espa\u00e7o Divina Fonte, em Ch\u00e3 Grande\/PE, realiza\u00a0nos dias 15, 16 e 17 de novembro o \u2018Circulo da Mem\u00f3ria Ancestral\u2019,\u00a0 desta vez no formato de retiro, e com foco no tema &#8216;Os ciclos da mulher: ciclos lunares e ciclos solares&#8217;. O encontro ser\u00e1 conduzido por Laura Canto e integrantes do C\u00edrculo.<\/p>\n<p>A programa\u00e7\u00e3o inclui: viv\u00eancia com dan\u00e7a intuitiva ligada ao tema &#8216;ciclos da mulher&#8217;, medita\u00e7\u00e3o, cantos, partilhas em torno da fogueira, viv\u00eancia de cura do \u00fatero e o ritual com a medicina sagrada da Ayahuasca.<\/p>\n<p>&#8220;Nossos encontros acontecem bimestralmente e neles realizamos v\u00e1rias atividades, todas com o intuito de trabalharmos as energias do sagrado feminino, fomentar a uni\u00e3o das mulheres, autoconhecimento e cura. Celebrando nossa irmandade, consagramos a medicina Ayahuaska, meditamos, cantamos, dan\u00e7amos e promovemos v\u00e1rias viv\u00eancias de conex\u00e3o com o sagrado feminino&#8221;, declara Laura.<\/p>\n<p>&#8220;As viv\u00eancias come\u00e7am \u00e0 tarde, a partir das 15h, mas aproveitamos as refei\u00e7\u00f5es para nos conectarmos ainda mais umas com as outras, trocando experi\u00eancias e fortalecendo nossa uni\u00e3o. Assim, convidamos todas a chegarem, pelo menos, at\u00e9 \u00e0s 11:00 horas, a fim de organizarmos em conjunto nossa mesa. Quem n\u00e3o puder chegar pela manh\u00e3 e compartilhar o almo\u00e7o, pedimos que se programem para chegar, pelo menos, uma hora antes do in\u00edcio das viv\u00eancias da tarde.<\/p>\n<p>O retiro \u00e9 idealizado e organizado de maneira colaborativa pelas participantes do &#8216;C\u00edrculo de Mem\u00f3ria Ancestral&#8217;. Todas s\u00e3o convidadas a ajudar e contribuir da forma que sentirem.<\/p>\n<p><strong>Data:<\/strong> Dias 15, 16 e 17 de novembro<br \/>\n<strong>Hora:<\/strong> a partir das 9h da sexta-feira (dia 15\/9)<br \/>\n<strong>Local:<\/strong> S\u00edtio Divina Fonte em Ch\u00e3 Grande<\/p>\n<p><strong>Contribui\u00e7\u00e3o:<\/strong><br \/>\nViv\u00eancias de sexta a domingo: R$ 160,00<br \/>\nViv\u00eancias apenas no s\u00e1bado: R$ 90,00<\/p>\n<p><strong>MAIS INFORMA\u00c7\u00d5ES<\/strong><br \/>\n(81) 99111.0216 (Laura)<br \/>\n(81) 99656.6211 (Gra\u00e7a)<\/p>\n","protected":false},"excerpt":{"rendered":"<p>O Espa\u00e7o Divina Fonte, em Ch\u00e3 Grande\/PE, realiza\u00a0nos dias 15, 16 e 17 de novembro o \u2018Circulo da Mem\u00f3ria Ancestral\u2019,\u00a0 desta vez no formato de retiro, e com foco no tema &#8216;Os ciclos da mulher: ciclos lunares e ciclos solares&#8217;. O encontro ser\u00e1 conduzido por Laura Canto e integrantes do C\u00edrculo. A programa\u00e7\u00e3o inclui: viv\u00eancia [&hellip;]<\/p>\n","protected":false},"author":1,"featured_media":33900,"comment_status":"open","ping_status":"open","sticky":false,"template":"","format":"standard","meta":{"om_disable_all_campaigns":false,"_monsterinsights_skip_tracking":false,"_monsterinsights_sitenote_active":false,"_monsterinsights_sitenote_note":"","_monsterinsights_sitenote_category":0,"footnotes":""},"categories":[8,214],"tags":[617,358,879,22,238,760],"acf":[],"publishpress_future_action":{"enabled":false,"date":"1969-12-31 21:00:00","action":"","terms":[],"taxonomy":"","browser_timezone_offset":0},"_links":{"self":[{"href":"https:\/\/portalfloresnoar.com\/floresnoar\/wp-json\/wp\/v2\/posts\/37178"}],"collection":[{"href":"https:\/\/portalfloresnoar.com\/floresnoar\/wp-json\/wp\/v2\/posts"}],"about":[{"href":"https:\/\/portalfloresnoar.com\/floresnoar\/wp-json\/wp\/v2\/types\/post"}],"author":[{"embeddable":true,"href":"https:\/\/portalfloresnoar.com\/floresnoar\/wp-json\/wp\/v2\/users\/1"}],"replies":[{"embeddable":true,"href":"https:\/\/portalfloresnoar.com\/floresnoar\/wp-json\/wp\/v2\/comments?post=37178"}],"version-history":[{"count":0,"href":"https:\/\/portalfloresnoar.com\/floresnoar\/wp-json\/wp\/v2\/posts\/37178\/revisions"}],"wp:featuredmedia":[{"embeddable":true,"href":"https:\/\/portalfloresnoar.com\/floresnoar\/wp-json\/wp\/v2\/media\/33900"}],"wp:attachment":[{"href":"https:\/\/portalfloresnoar.com\/floresnoar\/wp-json\/wp\/v2\/media?parent=37178"}],"wp:term":[{"taxonomy":"category","embeddable":true,"href":"https:\/\/portalfloresnoar.com\/floresnoar\/wp-json\/wp\/v2\/categories?post=37178"},{"taxonomy":"post_tag","embeddable":true,"href":"https:\/\/portalfloresnoar.com\/floresnoar\/wp-json\/wp\/v2\/tags?post=37178"}],"curies":[{"name":"wp","href":"https:\/\/api.w.org\/{rel}","templated":true}]}}