

{"id":37173,"date":"2019-06-30T10:38:52","date_gmt":"2019-06-30T13:38:52","guid":{"rendered":"http:\/\/portalfloresnoar.com\/floresnoar\/?p=37173"},"modified":"2019-11-07T12:20:25","modified_gmt":"2019-11-07T15:20:25","slug":"agenda-pe-livro-o-grao-e-a-luz-sobre-alimentacao-organica-sera-lancado-na-proxima-quarta-feira-no-recife","status":"publish","type":"post","link":"https:\/\/portalfloresnoar.com\/floresnoar\/agenda-pe-livro-o-grao-e-a-luz-sobre-alimentacao-organica-sera-lancado-na-proxima-quarta-feira-no-recife\/","title":{"rendered":"[AGENDA PE] Livro &#8216;O gr\u00e3o e a luz&#8217;, sobre alimenta\u00e7\u00e3o org\u00e2nica, ser\u00e1 lan\u00e7ado na pr\u00f3xima quarta-feira no Recife"},"content":{"rendered":"<p><img decoding=\"async\" loading=\"lazy\" class=\"aligncenter wp-image-37174 size-large\" src=\"http:\/\/portalfloresnoar.com\/floresnoar\/wp-content\/uploads\/2019\/10\/livro-o-grao-e-a-luz-1-560x700.jpg\" alt=\"\" width=\"560\" height=\"700\" srcset=\"https:\/\/portalfloresnoar.com\/floresnoar\/wp-content\/uploads\/2019\/10\/livro-o-grao-e-a-luz-1-560x700.jpg 560w, https:\/\/portalfloresnoar.com\/floresnoar\/wp-content\/uploads\/2019\/10\/livro-o-grao-e-a-luz-1-240x300.jpg 240w, https:\/\/portalfloresnoar.com\/floresnoar\/wp-content\/uploads\/2019\/10\/livro-o-grao-e-a-luz-1.jpg 690w\" sizes=\"(max-width: 560px) 100vw, 560px\" \/><\/p>\n<p style=\"text-align: right;\"><em>&#8220;&#8230;penso sobre a import\u00e2ncia, para as crian\u00e7as, de terem em sua casa, ou mesmo no terra\u00e7o de um apartamento, uma horta para que possam ter a oportunidade de verem a planta crescer, fazer a colheita e ajudar a m\u00e3e ou pai a preparar sua alimenta\u00e7\u00e3o&#8230;&#8221;<\/em><\/p>\n<p>Este \u00e9 um trecho do pref\u00e1cio, escrito pela m\u00e9dica antropos\u00f3fica Dra. Gudrun Burkhard, do livro &#8220;O gr\u00e3o e a luz &#8211; a sa\u00fade da Terra e da crian\u00e7a&#8221;, que ser\u00e1 lan\u00e7ado na pr\u00f3xima quarta-feira (6), no Caf\u00e9 Pelicano, em Casa Forte, a partir das 19h. A entrada \u00e9 gratuita.<\/p>\n<p>Com textos de profissionais de orienta\u00e7\u00e3o antropos\u00f3fica, o livro tr\u00e1s \u00e0 tona importantes reflex\u00f5es sobre a alimenta\u00e7\u00e3o, o desenvolvimento humano e a preserva\u00e7\u00e3o da terra. Contrap\u00f5e as pr\u00e1ticas atuais da sociedade e prop\u00f5e alternativas e a\u00e7\u00f5es de natureza coletiva.<\/p>\n<p>Rec\u00e9m lan\u00e7ado em S\u00e3o Paulo, o livro foi produzido e organizado pela nutricionista Cynthia Mahon que prop\u00f5e o alimento n\u00e3o s\u00f3 como gerador de sa\u00fade, mas como um potencial agente na constru\u00e7\u00e3o das rela\u00e7\u00f5es socioecon\u00f4micas ambientais. Ela defende que o alimento \u00e9 a pr\u00f3pria express\u00e3o da natureza e deveria ser um conte\u00fado de maior apropria\u00e7\u00e3o dentro das salas de aula.<\/p>\n<p>No lan\u00e7amento, haver\u00e1 um bate-papo com alguns dos autores, como o m\u00e9dico escolar Darlan Schottz Ferreira, a nutricionista e organizadora do livro Cynthia Mahon e a jornalista e educadora infantil Maria J\u00falia Sette. Haver\u00e1, tamb\u00e9m, m\u00fasica ao vivo com Isabela de Holanda e Riva Le Boss .<\/p>\n<p>O livro estar\u00e1 \u00e0 venda com valor de lan\u00e7amento R$ 45. (O pre\u00e7o de capa \u00e9 R$ 55.)<\/p>\n<p><strong>Lan\u00e7amento do livro &#8216;O gr\u00e3o e a luz &#8211; a sa\u00fade da Terra e da crian\u00e7a&#8217;<\/strong><br \/>\n<strong>Data:<\/strong> 6\/11\/2019 (quarta-feira)<br \/>\n<strong>Local:\u00a0<\/strong>Pra\u00e7a de Casa Forte, 465, Casa Forte, Recife \/PE<br \/>\n<strong>Hora:<\/strong> 19h<br \/>\n<strong>Entrada:<\/strong> gratuita<\/p>\n","protected":false},"excerpt":{"rendered":"<p>&#8220;&#8230;penso sobre a import\u00e2ncia, para as crian\u00e7as, de terem em sua casa, ou mesmo no terra\u00e7o de um apartamento, uma horta para que possam ter a oportunidade de verem a planta crescer, fazer a colheita e ajudar a m\u00e3e ou pai a preparar sua alimenta\u00e7\u00e3o&#8230;&#8221; Este \u00e9 um trecho do pref\u00e1cio, escrito pela m\u00e9dica antropos\u00f3fica [&hellip;]<\/p>\n","protected":false},"author":1,"featured_media":37175,"comment_status":"open","ping_status":"open","sticky":false,"template":"","format":"standard","meta":{"om_disable_all_campaigns":false,"_monsterinsights_skip_tracking":false,"_monsterinsights_sitenote_active":false,"_monsterinsights_sitenote_note":"","_monsterinsights_sitenote_category":0,"footnotes":""},"categories":[8,214],"tags":[50,23,878,83,69,62,377],"acf":[],"publishpress_future_action":{"enabled":false,"date":"1969-12-31 21:00:00","action":"","terms":[],"taxonomy":"","browser_timezone_offset":0},"_links":{"self":[{"href":"https:\/\/portalfloresnoar.com\/floresnoar\/wp-json\/wp\/v2\/posts\/37173"}],"collection":[{"href":"https:\/\/portalfloresnoar.com\/floresnoar\/wp-json\/wp\/v2\/posts"}],"about":[{"href":"https:\/\/portalfloresnoar.com\/floresnoar\/wp-json\/wp\/v2\/types\/post"}],"author":[{"embeddable":true,"href":"https:\/\/portalfloresnoar.com\/floresnoar\/wp-json\/wp\/v2\/users\/1"}],"replies":[{"embeddable":true,"href":"https:\/\/portalfloresnoar.com\/floresnoar\/wp-json\/wp\/v2\/comments?post=37173"}],"version-history":[{"count":0,"href":"https:\/\/portalfloresnoar.com\/floresnoar\/wp-json\/wp\/v2\/posts\/37173\/revisions"}],"wp:featuredmedia":[{"embeddable":true,"href":"https:\/\/portalfloresnoar.com\/floresnoar\/wp-json\/wp\/v2\/media\/37175"}],"wp:attachment":[{"href":"https:\/\/portalfloresnoar.com\/floresnoar\/wp-json\/wp\/v2\/media?parent=37173"}],"wp:term":[{"taxonomy":"category","embeddable":true,"href":"https:\/\/portalfloresnoar.com\/floresnoar\/wp-json\/wp\/v2\/categories?post=37173"},{"taxonomy":"post_tag","embeddable":true,"href":"https:\/\/portalfloresnoar.com\/floresnoar\/wp-json\/wp\/v2\/tags?post=37173"}],"curies":[{"name":"wp","href":"https:\/\/api.w.org\/{rel}","templated":true}]}}