

{"id":37169,"date":"2019-07-30T08:43:02","date_gmt":"2019-07-30T11:43:02","guid":{"rendered":"http:\/\/portalfloresnoar.com\/floresnoar\/?p=37169"},"modified":"2019-11-08T14:12:34","modified_gmt":"2019-11-08T17:12:34","slug":"agenda-pe-vivencia-contos-de-acordar-coracao-dia-711-no-espaco-aguas","status":"publish","type":"post","link":"https:\/\/portalfloresnoar.com\/floresnoar\/agenda-pe-vivencia-contos-de-acordar-coracao-dia-711-no-espaco-aguas\/","title":{"rendered":"[AGENDA PE] Viv\u00eancia \u2018Contos de Acordar Cora\u00e7\u00e3o\u2019 dia 7\/11 no Espa\u00e7o \u00c1guas"},"content":{"rendered":"<p><img decoding=\"async\" loading=\"lazy\" class=\"aligncenter wp-image-37170\" src=\"http:\/\/portalfloresnoar.com\/floresnoar\/wp-content\/uploads\/2019\/10\/contacao-de-historias-recife.jpg\" alt=\"\" width=\"630\" height=\"355\" srcset=\"https:\/\/portalfloresnoar.com\/floresnoar\/wp-content\/uploads\/2019\/10\/contacao-de-historias-recife.jpg 690w, https:\/\/portalfloresnoar.com\/floresnoar\/wp-content\/uploads\/2019\/10\/contacao-de-historias-recife-300x169.jpg 300w\" sizes=\"(max-width: 630px) 100vw, 630px\" \/><\/p>\n<p>A terapeuta e contadora de hist\u00f3rias Patr\u00edcia de Freitas facilita no dia 7 de novembro de 2019 a viv\u00eancia \u2018Contos de Acordar Cora\u00e7\u00e3o\u2019, desta vez com o tema: &#8216; O Tempo do Eu Sou&#8217;. O encontro acontece das 19h \u00e0s 20h30, no Espa\u00e7o \u00c1guas.<\/p>\n<p>&#8220;&#8216;Contos de Acordar Cora\u00e7\u00e3o&#8217; s\u00e3o encontros para embalar e despertar sonhos, encantos e descobertas que fazem nosso cora\u00e7\u00e3o pulsar com mais alegria e leveza. As viv\u00eancias &#8211; ancoradas nas tramas da conta\u00e7\u00e3o de hist\u00f3rias, da arteterapia, da aromaterapia e de din\u00e2micas em grupo &#8211; conduzem as pessoas ao campo da delicadeza e sabedoria que os contos de tradi\u00e7\u00e3o oral nos trazem&#8221;, declara Patr\u00edcia., acrescentando que os encontros s\u00e3o voltados para o p\u00fablico jovem e adulto.<\/p>\n<p>SERVI\u00c7O<br \/>\n<strong>\u2018Contos de Acordar Cora\u00e7\u00e3o\u2019<\/strong><br \/>\n<strong>Data:<\/strong>\u00a07\/11\/2019 (quinta-feira)<br \/>\n<strong>Hora:<\/strong>\u00a0das 19h \u00e0s 20h30<br \/>\n<strong>Local:<\/strong>\u00a0Espa\u00e7o \u00c1guas \u2013 Rua Silveira L\u00f4bo, 264, Casa Forte, Recife\/PE<br \/>\n<strong>P\u00fablico-alvo:<\/strong>\u00a0jovens e adultos<br \/>\n<strong>Facilita\u00e7\u00e3o:<\/strong>\u00a0Patr\u00edcia de Freitas \u2013 Psic\u00f3loga Junguiana, Arteterapeuta, Contadora de Hist\u00f3rias, Consteladora Sist\u00eamica e Pedagoga Waldorf.<br \/>\n<strong>Contribui\u00e7\u00e3o:<\/strong>\u00a0R$ 30,00 + 1 kg de alimento<\/p>\n<p><strong>Inscri\u00e7\u00f5es e mais informa\u00e7\u00f5es:<\/strong>\u00a0(81) 984668409<\/p>\n<p>&nbsp;<\/p>\n<p>&nbsp;<\/p>\n","protected":false},"excerpt":{"rendered":"<p>A terapeuta e contadora de hist\u00f3rias Patr\u00edcia de Freitas facilita no dia 7 de novembro de 2019 a viv\u00eancia \u2018Contos de Acordar Cora\u00e7\u00e3o\u2019, desta vez com o tema: &#8216; O Tempo do Eu Sou&#8217;. O encontro acontece das 19h \u00e0s 20h30, no Espa\u00e7o \u00c1guas. &#8220;&#8216;Contos de Acordar Cora\u00e7\u00e3o&#8217; s\u00e3o encontros para embalar e despertar sonhos, [&hellip;]<\/p>\n","protected":false},"author":1,"featured_media":37070,"comment_status":"open","ping_status":"open","sticky":false,"template":"","format":"standard","meta":{"om_disable_all_campaigns":false,"_monsterinsights_skip_tracking":false,"_monsterinsights_sitenote_active":false,"_monsterinsights_sitenote_note":"","_monsterinsights_sitenote_category":0,"footnotes":""},"categories":[8,214],"tags":[34,131,79,343,304],"acf":[],"publishpress_future_action":{"enabled":false,"date":"1969-12-31 21:00:00","action":"","terms":[],"taxonomy":"","browser_timezone_offset":0},"_links":{"self":[{"href":"https:\/\/portalfloresnoar.com\/floresnoar\/wp-json\/wp\/v2\/posts\/37169"}],"collection":[{"href":"https:\/\/portalfloresnoar.com\/floresnoar\/wp-json\/wp\/v2\/posts"}],"about":[{"href":"https:\/\/portalfloresnoar.com\/floresnoar\/wp-json\/wp\/v2\/types\/post"}],"author":[{"embeddable":true,"href":"https:\/\/portalfloresnoar.com\/floresnoar\/wp-json\/wp\/v2\/users\/1"}],"replies":[{"embeddable":true,"href":"https:\/\/portalfloresnoar.com\/floresnoar\/wp-json\/wp\/v2\/comments?post=37169"}],"version-history":[{"count":0,"href":"https:\/\/portalfloresnoar.com\/floresnoar\/wp-json\/wp\/v2\/posts\/37169\/revisions"}],"wp:featuredmedia":[{"embeddable":true,"href":"https:\/\/portalfloresnoar.com\/floresnoar\/wp-json\/wp\/v2\/media\/37070"}],"wp:attachment":[{"href":"https:\/\/portalfloresnoar.com\/floresnoar\/wp-json\/wp\/v2\/media?parent=37169"}],"wp:term":[{"taxonomy":"category","embeddable":true,"href":"https:\/\/portalfloresnoar.com\/floresnoar\/wp-json\/wp\/v2\/categories?post=37169"},{"taxonomy":"post_tag","embeddable":true,"href":"https:\/\/portalfloresnoar.com\/floresnoar\/wp-json\/wp\/v2\/tags?post=37169"}],"curies":[{"name":"wp","href":"https:\/\/api.w.org\/{rel}","templated":true}]}}