

{"id":37138,"date":"2019-07-22T20:29:23","date_gmt":"2019-07-22T23:29:23","guid":{"rendered":"http:\/\/portalfloresnoar.com\/floresnoar\/?p=37138"},"modified":"2019-10-29T06:03:00","modified_gmt":"2019-10-29T09:03:00","slug":"agenda-pe-nova-turma-de-danca-do-ventre-curativa-tem-inicio-no-dia-2910-no-espaco-gerar","status":"publish","type":"post","link":"https:\/\/portalfloresnoar.com\/floresnoar\/agenda-pe-nova-turma-de-danca-do-ventre-curativa-tem-inicio-no-dia-2910-no-espaco-gerar\/","title":{"rendered":"[AGENDA PE] Nova turma de Dan\u00e7a do Ventre Curativa tem in\u00edcio no dia 29\/10 no Espa\u00e7o Gerar"},"content":{"rendered":"<p><img decoding=\"async\" loading=\"lazy\" class=\"aligncenter wp-image-37141 \" src=\"http:\/\/portalfloresnoar.com\/floresnoar\/wp-content\/uploads\/2019\/10\/dan\u00e7a-do-ventre-recife.jpg\" alt=\"\" width=\"601\" height=\"789\" \/><\/p>\n<p>A terapeuta corporal Josie Duarte incia no dia 29 de outubro de 2019, no Recife, uma nova turma\u00a0de Dan\u00e7a do Ventre Curativa. Ao todo ser\u00e3o oito encontros, sempre nas ter\u00e7as-feiras, \u00e0s 8h30 da manh\u00e3, no Espa\u00e7o Gerar, localizado no bairro de Casa Forte.<\/p>\n<p>&#8220;No grupo ser\u00e3o trabalhados elementos pelo olhar da ci\u00eancia eg\u00edpcia, num redespertar de movimentos vitais para a sa\u00fade da mulher atrav\u00e9s da dan\u00e7a do ventre&#8221;, explica Josie.<\/p>\n<p>CONTE\u00daDO ABORDADO<br \/>\n&#8211; Consci\u00eancia emocional das doen\u00e7as f\u00edsicas do corpo;<br \/>\n&#8211; Consci\u00eancia f\u00edsica de movimentos pela dan\u00e7a do ventre em \u00e1reas do corpo que dialogam com somatiza\u00e7\u00f5es e conte\u00fados inconscientes de cren\u00e7as;<br \/>\n&#8211; Exerc\u00edcios para vitalizar regi\u00f5es corporais em efeitos de somatiza\u00e7\u00e3o.<\/p>\n<p>FACILITADORA<br \/>\nJosie Duarte \u00e9 terapeuta corporal h\u00e1 20 anos, trabalhando com recursos de escuta emocional que desenvolve a consci\u00eancia curativa, atrav\u00e9s de dan\u00e7as femininas do Antigo Egito, auxiliando mulheres a si autoconhecerem. Ministra cursos e viv\u00eancias de Dan\u00e7a do Ventre Curativa no Brasil.<\/p>\n<p><strong>Nova turma\u00a0de Dan\u00e7a do Ventre Curativa<\/strong><br \/>\n<strong>In\u00edcio:<\/strong> 29\/10\/2019<br \/>\n<strong>Hora:<\/strong> 8h30 da manh\u00e3<br \/>\n<strong>Local:<\/strong> GERAR ARTETERAPIA E BEM-ESTAR &#8211;\u00a0Rua Jorge de Albuquerque, 103, Casa Forte, Recife\/PE, Fone: (81) 3268.1749<br \/>\n<strong>Investimento:<\/strong> R$ 300,00 ( 2X de R$150,00)<\/p>\n<p><strong>INSCRI\u00c7\u00d5ES E MAIS INFORMA\u00c7\u00d5ES<\/strong><br \/>\n(81) 99760.6383<\/p>\n","protected":false},"excerpt":{"rendered":"<p>A terapeuta corporal Josie Duarte incia no dia 29 de outubro de 2019, no Recife, uma nova turma\u00a0de Dan\u00e7a do Ventre Curativa. Ao todo ser\u00e3o oito encontros, sempre nas ter\u00e7as-feiras, \u00e0s 8h30 da manh\u00e3, no Espa\u00e7o Gerar, localizado no bairro de Casa Forte. &#8220;No grupo ser\u00e3o trabalhados elementos pelo olhar da ci\u00eancia eg\u00edpcia, num redespertar [&hellip;]<\/p>\n","protected":false},"author":1,"featured_media":37140,"comment_status":"open","ping_status":"open","sticky":false,"template":"","format":"standard","meta":{"om_disable_all_campaigns":false,"_monsterinsights_skip_tracking":false,"_monsterinsights_sitenote_active":false,"_monsterinsights_sitenote_note":"","_monsterinsights_sitenote_category":0,"footnotes":""},"categories":[8,214],"tags":[345,244,42,288,716,137,760,876],"acf":[],"publishpress_future_action":{"enabled":false,"date":"1969-12-31 21:00:00","action":"","terms":[],"taxonomy":"","browser_timezone_offset":0},"_links":{"self":[{"href":"https:\/\/portalfloresnoar.com\/floresnoar\/wp-json\/wp\/v2\/posts\/37138"}],"collection":[{"href":"https:\/\/portalfloresnoar.com\/floresnoar\/wp-json\/wp\/v2\/posts"}],"about":[{"href":"https:\/\/portalfloresnoar.com\/floresnoar\/wp-json\/wp\/v2\/types\/post"}],"author":[{"embeddable":true,"href":"https:\/\/portalfloresnoar.com\/floresnoar\/wp-json\/wp\/v2\/users\/1"}],"replies":[{"embeddable":true,"href":"https:\/\/portalfloresnoar.com\/floresnoar\/wp-json\/wp\/v2\/comments?post=37138"}],"version-history":[{"count":0,"href":"https:\/\/portalfloresnoar.com\/floresnoar\/wp-json\/wp\/v2\/posts\/37138\/revisions"}],"wp:featuredmedia":[{"embeddable":true,"href":"https:\/\/portalfloresnoar.com\/floresnoar\/wp-json\/wp\/v2\/media\/37140"}],"wp:attachment":[{"href":"https:\/\/portalfloresnoar.com\/floresnoar\/wp-json\/wp\/v2\/media?parent=37138"}],"wp:term":[{"taxonomy":"category","embeddable":true,"href":"https:\/\/portalfloresnoar.com\/floresnoar\/wp-json\/wp\/v2\/categories?post=37138"},{"taxonomy":"post_tag","embeddable":true,"href":"https:\/\/portalfloresnoar.com\/floresnoar\/wp-json\/wp\/v2\/tags?post=37138"}],"curies":[{"name":"wp","href":"https:\/\/api.w.org\/{rel}","templated":true}]}}