

{"id":37120,"date":"2019-10-20T09:39:08","date_gmt":"2019-10-20T12:39:08","guid":{"rendered":"http:\/\/portalfloresnoar.com\/floresnoar\/?p=37120"},"modified":"2019-11-14T10:27:52","modified_gmt":"2019-11-14T13:27:52","slug":"agenda-pe-escola-waldorf-recife-tera-fundamental-ii-em-2020","status":"publish","type":"post","link":"https:\/\/portalfloresnoar.com\/floresnoar\/agenda-pe-escola-waldorf-recife-tera-fundamental-ii-em-2020\/","title":{"rendered":"[AGENDA PE] Escola Waldorf Recife ter\u00e1 fundamental II em 2020"},"content":{"rendered":"<p><img decoding=\"async\" loading=\"lazy\" class=\"aligncenter wp-image-37145 size-full\" src=\"http:\/\/portalfloresnoar.com\/floresnoar\/wp-content\/uploads\/2019\/10\/escola-waldorf-recife-fundamental-II.jpg\" alt=\"\" width=\"555\" height=\"555\" srcset=\"https:\/\/portalfloresnoar.com\/floresnoar\/wp-content\/uploads\/2019\/10\/escola-waldorf-recife-fundamental-II.jpg 555w, https:\/\/portalfloresnoar.com\/floresnoar\/wp-content\/uploads\/2019\/10\/escola-waldorf-recife-fundamental-II-150x150.jpg 150w, https:\/\/portalfloresnoar.com\/floresnoar\/wp-content\/uploads\/2019\/10\/escola-waldorf-recife-fundamental-II-300x300.jpg 300w, https:\/\/portalfloresnoar.com\/floresnoar\/wp-content\/uploads\/2019\/10\/escola-waldorf-recife-fundamental-II-100x100.jpg 100w\" sizes=\"(max-width: 555px) 100vw, 555px\" \/><\/p>\n<p>A Escola Waldorf Recife oferecer\u00e1 o Ensino Fundamental II em 2020.\u201cCompletamos 20 anos e sentimos uma grande alegria com este novo passo. Estamos felizes em proporcionar mais tempo de Pedagogia Waldorf para os alunos, como tamb\u00e9m receber novas fam\u00edlias que desejem integrar nossa comunidade.\u201d, declara Inoc\u00eancia Wanderley, uma das fundadoras da Escola Waldorf Recife.<\/p>\n<p><strong>SOBRE A PEDAGOGIA WALDORF\u00a0<\/strong><br \/>\nA Pedagogia Waldorf foi introduzida pelo austr\u00edaco Rudolf Steiner em 1919, em Stuttgart, Alemanha, inicialmente atrav\u00e9s de uma escola para os filhos dos oper\u00e1rios da f\u00e1brica de cigarros Waldorf-Ast\u00f3ria (da\u00ed seu nome). Distinguindo-se por ideais e m\u00e9todos pedag\u00f3gicos at\u00e9 hoje revolucion\u00e1rios, ela cresce continuamente e hoje conta com mais de mil escolas independentes e dois mil jardins da inf\u00e2ncia no mundo inteiro.<\/p>\n<p>A Pedagogia Waldorf baseia-se no respeito \u00e0 individualidade de cada crian\u00e7a e no desenvolvimento dos seus pr\u00f3prios talentos e capacidades, levando-se em conta o temperamento de cada um. Esta concep\u00e7\u00e3o considera as diferentes caracter\u00edsticas das crian\u00e7as e jovens em forma\u00e7\u00e3o.<\/p>\n<p>A Pedagogia \u00e9 pautada pelo respeito \u00e0s fases de amadurecimento dos alunos, cuidando para n\u00e3o estimul\u00e1-los e sobrecarreg\u00e1-los com conte\u00fados que ainda n\u00e3o t\u00eam maturidade f\u00edsica, emocional e intelectual para absorver e praticar, mesmo se mostrando capazes de responder, se estimulados. As aptid\u00f5es e conhecimentos s\u00e3o introduzidos quando os alunos est\u00e3o prontos para adquiri-los, o que lhes assegura a qualidade e a consist\u00eancia dos aprendizados.<\/p>\n<p>A partir dos doze anos, as crian\u00e7as j\u00e1 acordaram, com entusiasmo, para o mundo ao redor, e o curr\u00edculo do sexto ao oitavo ano \u00e9 formulado para prover experi\u00eancias que se encaixem na nova habilidade e forma de pensar dos estudantes: a compreens\u00e3o a partir da raz\u00e3o, da l\u00f3gica.<\/p>\n<p>As rela\u00e7\u00f5es de causa e efeito s\u00e3o intensamente vivenciadas e, assim, exploradas nos temas curriculares. O mundo, para o jovem, passa a se delinear em termos absolutos entre o certo e errado, e este passa a observ\u00e1-lo a fim de reconhecer o que o mundo lhes pede. Inicia-se o treinamento consequente da observa\u00e7\u00e3o e descri\u00e7\u00e3o para se chegar \u00e0 descoberta dos princ\u00edpios e leis que a tudo regem. F\u00edsica, Qu\u00edmica, Geometria, Astronomia, Mineralogia, Hist\u00f3ria&#8230;<\/p>\n<p>Desenvolver esta capacidade de compreens\u00e3o torna as disciplinas do Ensino Fundamental II um caminho para que os estudantes sigam para o mundo com \u00e9tica, compaix\u00e3o e coragem.<\/p>\n<p><strong>Endere\u00e7o:<\/strong> Escola Waldorf Recife, Unidade I &#8211; Rua Regueira Costa 166, Rosarinho, PE<\/p>\n<p><strong>Mais informa\u00e7\u00f5es:<\/strong> (81) 3441.0703<\/p>\n","protected":false},"excerpt":{"rendered":"<p>A Escola Waldorf Recife oferecer\u00e1 o Ensino Fundamental II em 2020.\u201cCompletamos 20 anos e sentimos uma grande alegria com este novo passo. Estamos felizes em proporcionar mais tempo de Pedagogia Waldorf para os alunos, como tamb\u00e9m receber novas fam\u00edlias que desejem integrar nossa comunidade.\u201d, declara Inoc\u00eancia Wanderley, uma das fundadoras da Escola Waldorf Recife. SOBRE [&hellip;]<\/p>\n","protected":false},"author":1,"featured_media":37122,"comment_status":"open","ping_status":"open","sticky":false,"template":"","format":"standard","meta":{"om_disable_all_campaigns":false,"_monsterinsights_skip_tracking":false,"_monsterinsights_sitenote_active":false,"_monsterinsights_sitenote_note":"","_monsterinsights_sitenote_category":0,"footnotes":""},"categories":[8,214],"tags":[23,670,383,115,624],"acf":[],"publishpress_future_action":{"enabled":false,"date":"1969-12-31 21:00:00","action":"","terms":[],"taxonomy":"","browser_timezone_offset":0},"_links":{"self":[{"href":"https:\/\/portalfloresnoar.com\/floresnoar\/wp-json\/wp\/v2\/posts\/37120"}],"collection":[{"href":"https:\/\/portalfloresnoar.com\/floresnoar\/wp-json\/wp\/v2\/posts"}],"about":[{"href":"https:\/\/portalfloresnoar.com\/floresnoar\/wp-json\/wp\/v2\/types\/post"}],"author":[{"embeddable":true,"href":"https:\/\/portalfloresnoar.com\/floresnoar\/wp-json\/wp\/v2\/users\/1"}],"replies":[{"embeddable":true,"href":"https:\/\/portalfloresnoar.com\/floresnoar\/wp-json\/wp\/v2\/comments?post=37120"}],"version-history":[{"count":0,"href":"https:\/\/portalfloresnoar.com\/floresnoar\/wp-json\/wp\/v2\/posts\/37120\/revisions"}],"wp:featuredmedia":[{"embeddable":true,"href":"https:\/\/portalfloresnoar.com\/floresnoar\/wp-json\/wp\/v2\/media\/37122"}],"wp:attachment":[{"href":"https:\/\/portalfloresnoar.com\/floresnoar\/wp-json\/wp\/v2\/media?parent=37120"}],"wp:term":[{"taxonomy":"category","embeddable":true,"href":"https:\/\/portalfloresnoar.com\/floresnoar\/wp-json\/wp\/v2\/categories?post=37120"},{"taxonomy":"post_tag","embeddable":true,"href":"https:\/\/portalfloresnoar.com\/floresnoar\/wp-json\/wp\/v2\/tags?post=37120"}],"curies":[{"name":"wp","href":"https:\/\/api.w.org\/{rel}","templated":true}]}}