

{"id":37107,"date":"2019-08-01T22:30:28","date_gmt":"2019-08-02T01:30:28","guid":{"rendered":"http:\/\/portalfloresnoar.com\/floresnoar\/?p=37107"},"modified":"2019-11-15T12:09:42","modified_gmt":"2019-11-15T15:09:42","slug":"agenda-pe-encontro-com-a-benzedeira-dia-1511-com-lenisia-septimio-no-recife","status":"publish","type":"post","link":"https:\/\/portalfloresnoar.com\/floresnoar\/agenda-pe-encontro-com-a-benzedeira-dia-1511-com-lenisia-septimio-no-recife\/","title":{"rendered":"[AGENDA PE] &#8216;Encontro com a Benzedeira&#8217; dia 15\/11, com Len\u00edsia Sept\u00edmio, no Recife"},"content":{"rendered":"<p><img decoding=\"async\" loading=\"lazy\" class=\"aligncenter wp-image-37109 size-large\" src=\"http:\/\/portalfloresnoar.com\/floresnoar\/wp-content\/uploads\/2019\/10\/encontro-com-a-benzedeira-495x700.jpg\" alt=\"\" width=\"495\" height=\"700\" srcset=\"https:\/\/portalfloresnoar.com\/floresnoar\/wp-content\/uploads\/2019\/10\/encontro-com-a-benzedeira-495x700.jpg 495w, https:\/\/portalfloresnoar.com\/floresnoar\/wp-content\/uploads\/2019\/10\/encontro-com-a-benzedeira-212x300.jpg 212w, https:\/\/portalfloresnoar.com\/floresnoar\/wp-content\/uploads\/2019\/10\/encontro-com-a-benzedeira.jpg 690w\" sizes=\"(max-width: 495px) 100vw, 495px\" \/><\/p>\n<p>No dia 15 de novembro de 2019 ser\u00e1 realizado no Recife o evento &#8216;Encontro com a Benzedeira&#8217;, com Len\u00edsia Sept\u00edmio, que h\u00e1 57 anos estuda e trabalha com plantas medicinais no estado de Goi\u00e1s.<\/p>\n<p>No encontro, Len\u00edsia explicar\u00e1 como atuam as ervas para a limpeza energ\u00e9tica e espiritual, assim como a escolha de cada erva e para que cada uma serve no of\u00edcio do benzer.<\/p>\n<p>Os interessados em aprofundar os conhecimentos com Len\u00edsia, poder\u00e3o tamb\u00e9m fazer o <a href=\"http:\/\/portalfloresnoar.com\/floresnoar\/agenda-pe-curso-basico-de-naturopatia-com-lenisia-septimio-dias-16-e-1711-no-recife\/\" target=\"_blank\" rel=\"noopener\"><strong>Curso B\u00e1sico de Naturopatia<\/strong><\/a>, que ela conduzir\u00e1 nos dias 16 e 17 de novembro, no mesmo local.\u00a0 N\u00e3o se exige nenhum conhecimento pr\u00e9vio para nenhum dos dois eventos.<\/p>\n<p>Len\u00edsia Ruas Sept\u00edmio \u00e9\u00a0etnobot\u00e2nica, t\u00e9cnica em Nutri\u00e7\u00e3o, formada em Letras, e h\u00e1 57 anos estuda e trabalha com plantas medicinais. Al\u00e9m da realiza\u00e7\u00e3o de cursos por todo o pa\u00eds, ela profere palestras e prepara ch\u00e1s e rem\u00e9dios com as ervas, respeitando o conhecimento tradicional recebido de seu pai. A pesquisadora j\u00e1 foi certificada por seis vezes pela Sociedade Bot\u00e2nica do Brasil, al\u00e9m de ter seus trabalhos apresentados em congressos, entre eles o 4\u00ba Simp\u00f3sio de Bot\u00e2nica, realizado em Cuba, em 1993, quando apresentou o trabalho \u201cPlantas Medicinales del Cerrado de Uso Popular\u201d. No per\u00edodo de 1992 a 1995 atuou no Jardim Bot\u00e2nico de Bras\u00edlia, escreveu o livro resultado das suas pesquisas \u201cA Fitoterapia Baseada em Ervas Medicinais do Cerrado\u201d.<\/p>\n<p>SERVI\u00c7O<br \/>\n<strong>Encontro com a Benzedeira<\/strong><br \/>\n<strong>Data:<\/strong> 15 de novembro de 2019 (sexta-feira, feriado)<br \/>\n<strong>Hora:<\/strong> 8h30 \u00e0s 16h<br \/>\n<strong>Local:<\/strong> Farm\u00e1cia Pir\u00e2mide (Rua Viscondessa do Livramento, 198 &#8211; Derby)<br \/>\n<strong>Investimento:<\/strong> R$ 180,00 \u00e0 vista (ou R$ 210,00 em 2x sem juros)<br \/>\n<em>Obs.: Os interessados em participar dos dois eventos (Encontro de Benzedeiras e <a href=\"http:\/\/portalfloresnoar.com\/floresnoar\/agenda-pe-curso-basico-de-naturopatia-com-lenisia-septimio-dias-16-e-1711-no-recife\/\" target=\"_blank\" rel=\"noopener\">Curso B\u00e1sico de Naturopatia<\/a>) t\u00eam desconto no pagamento.<\/em><\/p>\n<p>INSCRI\u00c7\u00d5ES E MAIS INFORMA\u00c7\u00d5ES<br \/>\n(81) 99722-8085 &#8211; Maria Gabriela<\/p>\n<p><em><strong>Veja tamb\u00e9m:<\/strong><\/em><\/p>\n<blockquote class=\"wp-embedded-content\" data-secret=\"InmYEijDAw\"><p><a href=\"http:\/\/portalfloresnoar.com\/floresnoar\/agenda-pe-curso-basico-de-naturopatia-com-lenisia-septimio-dias-16-e-1711-no-recife\/\">[AGENDA PE] Curso B\u00e1sico de Naturopatia com Len\u00edsia Sept\u00edmio, dias 16 e 17\/11, no Recife<\/a><\/p><\/blockquote>\n<p><iframe class=\"wp-embedded-content\" sandbox=\"allow-scripts\" security=\"restricted\" style=\"position: absolute; clip: rect(1px, 1px, 1px, 1px);\" src=\"http:\/\/portalfloresnoar.com\/floresnoar\/agenda-pe-curso-basico-de-naturopatia-com-lenisia-septimio-dias-16-e-1711-no-recife\/embed\/#?secret=InmYEijDAw\" data-secret=\"InmYEijDAw\" width=\"500\" height=\"282\" title=\"&#8220;[AGENDA PE] Curso B\u00e1sico de Naturopatia com Len\u00edsia Sept\u00edmio, dias 16 e 17\/11, no Recife&#8221; &#8212; Flores no Ar\" frameborder=\"0\" marginwidth=\"0\" marginheight=\"0\" scrolling=\"no\"><\/iframe><\/p>\n","protected":false},"excerpt":{"rendered":"<p>No dia 15 de novembro de 2019 ser\u00e1 realizado no Recife o evento &#8216;Encontro com a Benzedeira&#8217;, com Len\u00edsia Sept\u00edmio, que h\u00e1 57 anos estuda e trabalha com plantas medicinais no estado de Goi\u00e1s. No encontro, Len\u00edsia explicar\u00e1 como atuam as ervas para a limpeza energ\u00e9tica e espiritual, assim como a escolha de cada erva [&hellip;]<\/p>\n","protected":false},"author":1,"featured_media":37108,"comment_status":"open","ping_status":"open","sticky":false,"template":"","format":"standard","meta":{"om_disable_all_campaigns":false,"_monsterinsights_skip_tracking":false,"_monsterinsights_sitenote_active":false,"_monsterinsights_sitenote_note":"","_monsterinsights_sitenote_category":0,"footnotes":""},"categories":[8,214],"tags":[873,872,875,874,75,328],"acf":[],"publishpress_future_action":{"enabled":false,"date":"1969-12-31 21:00:00","action":"","terms":[],"taxonomy":"","browser_timezone_offset":0},"_links":{"self":[{"href":"https:\/\/portalfloresnoar.com\/floresnoar\/wp-json\/wp\/v2\/posts\/37107"}],"collection":[{"href":"https:\/\/portalfloresnoar.com\/floresnoar\/wp-json\/wp\/v2\/posts"}],"about":[{"href":"https:\/\/portalfloresnoar.com\/floresnoar\/wp-json\/wp\/v2\/types\/post"}],"author":[{"embeddable":true,"href":"https:\/\/portalfloresnoar.com\/floresnoar\/wp-json\/wp\/v2\/users\/1"}],"replies":[{"embeddable":true,"href":"https:\/\/portalfloresnoar.com\/floresnoar\/wp-json\/wp\/v2\/comments?post=37107"}],"version-history":[{"count":0,"href":"https:\/\/portalfloresnoar.com\/floresnoar\/wp-json\/wp\/v2\/posts\/37107\/revisions"}],"wp:featuredmedia":[{"embeddable":true,"href":"https:\/\/portalfloresnoar.com\/floresnoar\/wp-json\/wp\/v2\/media\/37108"}],"wp:attachment":[{"href":"https:\/\/portalfloresnoar.com\/floresnoar\/wp-json\/wp\/v2\/media?parent=37107"}],"wp:term":[{"taxonomy":"category","embeddable":true,"href":"https:\/\/portalfloresnoar.com\/floresnoar\/wp-json\/wp\/v2\/categories?post=37107"},{"taxonomy":"post_tag","embeddable":true,"href":"https:\/\/portalfloresnoar.com\/floresnoar\/wp-json\/wp\/v2\/tags?post=37107"}],"curies":[{"name":"wp","href":"https:\/\/api.w.org\/{rel}","templated":true}]}}