

{"id":37103,"date":"2019-07-07T10:29:33","date_gmt":"2019-07-07T13:29:33","guid":{"rendered":"http:\/\/portalfloresnoar.com\/floresnoar\/?p=37103"},"modified":"2019-11-18T19:42:10","modified_gmt":"2019-11-18T22:42:10","slug":"agenda-pe-curso-basico-de-naturopatia-com-lenisia-septimio-dias-16-e-1711-no-recife","status":"publish","type":"post","link":"https:\/\/portalfloresnoar.com\/floresnoar\/agenda-pe-curso-basico-de-naturopatia-com-lenisia-septimio-dias-16-e-1711-no-recife\/","title":{"rendered":"[AGENDA PE] Curso B\u00e1sico de Naturopatia com Len\u00edsia Sept\u00edmio, dias 16 e 17\/11, no Recife"},"content":{"rendered":"<div><img decoding=\"async\" loading=\"lazy\" class=\"aligncenter wp-image-37104 size-large\" src=\"http:\/\/portalfloresnoar.com\/floresnoar\/wp-content\/uploads\/2019\/10\/curso-naturopatia-basica-lenisia-novembro-2019-495x700.jpg\" alt=\"\" width=\"495\" height=\"700\" srcset=\"https:\/\/portalfloresnoar.com\/floresnoar\/wp-content\/uploads\/2019\/10\/curso-naturopatia-basica-lenisia-novembro-2019-495x700.jpg 495w, https:\/\/portalfloresnoar.com\/floresnoar\/wp-content\/uploads\/2019\/10\/curso-naturopatia-basica-lenisia-novembro-2019-212x300.jpg 212w, https:\/\/portalfloresnoar.com\/floresnoar\/wp-content\/uploads\/2019\/10\/curso-naturopatia-basica-lenisia-novembro-2019.jpg 690w\" sizes=\"(max-width: 495px) 100vw, 495px\" \/><\/div>\n<p>A benzedeira e etnobot\u00e2nica Len\u00edsia Sept\u00edmio facilita, no Recife, nos dias 16 e 17 de novembro de 2019 o Curso B\u00e1sico de Naturopatia, onde ser\u00e3o abordados o feitio e uso de ervas, \u00f3leos medicinais, tinturas e florais. O encontro ser\u00e1 das 9h \u00e0s 18h, na Farm\u00e1cia Pir\u00e2mide, localizada no bairro do Derby.<\/p>\n<p>Na sexta-feira, 15\/11, Len\u00edsia realizar\u00e1 a oficina<strong> &#8216;Encontro com a Benzedeira&#8217;<\/strong>. Confira as informa\u00e7\u00f5es <a href=\"http:\/\/portalfloresnoar.com\/floresnoar\/agenda-pe-encontro-com-a-benzedeira-dia-1511-com-lenisia-septimio-no-recife\/\" target=\"_blank\" rel=\"noopener\"><strong>NESTE LINK<\/strong>!<\/a><\/p>\n<p>A etnobot\u00e2nica Len\u00edsia Sept\u00edmio \u00e9 membro da Sociedade Bot\u00e2nica Brasileira, t\u00e9cnica de nutri\u00e7\u00e3o e formada em Letras, h\u00e1 57 anos estuda e trabalha com plantas medicinais no estado de Goi\u00e1s. Al\u00e9m da realiza\u00e7\u00e3o de cursos por todo o pa\u00eds, ela profere palestras e prepara ch\u00e1s e rem\u00e9dios com as ervas, respeitando o conhecimento tradicional recebido de seu pai. A pesquisadora j\u00e1 foi certificada por seis vezes pela Sociedade Bot\u00e2nica do Brasil, al\u00e9m de ter seus trabalhos apresentados em congressos, entre eles o 4\u00ba Simp\u00f3sio de Bot\u00e2nica, realizado em Cuba, em 1993, quando apresentou o trabalho \u201cPlantas Medicinales del Cerrado de Uso Popular\u201d. No per\u00edodo de 1992 a 1995 atuou no Jardim Bot\u00e2nico de Bras\u00edlia, escreveu o livro resultado das suas pesquisas \u201cA Fitoterapia Baseada em Ervas Medicinais do Cerrado\u201d.<\/p>\n<p>CONTE\u00daDO PROGRAM\u00c1TICO DO CURSO<br \/>\n&gt; Uso e estudo das ervas, alimentos e plantas<br \/>\n&gt; Tintura da Sa\u00fade (harmoniza\u00e7\u00e3o de in\u00fameras doen\u00e7as atrav\u00e9s dos extratos alco\u00f3licos das plantas e receitas ancestrais)<br \/>\n&gt; \u00d3leos medicados<br \/>\n&gt; Sa\u00fade, beleza e alimenta\u00e7\u00e3o saud\u00e1vel voltado para harmonizar o corpo f\u00edsico das doen\u00e7as e ter uma vida saud\u00e1vel<br \/>\n&gt; Como colher e fabricar florais<\/p>\n<p>SERVI\u00c7O<br \/>\n<strong>Curso B\u00e1sico de Naturopatia<\/strong><br \/>\n<strong>Data:<\/strong> 16 e 17 de novembro de 2019<br \/>\n<strong>Hor\u00e1rio:<\/strong> 9h \u00e0s 18h<br \/>\n<strong>Local:<\/strong> Farm\u00e1cia Pir\u00e2mide &#8211; Rua Viscondessa do Livramento, 198 &#8211; Derby, Recife\/PE<br \/>\n<strong>Investimento:<\/strong> R$ 520,00 (no cart\u00e3o em 6x sem juros ou mais vezes com a % do cart\u00e3o)<br \/>\n<em>Obs.: Certificado e material inclusos<\/em><\/p>\n<p><strong>INSCRI\u00c7\u00d5ES E MAIS INFORMA\u00c7\u00d5ES<\/strong><br \/>\n(81) 99722.8085 &#8211; Gabriela<\/p>\n<p><em><strong>Veja tamb\u00e9m:<\/strong><\/em><\/p>\n<blockquote class=\"wp-embedded-content\" data-secret=\"262HjhBpeX\"><p><a href=\"http:\/\/portalfloresnoar.com\/floresnoar\/agenda-pe-encontro-com-a-benzedeira-dia-1511-com-lenisia-septimio-no-recife\/\">[AGENDA PE] &#8216;Encontro com a Benzedeira&#8217; dia 15\/11, com Len\u00edsia Sept\u00edmio, no Recife<\/a><\/p><\/blockquote>\n<p><iframe class=\"wp-embedded-content\" sandbox=\"allow-scripts\" security=\"restricted\" style=\"position: absolute; clip: rect(1px, 1px, 1px, 1px);\" src=\"http:\/\/portalfloresnoar.com\/floresnoar\/agenda-pe-encontro-com-a-benzedeira-dia-1511-com-lenisia-septimio-no-recife\/embed\/#?secret=262HjhBpeX\" data-secret=\"262HjhBpeX\" width=\"500\" height=\"282\" title=\"&#8220;[AGENDA PE] &#8216;Encontro com a Benzedeira&#8217; dia 15\/11, com Len\u00edsia Sept\u00edmio, no Recife&#8221; &#8212; Flores no Ar\" frameborder=\"0\" marginwidth=\"0\" marginheight=\"0\" scrolling=\"no\"><\/iframe><\/p>\n","protected":false},"excerpt":{"rendered":"<p>A benzedeira e etnobot\u00e2nica Len\u00edsia Sept\u00edmio facilita, no Recife, nos dias 16 e 17 de novembro de 2019 o Curso B\u00e1sico de Naturopatia, onde ser\u00e3o abordados o feitio e uso de ervas, \u00f3leos medicinais, tinturas e florais. O encontro ser\u00e1 das 9h \u00e0s 18h, na Farm\u00e1cia Pir\u00e2mide, localizada no bairro do Derby. Na sexta-feira, 15\/11, [&hellip;]<\/p>\n","protected":false},"author":1,"featured_media":37105,"comment_status":"open","ping_status":"open","sticky":false,"template":"","format":"standard","meta":{"om_disable_all_campaigns":false,"_monsterinsights_skip_tracking":false,"_monsterinsights_sitenote_active":false,"_monsterinsights_sitenote_note":"","_monsterinsights_sitenote_category":0,"footnotes":""},"categories":[8,214],"tags":[167,75,70,410],"acf":[],"publishpress_future_action":{"enabled":false,"date":"1969-12-31 21:00:00","action":"","terms":[],"taxonomy":"","browser_timezone_offset":0},"_links":{"self":[{"href":"https:\/\/portalfloresnoar.com\/floresnoar\/wp-json\/wp\/v2\/posts\/37103"}],"collection":[{"href":"https:\/\/portalfloresnoar.com\/floresnoar\/wp-json\/wp\/v2\/posts"}],"about":[{"href":"https:\/\/portalfloresnoar.com\/floresnoar\/wp-json\/wp\/v2\/types\/post"}],"author":[{"embeddable":true,"href":"https:\/\/portalfloresnoar.com\/floresnoar\/wp-json\/wp\/v2\/users\/1"}],"replies":[{"embeddable":true,"href":"https:\/\/portalfloresnoar.com\/floresnoar\/wp-json\/wp\/v2\/comments?post=37103"}],"version-history":[{"count":0,"href":"https:\/\/portalfloresnoar.com\/floresnoar\/wp-json\/wp\/v2\/posts\/37103\/revisions"}],"wp:featuredmedia":[{"embeddable":true,"href":"https:\/\/portalfloresnoar.com\/floresnoar\/wp-json\/wp\/v2\/media\/37105"}],"wp:attachment":[{"href":"https:\/\/portalfloresnoar.com\/floresnoar\/wp-json\/wp\/v2\/media?parent=37103"}],"wp:term":[{"taxonomy":"category","embeddable":true,"href":"https:\/\/portalfloresnoar.com\/floresnoar\/wp-json\/wp\/v2\/categories?post=37103"},{"taxonomy":"post_tag","embeddable":true,"href":"https:\/\/portalfloresnoar.com\/floresnoar\/wp-json\/wp\/v2\/tags?post=37103"}],"curies":[{"name":"wp","href":"https:\/\/api.w.org\/{rel}","templated":true}]}}