

{"id":37025,"date":"2009-09-26T07:00:23","date_gmt":"2009-09-26T10:00:23","guid":{"rendered":"http:\/\/portalfloresnoar.com\/floresnoar\/?p=37025"},"modified":"2023-09-15T23:06:12","modified_gmt":"2023-09-16T02:06:12","slug":"canto-de-lu-cordel-da-tv-digital-2","status":"publish","type":"post","link":"https:\/\/portalfloresnoar.com\/floresnoar\/canto-de-lu-cordel-da-tv-digital-2\/","title":{"rendered":"[CANTO DE LU] Cordel da TV Digital"},"content":{"rendered":"<p><img decoding=\"async\" loading=\"lazy\" class=\"aligncenter wp-image-32041\" src=\"http:\/\/portalfloresnoar.com\/floresnoar\/wp-content\/uploads\/2018\/01\/cordel-da-tv-digital-lu-rabelo.jpg\" alt=\"\" width=\"678\" height=\"376\" srcset=\"https:\/\/portalfloresnoar.com\/floresnoar\/wp-content\/uploads\/2018\/01\/cordel-da-tv-digital-lu-rabelo.jpg 710w, https:\/\/portalfloresnoar.com\/floresnoar\/wp-content\/uploads\/2018\/01\/cordel-da-tv-digital-lu-rabelo-300x166.jpg 300w, https:\/\/portalfloresnoar.com\/floresnoar\/wp-content\/uploads\/2018\/01\/cordel-da-tv-digital-lu-rabelo-700x388.jpg 700w, https:\/\/portalfloresnoar.com\/floresnoar\/wp-content\/uploads\/2018\/01\/cordel-da-tv-digital-lu-rabelo-672x372.jpg 672w\" sizes=\"(max-width: 678px) 100vw, 678px\" \/><\/p>\n<p>| <em>Por Lu Rabelo*<\/em> |<\/p>\n<p>Brasileiros aten\u00e7\u00e3o<br \/>\npro que t\u00e1 acontecendo!<br \/>\nO Pa\u00eds est\u00e1 vivendo<br \/>\nmomento de decis\u00e3o.<br \/>\nA nossa televis\u00e3o<br \/>\nt\u00e1 prestes a ser mudada,<br \/>\ne pode ser melhorada<br \/>\nse o povo se unir<br \/>\ne agindo exigir<br \/>\nTV democratizada.<\/p>\n<p>Eu vou tentar explicar:<br \/>\no Brasil tem que escolher<br \/>\nqual modelo de TV<br \/>\ndever\u00e1 ele implantar<br \/>\npara digitalizar<br \/>\na forma de transmiss\u00e3o<br \/>\nem nossa televis\u00e3o.<br \/>\nSe escolhermos direito<br \/>\nser\u00e1 o passo perfeito<br \/>\npra democratiza\u00e7\u00e3o.<\/p>\n<p>\u00c9 importante saber<br \/>\nque \u00e9 p\u00fablica a concess\u00e3o<br \/>\nde r\u00e1dio e televis\u00e3o.<br \/>\nE se \u00e9 assim por que<br \/>\ns\u00f3 t\u00e1 na m\u00e3o de um poder<br \/>\ne n\u00e3o nos bra\u00e7os do povo?<br \/>\nMas pra n\u00f3s sobra o estorvo<br \/>\nde n\u00e3o poder se escutar,<br \/>\nde n\u00e3o poder se mostrar<br \/>\nporque eles cortam o novo.<\/p>\n<p>Com a TV digital,<br \/>\nem um mesmo equipamento,<br \/>\nhaver\u00e1 recebimento<br \/>\nde um tal multicanal,<br \/>\npois em um mesmo sinal<br \/>\ncaber\u00e3o quatro canais<br \/>\nque abertos e plurais<br \/>\nser\u00e3o meios de express\u00e3o,<br \/>\nmeios de transforma\u00e7\u00e3o,<br \/>\ndas mis\u00e9rias sociais.<\/p>\n<p>Quem Internet n\u00e3o tem,<br \/>\nnem sabe o que \u00e9 e-mail,<br \/>\ndesfrutar\u00e1 desse meio<br \/>\ne outras coisas tamb\u00e9m,<br \/>\npois a tal TV cont\u00e9m<br \/>\ntudo isso reunido,<br \/>\nbastando ser escolhido<br \/>\no modelo ideal<br \/>\npra inclus\u00e3o social<br \/>\ndo nosso povo oprimido.<\/p>\n<p>\u00c9 a chance da maioria<br \/>\npoder usar sua voz.<br \/>\n\u00c9 o momento de n\u00f3s<br \/>\nna m\u00eddia fazer poesia,<br \/>\nresgatar cidadania,<br \/>\necoar nossos anseios<br \/>\ngritar nossos aperreios<br \/>\npro mundo todo escutar<br \/>\ne podermos transmutar<br \/>\nesses gritos em gorjeios.<\/p>\n<p>Produ\u00e7\u00e3o independente<br \/>\nganhar\u00e1 devido espa\u00e7o<br \/>\ne dar\u00e1 o grande passo<br \/>\nde enfim plantar semente<br \/>\nde uma programa\u00e7\u00e3o decente,<br \/>\nbem mais regionalizada,<br \/>\nbem mais diversificada,<br \/>\ndifusora de culturas,<br \/>\nlivre de qualquer censura<br \/>\na nada mais amarrada.<\/p>\n<p>Mas essa realidade<br \/>\nt\u00e3o sonhada por a gente<br \/>\ndepende do presidente<br \/>\nreagir com mais verdade.<br \/>\nE n\u00f3s, a sociedade,<br \/>\nentrar nessa discuss\u00e3o.<br \/>\nQue \u00e9 nossa a televis\u00e3o!<br \/>\nO ar, as ondas, a terra!<br \/>\nE s\u00f3 o que nos emperra<br \/>\n\u00e9 tanta concentra\u00e7\u00e3o.<\/p>\n<p>O Governo Federal,<br \/>\nmuito mal representado,<br \/>\ntem Ministro de Estado<br \/>\num empres\u00e1rio bo\u00e7al.<br \/>\nE a TV digital<br \/>\nimportante instrumento<br \/>\npara o desenvolvimento<br \/>\ncorre o risco de ficar<br \/>\ncomo sempre teve e t\u00e1<br \/>\nnas m\u00e3os de um poder nojento.<\/p>\n<p>O tal ministro citado,<br \/>\nque se chama H\u00e9lio Costa,<br \/>\nde fato somente aposta<br \/>\nno monop\u00f3lio privado,<br \/>\nneste empresariado<br \/>\nque recebeu concess\u00e3o<br \/>\nde r\u00e1dio e televis\u00e3o<br \/>\ne quer se perpetuar<br \/>\no \u00fanico a mandar<br \/>\nna nossa programa\u00e7\u00e3o.<\/p>\n<p>Tr\u00eas modelos s\u00e3o usados<br \/>\nem pa\u00edses estrangeiros.<br \/>\nFalta agora o brasileiro<br \/>\nque j\u00e1 vem sendo estudado,<br \/>\nmas n\u00e3o \u00e9 incentivado<br \/>\npelo ministro H\u00e9lio Costa<br \/>\nque com uma conversa bosta<br \/>\n&#8216;s\u00f3 que saber da imagem&#8217;<br \/>\ne do que tr\u00e1s de vantagem<br \/>\no com\u00e9rcio de resposta.<\/p>\n<p>H\u00e9lio j\u00e1 quer escolher<br \/>\no modelo do Jap\u00e3o.<br \/>\nE n\u00f3s, a popula\u00e7\u00e3o,<br \/>\nqueremos compreender<br \/>\npor que n\u00e3o desenvolver<br \/>\num modelo brasileiro<br \/>\ne trocar com o estrangeiro<br \/>\na nossa experi\u00eancia?<br \/>\n\u00c9 preciso paci\u00eancia<br \/>\nn\u00e3o pode ser t\u00e3o ligeiro.<\/p>\n<p>Nossa tecnologia<br \/>\npoder\u00e1 desenvolver<br \/>\num modelo de TV<br \/>\nque nos d\u00ea soberania,<br \/>\nimpulsione a economia<br \/>\npra benef\u00edcio geral,<br \/>\ne a pol\u00edtica industrial<br \/>\ntomar\u00e1 um novo impulso,<br \/>\nmas \u00e9 preciso ter pulso<br \/>\npro sonho virar real<\/p>\n<p>E a nossa r\u00e1dio querida<br \/>\num meio t\u00e3o genial?<br \/>\nTamb\u00e9m vai ser digital,<br \/>\nmas j\u00e1 t\u00e1 sendo ferida<br \/>\npor decis\u00e3o desmedida<br \/>\nque em teste colocou<br \/>\num modelo de coc\u00f4<br \/>\nl\u00e1 dos Estados Unidos<br \/>\nque precisa ser banido<br \/>\nextirpado com ardor.<\/p>\n<p>O tal modelo testado<br \/>\npelas grandes emissoras<br \/>\nparece uma vasssoura<br \/>\nvarrendo o nosso prado<br \/>\nquerendo-nos afastados<br \/>\ndo espectro radiof\u00f4nico,<br \/>\ndo nosso poder bi\u00f4nico,<br \/>\nde transportar nosso tom<br \/>\naos ares e a Poseidon,<br \/>\nnum ato l\u00edrico s\u00f4nico.<\/p>\n<p>Nossa comunica\u00e7\u00e3o<br \/>\nt\u00e1 \u00e9 toda atrapalhada<br \/>\nas leis j\u00e1 n\u00e3o valem nada,<br \/>\n\u00e9 grande a concentra\u00e7\u00e3o.<br \/>\nOs meios de produ\u00e7\u00e3o,<br \/>\ns\u00e3o os mesmos que transmitem,<br \/>\ns\u00f3 o que os donos permitem<br \/>\nj\u00e1 que muito \u00e9 censurado<br \/>\ne a gente fica obrigado<br \/>\nA receber o que emitem<\/p>\n<p>Eles querem capital,<br \/>\nnada mais os interessa,<br \/>\ne v\u00eam com uma conversa<br \/>\nde que querem o bem geral.<br \/>\nMas s\u00f3 o comercial<br \/>\nde fato os movimenta,<br \/>\ne a gente n\u00e3o mais aguenta<br \/>\nt\u00e3o grande desigualdade,<br \/>\nt\u00e3o louca sociedade,<br \/>\nque tanto nos atormenta.<\/p>\n<p>A discuss\u00e3o \u00e9 pol\u00edtica,<br \/>\nt\u00e9cnica e social<br \/>\ne nos \u00e9 fundamental<br \/>\numa vis\u00e3o mais hol\u00edstica,<br \/>\npois n\u00e3o \u00e9 s\u00f3 estat\u00edstica<br \/>\n\u00e9 cultura, educa\u00e7\u00e3o<br \/>\ne nossa legisla\u00e7\u00e3o<br \/>\ntem que ser remodelada<br \/>\npra ficar mais adequada<br \/>\n\u00e0 nova situa\u00e7\u00e3o.<\/p>\n<p>\u00c9 hora de acordar<br \/>\npois a comunica\u00e7\u00e3o<br \/>\n\u00e9 troca, \u00e9 intera\u00e7\u00e3o.<br \/>\nN\u00e3o d\u00e1 mais para ficar<br \/>\nda forma como est\u00e1<br \/>\nnas m\u00e3os de uma minoria<br \/>\nque defende a hegemonia<br \/>\nde cru\u00e9is monstros Globais<br \/>\nque se mant\u00eam voraz<br \/>\nroubando nossa fatia.<\/p>\n<p>Gente, comunica\u00e7\u00e3o<br \/>\n\u00e9 um direito humano!<br \/>\nN\u00e3o \u00e9 somente um cano<br \/>\nde passar informa\u00e7\u00e3o.<br \/>\n\u00c9 forma de comunh\u00e3o,<br \/>\nforma de sobreviv\u00eancia,<br \/>\nde expressar nossa ess\u00eancia,<br \/>\nde viver com liberdade,<br \/>\ncom mais naturalidade<br \/>\ne tamb\u00e9m mais consci\u00eancia.<\/p>\n<p>Recife, fevereiro de 2006<\/p>\n<p><em>* Lu Rabelo\u00a0\u00e9\u00a0<a href=\"https:\/\/www.facebook.com\/cantadeiralu\" target=\"_blank\" rel=\"noopener\">cantadeira<\/a>, <a href=\"https:\/\/www.instagram.com\/jardimarteterapeutico\/\" target=\"_blank\" rel=\"noopener\">arteterapeuta<\/a>, jornalista e editora do <a href=\"http:\/\/portalfloresnoar.com\/\" target=\"_blank\" rel=\"noopener\">Portal Flores no Ar.<\/a><\/em><\/p>\n<p><strong>CONFIRA GILBERTO GIL, NA \u00c9POCA MINISTRO DA CULTURA, RECITANDO O CORDEL DA TV DIGITAL EM AULA INAUGURAL DO CUSRO DE COMUNICA\u00c7\u00c3O DA UFRJ<\/strong><\/p>\n<p><iframe loading=\"lazy\" title=\"YouTube video player\" src=\"https:\/\/www.youtube.com\/embed\/JZk1Xc9CRuI\" width=\"560\" height=\"315\" frameborder=\"0\" allowfullscreen=\"allowfullscreen\"><\/iframe><\/p>\n","protected":false},"excerpt":{"rendered":"<p>| Por Lu Rabelo* | Brasileiros aten\u00e7\u00e3o pro que t\u00e1 acontecendo! O Pa\u00eds est\u00e1 vivendo momento de decis\u00e3o. A nossa televis\u00e3o t\u00e1 prestes a ser mudada, e pode ser melhorada se o povo se unir e agindo exigir TV democratizada. Eu vou tentar explicar: o Brasil tem que escolher qual modelo de TV dever\u00e1 ele [&hellip;]<\/p>\n","protected":false},"author":1,"featured_media":32041,"comment_status":"open","ping_status":"open","sticky":false,"template":"","format":"standard","meta":{"om_disable_all_campaigns":false,"_monsterinsights_skip_tracking":false,"_monsterinsights_sitenote_active":false,"_monsterinsights_sitenote_note":"","_monsterinsights_sitenote_category":0,"footnotes":""},"categories":[227,220],"tags":[49,448,653,152,51,154],"acf":[],"publishpress_future_action":{"enabled":false,"date":"1969-12-31 21:00:00","action":"","terms":[],"taxonomy":"","browser_timezone_offset":0},"_links":{"self":[{"href":"https:\/\/portalfloresnoar.com\/floresnoar\/wp-json\/wp\/v2\/posts\/37025"}],"collection":[{"href":"https:\/\/portalfloresnoar.com\/floresnoar\/wp-json\/wp\/v2\/posts"}],"about":[{"href":"https:\/\/portalfloresnoar.com\/floresnoar\/wp-json\/wp\/v2\/types\/post"}],"author":[{"embeddable":true,"href":"https:\/\/portalfloresnoar.com\/floresnoar\/wp-json\/wp\/v2\/users\/1"}],"replies":[{"embeddable":true,"href":"https:\/\/portalfloresnoar.com\/floresnoar\/wp-json\/wp\/v2\/comments?post=37025"}],"version-history":[{"count":1,"href":"https:\/\/portalfloresnoar.com\/floresnoar\/wp-json\/wp\/v2\/posts\/37025\/revisions"}],"predecessor-version":[{"id":44117,"href":"https:\/\/portalfloresnoar.com\/floresnoar\/wp-json\/wp\/v2\/posts\/37025\/revisions\/44117"}],"wp:featuredmedia":[{"embeddable":true,"href":"https:\/\/portalfloresnoar.com\/floresnoar\/wp-json\/wp\/v2\/media\/32041"}],"wp:attachment":[{"href":"https:\/\/portalfloresnoar.com\/floresnoar\/wp-json\/wp\/v2\/media?parent=37025"}],"wp:term":[{"taxonomy":"category","embeddable":true,"href":"https:\/\/portalfloresnoar.com\/floresnoar\/wp-json\/wp\/v2\/categories?post=37025"},{"taxonomy":"post_tag","embeddable":true,"href":"https:\/\/portalfloresnoar.com\/floresnoar\/wp-json\/wp\/v2\/tags?post=37025"}],"curies":[{"name":"wp","href":"https:\/\/api.w.org\/{rel}","templated":true}]}}