

{"id":36985,"date":"2019-06-10T10:10:47","date_gmt":"2019-06-10T13:10:47","guid":{"rendered":"http:\/\/portalfloresnoar.com\/floresnoar\/?p=36985"},"modified":"2019-11-07T12:26:59","modified_gmt":"2019-11-07T15:26:59","slug":"agenda-pe-cafe-com-cura-realiza-eventos-solidarios-no-recife","status":"publish","type":"post","link":"https:\/\/portalfloresnoar.com\/floresnoar\/agenda-pe-cafe-com-cura-realiza-eventos-solidarios-no-recife\/","title":{"rendered":"[AGENDA PE] Caf\u00e9 com Cura realiza eventos solid\u00e1rios no Recife"},"content":{"rendered":"<p><img decoding=\"async\" loading=\"lazy\" class=\"alignleft wp-image-36987 \" src=\"http:\/\/portalfloresnoar.com\/floresnoar\/wp-content\/uploads\/2019\/10\/caf\u00e9-com-cura-700x388.jpg\" alt=\"\" width=\"348\" height=\"193\" srcset=\"https:\/\/portalfloresnoar.com\/floresnoar\/wp-content\/uploads\/2019\/10\/caf\u00e9-com-cura-700x388.jpg 700w, https:\/\/portalfloresnoar.com\/floresnoar\/wp-content\/uploads\/2019\/10\/caf\u00e9-com-cura-300x166.jpg 300w, https:\/\/portalfloresnoar.com\/floresnoar\/wp-content\/uploads\/2019\/10\/caf\u00e9-com-cura-672x372.jpg 672w, https:\/\/portalfloresnoar.com\/floresnoar\/wp-content\/uploads\/2019\/10\/caf\u00e9-com-cura.jpg 720w\" sizes=\"(max-width: 348px) 100vw, 348px\" \/>Com o intuito de juntar terapeutas, profissionais de sa\u00fade e pessoas que buscam autoconhecimento, Celso Costa e Enaile Lima, do La Casita Spa das Emo\u00e7\u00f5es, em parceria com o\u00a0Vida Encantada Eventos Evolutivos, criaram o Caf\u00e9 com Cura, um espa\u00e7o-momento para boas conversas e compartilhamento de ferramentas de autoconhecimento, sa\u00fade, bem-estar e transmuta\u00e7\u00e3o emocional.<\/p>\n<p>Na primeira rodada de Rodas de Conversas, o terapeuta Qu\u00e2ntico Celso Costa compartilhar\u00e1 quatro temas de potencializa\u00e7\u00e3o terap\u00eautica, com ferramentas pr\u00e1ticas e muita atualiza\u00e7\u00e3o informativa.<\/p>\n<p>Os encontros s\u00e3o gratuitos, mas os primeiros quatro Caf\u00e9s com Cura receber\u00e3o contribui\u00e7\u00f5es solid\u00e1rias de R$ 10,00 para a Campanha Todos com Vida Leve, que se prop\u00f5e a levar cuidados emocionais gratuitos a comunidades do litoral do Cabo de Santo Agostinho.<\/p>\n<p>O Caf\u00e9 com Cura circular\u00e1, inicialmente, por v\u00e1rios espa\u00e7os de Recife e Olinda, mas logo expandir\u00e1 seu alcance por todo o Estado e Brasil afora.<\/p>\n<p><strong>CONFIRA ABAIXO A AGENDA DOS PR\u00d3XIMOS EVENTOS:<\/strong><\/p>\n<p><img decoding=\"async\" loading=\"lazy\" class=\"aligncenter wp-image-36989 \" src=\"http:\/\/portalfloresnoar.com\/floresnoar\/wp-content\/uploads\/2019\/10\/mapa-das-emo\u00e7\u00f5es.jpg\" alt=\"\" width=\"686\" height=\"686\" srcset=\"https:\/\/portalfloresnoar.com\/floresnoar\/wp-content\/uploads\/2019\/10\/mapa-das-emo\u00e7\u00f5es.jpg 720w, https:\/\/portalfloresnoar.com\/floresnoar\/wp-content\/uploads\/2019\/10\/mapa-das-emo\u00e7\u00f5es-150x150.jpg 150w, https:\/\/portalfloresnoar.com\/floresnoar\/wp-content\/uploads\/2019\/10\/mapa-das-emo\u00e7\u00f5es-300x300.jpg 300w, https:\/\/portalfloresnoar.com\/floresnoar\/wp-content\/uploads\/2019\/10\/mapa-das-emo\u00e7\u00f5es-700x700.jpg 700w, https:\/\/portalfloresnoar.com\/floresnoar\/wp-content\/uploads\/2019\/10\/mapa-das-emo\u00e7\u00f5es-100x100.jpg 100w\" sizes=\"(max-width: 686px) 100vw, 686px\" \/><\/p>\n<p><strong>18\/10 \u2013 Mapa das Emo\u00e7\u00f5es, no Espa\u00e7o \u00c1guas<\/strong><\/p>\n<p><em>&#8220;As mem\u00f3rias s\u00e3o criadas a partir de um conjunto de experi\u00eancias, em sua grande maioria coletivas. Somos induzidos, adestrados, levados a experiment\u00e1-las e aceit\u00e1-las como reais, e transformamos essas mem\u00f3rias alheias em mem\u00f3rias pessoais. Nos viciamos em subst\u00e2ncias end\u00f3crinas geradas por esses momentos fadados ao fim. Nos apegamos a essa roda se contentando com migalhas de alegria e chamamos isso de felicidade. Por fim, percebemos que n\u00e3o somos felizes, mas vivemos momentos de felicidade acreditando que a vida \u00e9 isso mesmo.<\/em><\/p>\n<p><em>Em nossa roda de conversa receberemos conhecimentos milenares e atuais que mostram como nossos pensamentos e emo\u00e7\u00f5es afetam o nosso corpo e a nossa vida em todos os aspectos. Por fim, aprenderemos alguns princ\u00edpios de mapeamento emocional, que poucas pessoas conhecem, com ferramentas de polariza\u00e7\u00e3o consciente.&#8221;<\/em><br \/>\n(Celso Costa)<\/p>\n<p><strong>Link de Inscri\u00e7\u00e3o:<\/strong> <a href=\"http:\/\/abre.ai\/cafecomcuramapadasemocoes\" target=\"_blank\" rel=\"noopener\">http:\/\/abre.ai\/cafecomcuramapadasemocoes<\/a><\/p>\n<p>&nbsp;<\/p>\n<p><img decoding=\"async\" loading=\"lazy\" class=\"wp-image-36986 aligncenter\" src=\"http:\/\/portalfloresnoar.com\/floresnoar\/wp-content\/uploads\/2019\/10\/a-arte-da-intui\u00e7\u00e3o.jpg\" alt=\"\" width=\"688\" height=\"576\" srcset=\"https:\/\/portalfloresnoar.com\/floresnoar\/wp-content\/uploads\/2019\/10\/a-arte-da-intui\u00e7\u00e3o.jpg 720w, https:\/\/portalfloresnoar.com\/floresnoar\/wp-content\/uploads\/2019\/10\/a-arte-da-intui\u00e7\u00e3o-300x251.jpg 300w, https:\/\/portalfloresnoar.com\/floresnoar\/wp-content\/uploads\/2019\/10\/a-arte-da-intui\u00e7\u00e3o-700x586.jpg 700w\" sizes=\"(max-width: 688px) 100vw, 688px\" \/><\/p>\n<p><strong>19\/10 \u2013 A Arte da Intui\u00e7\u00e3o, no Espa\u00e7o Akasha<\/strong><\/p>\n<p><em>&#8220;A intui\u00e7\u00e3o \u00e9 t\u00e3o natural quanto respirar, dormir ou comer. Todos n\u00f3s temos intui\u00e7\u00e3o. Alguns de n\u00f3s est\u00e3o mais abertos a essa conex\u00e3o do que outros, mas podemos todos aprofundar e desenvolver nossa intui\u00e7\u00e3o com algumas t\u00e9cnicas simples. Ao nos sintonizarmos com esse dom inato, nos abrimos a uma compreens\u00e3o inconsciente e um conhecimento sutil, nos permitindo enxergar um quadro maior das situa\u00e7\u00f5es da vida, ressignificando a nossa realidade.<\/em><\/p>\n<p><em>No Caf\u00e9 com Cura \u2013 A Arte da Intui\u00e7\u00e3o, falaremos sobre as Cinco Chaves para despertar a intui\u00e7\u00e3o e t\u00e9cnicas pr\u00e1ticas para cada um dos centros geradores dessa capacidade de enxergar, al\u00e9m dos curtos horizontes da nossa racionalidade.&#8221;<\/em><br \/>\n(Celso Costa)<\/p>\n<p><strong>Link de Inscri\u00e7\u00e3o:<\/strong><a href=\"http:\/\/abre.ai\/cafecomcura-aartedaintuicao\" target=\"_blank\" rel=\"noopener\"> http:\/\/abre.ai\/cafecomcura-aartedaintuicao<\/a><\/p>\n<p>&nbsp;<\/p>\n<p><img decoding=\"async\" loading=\"lazy\" class=\"aligncenter wp-image-36990 \" src=\"http:\/\/portalfloresnoar.com\/floresnoar\/wp-content\/uploads\/2019\/10\/neuromagia-hologrfica-700x586.jpg\" alt=\"\" width=\"688\" height=\"576\" srcset=\"https:\/\/portalfloresnoar.com\/floresnoar\/wp-content\/uploads\/2019\/10\/neuromagia-hologrfica-700x586.jpg 700w, https:\/\/portalfloresnoar.com\/floresnoar\/wp-content\/uploads\/2019\/10\/neuromagia-hologrfica-300x251.jpg 300w, https:\/\/portalfloresnoar.com\/floresnoar\/wp-content\/uploads\/2019\/10\/neuromagia-hologrfica.jpg 720w\" sizes=\"(max-width: 688px) 100vw, 688px\" \/><\/p>\n<p><strong>31\/10 \u2013 Neuromagia Hologr\u00e1fica, no Espa\u00e7o Desperta<\/strong><\/p>\n<p><em>&#8220;N\u00e3o. N\u00e3o estamos falando de fic\u00e7\u00e3o cient\u00edfica, nem de filmes de fantasia fant\u00e1stica. Estamos falando de conhecimentos milenares comprovados cientificamente. Para se ter uma ideia, s\u00e3o mais de dez mil pesquisas relacionadas ao Universo Hologr\u00e1fico.<\/em><\/p>\n<p><em>Todos os dias s\u00e3o hologramas do amanh\u00e3. E como tudo est\u00e1 acontecendo ao mesmo tempo em um eterno hoje, vivemos sim dentro de um holograma. E a nossa realidade acompanha a mesma l\u00f3gica. O que, para os cientistas ainda \u00e9 teoria, para os registros milenares, \u00e9 um fato. E a ci\u00eancia s\u00f3 comprova a cada nova pesquisa o que esses conhecimentos milenares j\u00e1 sabiam h\u00e1 muito tempo.<\/em><\/p>\n<p><em>No Caf\u00e9 com Cura \u2013 Neuromagia Hologr\u00e1fica, falaremos sobre os fundamentos milenares e cient\u00edficos do universo hologr\u00e1fico, t\u00e9cnicas de controle da mente e a Arte de moldar nossos hologramas.&#8221;<\/em><br \/>\n(Celso Costa)<\/p>\n<p><strong>Link de Inscri\u00e7\u00e3o :<\/strong> <a href=\"http:\/\/abre.ai\/cafecomcuraneuromagiaholografica\" target=\"_blank\" rel=\"noopener\">http:\/\/abre.ai\/cafecomcuraneuromagiaholografica<\/a><\/p>\n<p>&nbsp;<\/p>\n<p><img decoding=\"async\" loading=\"lazy\" class=\"aligncenter wp-image-36988 \" src=\"http:\/\/portalfloresnoar.com\/floresnoar\/wp-content\/uploads\/2019\/10\/invers\u00e3o-temporal-700x586.jpg\" alt=\"\" width=\"688\" height=\"576\" srcset=\"https:\/\/portalfloresnoar.com\/floresnoar\/wp-content\/uploads\/2019\/10\/invers\u00e3o-temporal-700x586.jpg 700w, https:\/\/portalfloresnoar.com\/floresnoar\/wp-content\/uploads\/2019\/10\/invers\u00e3o-temporal-300x251.jpg 300w, https:\/\/portalfloresnoar.com\/floresnoar\/wp-content\/uploads\/2019\/10\/invers\u00e3o-temporal.jpg 720w\" sizes=\"(max-width: 688px) 100vw, 688px\" \/><\/p>\n<p><strong>01\/11 \u2013 Invers\u00e3o Temporal, na Casa Astral<\/strong><\/p>\n<p><em>&#8220;O universo \u00e9 composto por intermin\u00e1veis linhas de tempo em que &#8216;todas as possibilidades&#8217; ocorrem, de alguma maneira, ao mesmo tempo. Como s\u00f3 temos consci\u00eancia de uma dessas linhas, temos a impress\u00e3o de que apenas ela existe. O Tantra fala exatamente dessas possibilidades. Tantra significa Teia. A Teia Universal. Tudo ligado em estados vibrat\u00f3rios infinitos, criando muitos universos e realidades al\u00e9m da nossa capacidade racional de conceber.<\/em><\/p>\n<p><em>Podemos ressignificar nosso passado, trazendo seus efeitos ao presente. Podemos ir ao futuro, observar as probabilidades de resultados e modific\u00e1-los no presente antes que aconte\u00e7a. Tamb\u00e9m \u00e9 poss\u00edvel acelerar as manifesta\u00e7\u00f5es trazendo o futuro para o agora. Emfim, as possibilidades s\u00e3o infinitas na Arte da Invers\u00e3o Temporal. \u00c9 sobre essas quest\u00f5es e muitas outras que falaremos no Caf\u00e9 com Cura. Em nossa roda de conversa receberemos conhecimentos milenares e cient\u00edficos, al\u00e9m de t\u00e9cnicas simples de viagens multidimensionais.&#8221;<\/em><br \/>\n(Celso Costa)<\/p>\n<p><strong>Link de Inscri\u00e7\u00e3o:<\/strong>\u00a0\u00a0<a href=\"http:\/\/abre.ai\/cafecomcurainversaotemporal\" target=\"_blank\" rel=\"noopener\">http:\/\/abre.ai\/cafecomcurainversaotemporal<\/a><\/p>\n<p><strong>MAIS INFORMA\u00c7\u00d5ES<\/strong><br \/>\n<strong>Fone\/Zap:<\/strong> (81) 99999.8958<br \/>\n<strong>E-mail:<\/strong> veeventosevolutivos@gmail.com<br \/>\n<strong>Instagram:<\/strong> @vidaencantadaeventosevolutivos<\/p>\n","protected":false},"excerpt":{"rendered":"<p>Com o intuito de juntar terapeutas, profissionais de sa\u00fade e pessoas que buscam autoconhecimento, Celso Costa e Enaile Lima, do La Casita Spa das Emo\u00e7\u00f5es, em parceria com o\u00a0Vida Encantada Eventos Evolutivos, criaram o Caf\u00e9 com Cura, um espa\u00e7o-momento para boas conversas e compartilhamento de ferramentas de autoconhecimento, sa\u00fade, bem-estar e transmuta\u00e7\u00e3o emocional. Na primeira [&hellip;]<\/p>\n","protected":false},"author":1,"featured_media":36987,"comment_status":"open","ping_status":"open","sticky":false,"template":"","format":"standard","meta":{"om_disable_all_campaigns":false,"_monsterinsights_skip_tracking":false,"_monsterinsights_sitenote_active":false,"_monsterinsights_sitenote_note":"","_monsterinsights_sitenote_category":0,"footnotes":""},"categories":[8,214],"tags":[670,869],"acf":[],"publishpress_future_action":{"enabled":false,"date":"1969-12-31 21:00:00","action":"","terms":[],"taxonomy":"","browser_timezone_offset":0},"_links":{"self":[{"href":"https:\/\/portalfloresnoar.com\/floresnoar\/wp-json\/wp\/v2\/posts\/36985"}],"collection":[{"href":"https:\/\/portalfloresnoar.com\/floresnoar\/wp-json\/wp\/v2\/posts"}],"about":[{"href":"https:\/\/portalfloresnoar.com\/floresnoar\/wp-json\/wp\/v2\/types\/post"}],"author":[{"embeddable":true,"href":"https:\/\/portalfloresnoar.com\/floresnoar\/wp-json\/wp\/v2\/users\/1"}],"replies":[{"embeddable":true,"href":"https:\/\/portalfloresnoar.com\/floresnoar\/wp-json\/wp\/v2\/comments?post=36985"}],"version-history":[{"count":0,"href":"https:\/\/portalfloresnoar.com\/floresnoar\/wp-json\/wp\/v2\/posts\/36985\/revisions"}],"wp:featuredmedia":[{"embeddable":true,"href":"https:\/\/portalfloresnoar.com\/floresnoar\/wp-json\/wp\/v2\/media\/36987"}],"wp:attachment":[{"href":"https:\/\/portalfloresnoar.com\/floresnoar\/wp-json\/wp\/v2\/media?parent=36985"}],"wp:term":[{"taxonomy":"category","embeddable":true,"href":"https:\/\/portalfloresnoar.com\/floresnoar\/wp-json\/wp\/v2\/categories?post=36985"},{"taxonomy":"post_tag","embeddable":true,"href":"https:\/\/portalfloresnoar.com\/floresnoar\/wp-json\/wp\/v2\/tags?post=36985"}],"curies":[{"name":"wp","href":"https:\/\/api.w.org\/{rel}","templated":true}]}}