

{"id":36977,"date":"2019-06-08T15:10:58","date_gmt":"2019-06-08T18:10:58","guid":{"rendered":"http:\/\/portalfloresnoar.com\/floresnoar\/?p=36977"},"modified":"2019-10-14T13:51:43","modified_gmt":"2019-10-14T16:51:43","slug":"agenda-pe-oficina-de-argilaterapia-com-oleos-essenciais-neste-domingo-no-recife","status":"publish","type":"post","link":"https:\/\/portalfloresnoar.com\/floresnoar\/agenda-pe-oficina-de-argilaterapia-com-oleos-essenciais-neste-domingo-no-recife\/","title":{"rendered":"[AGENDA PE] Oficina de Argilaterapia com \u00d3leos Essenciais"},"content":{"rendered":"<p><img decoding=\"async\" loading=\"lazy\" class=\"aligncenter wp-image-36978 size-large\" src=\"http:\/\/portalfloresnoar.com\/floresnoar\/wp-content\/uploads\/2019\/10\/oficina-de-argilaterapia-493x700.jpg\" alt=\"\" width=\"493\" height=\"700\" srcset=\"https:\/\/portalfloresnoar.com\/floresnoar\/wp-content\/uploads\/2019\/10\/oficina-de-argilaterapia-493x700.jpg 493w, https:\/\/portalfloresnoar.com\/floresnoar\/wp-content\/uploads\/2019\/10\/oficina-de-argilaterapia-211x300.jpg 211w, https:\/\/portalfloresnoar.com\/floresnoar\/wp-content\/uploads\/2019\/10\/oficina-de-argilaterapia.jpg 676w\" sizes=\"(max-width: 493px) 100vw, 493px\" \/><\/p>\n<p>A terapeuta Maria Gabriela Castro conduz no pr\u00f3ximo domingo, dia 13 de outubro de 2019, na Farm\u00e1cia Pir\u00e2mide, no Recife, a &#8216;Oficina de Argilaterapia com \u00d3leos Essenciais&#8217;.<\/p>\n<p>De acordo com a facilitadora, a argila (o barro) \u00e9 utilizada em enfermidades onde se retira, atrav\u00e9s de seus oligoelementos, as mat\u00e9rias apodrecidas dentro dos m\u00fasculos e carnes, febres, n\u00f3dulos benignos, dores, alguns problemas de pele, e harmonizando os \u00f3rg\u00e3os em desequil\u00edbrios energ\u00e9ticos e espirituais, mas tamb\u00e9m f\u00edsicos (inflama\u00e7\u00f5es, por exemplo). O tratamento com argila ajuda, ainda, em tratamentos de vias a\u00e9reas e em pancadas, cortes,\u00a0 piolhos, dificuldade de absorver minerais e no rejuvenescimento e pr\u00e1ticas est\u00e9ticas, como melhora de estrias, celulites e varizes. &#8220;E \u00e9 justo nas diferentes cores das argilas que encontramos todo esse potencial!&#8221;, declara.<\/p>\n<p>A Oficina de Argilaterapia \u00e9 voltada a todas as pessoas que t\u00eam o interesse de se curar atrav\u00e9s dos recursos naturais que a M\u00e3e-Terra disp\u00f5e, de maneira pr\u00e1tica, f\u00e1cil e ilimitada. Nas aulas tamb\u00e9m s\u00e3o abordados outros assuntos de Naturopatia e da Cura pela Natureza atrav\u00e9s de suas leis gerais.<\/p>\n<p>FACILITADORA<br \/>\n<strong>Maria Gabriela Castro\u00a0<\/strong> &#8211;\u00a0 terapeuta, Reikiana, trabalha e d\u00e1 cursos de Argilaterapia e \u00f3leos essenciais (Aromaterapia). \u00c9 ThetaHealer com Anatomia Intuitiva, professora de Yoga e massoterapeuta Ayurv\u00e9dica. Tamb\u00e9m facilita encontros sobre o Sagrado Feminino e alimenta\u00e7\u00e3o natural.<\/p>\n<p>SERVI\u00c7O<br \/>\n<strong>Oficina de Argilaterapia com \u00d3leos Essenciais<\/strong><br \/>\n<strong>Data:<\/strong> Domingo, 13 de Outubro de 2019<br \/>\n<strong>Hora:<\/strong> 9h \u00e0s 18h<br \/>\n<strong>Local:<\/strong> Farm\u00e1cia Pir\u00e2mide &#8211; Rua Viscondessa do Livramento, 198 &#8211; Derby, Recife\/PE<br \/>\n<strong>Valor:<\/strong> 290,00 (\u00e0 vista, antecipado: R$ 250,00)<\/p>\n<p><em><strong>Obs.:<\/strong> Inclusos no valor: almo\u00e7o vegetariano, certificado e apostila.<\/em><\/p>\n","protected":false},"excerpt":{"rendered":"<p>A terapeuta Maria Gabriela Castro conduz no pr\u00f3ximo domingo, dia 13 de outubro de 2019, na Farm\u00e1cia Pir\u00e2mide, no Recife, a &#8216;Oficina de Argilaterapia com \u00d3leos Essenciais&#8217;. De acordo com a facilitadora, a argila (o barro) \u00e9 utilizada em enfermidades onde se retira, atrav\u00e9s de seus oligoelementos, as mat\u00e9rias apodrecidas dentro dos m\u00fasculos e carnes, [&hellip;]<\/p>\n","protected":false},"author":1,"featured_media":36982,"comment_status":"open","ping_status":"open","sticky":false,"template":"","format":"standard","meta":{"om_disable_all_campaigns":false,"_monsterinsights_skip_tracking":false,"_monsterinsights_sitenote_active":false,"_monsterinsights_sitenote_note":"","_monsterinsights_sitenote_category":0,"footnotes":""},"categories":[8,214],"tags":[631,73,616,127],"acf":[],"publishpress_future_action":{"enabled":false,"date":"1969-12-31 21:00:00","action":"","terms":[],"taxonomy":"","browser_timezone_offset":0},"_links":{"self":[{"href":"https:\/\/portalfloresnoar.com\/floresnoar\/wp-json\/wp\/v2\/posts\/36977"}],"collection":[{"href":"https:\/\/portalfloresnoar.com\/floresnoar\/wp-json\/wp\/v2\/posts"}],"about":[{"href":"https:\/\/portalfloresnoar.com\/floresnoar\/wp-json\/wp\/v2\/types\/post"}],"author":[{"embeddable":true,"href":"https:\/\/portalfloresnoar.com\/floresnoar\/wp-json\/wp\/v2\/users\/1"}],"replies":[{"embeddable":true,"href":"https:\/\/portalfloresnoar.com\/floresnoar\/wp-json\/wp\/v2\/comments?post=36977"}],"version-history":[{"count":0,"href":"https:\/\/portalfloresnoar.com\/floresnoar\/wp-json\/wp\/v2\/posts\/36977\/revisions"}],"wp:featuredmedia":[{"embeddable":true,"href":"https:\/\/portalfloresnoar.com\/floresnoar\/wp-json\/wp\/v2\/media\/36982"}],"wp:attachment":[{"href":"https:\/\/portalfloresnoar.com\/floresnoar\/wp-json\/wp\/v2\/media?parent=36977"}],"wp:term":[{"taxonomy":"category","embeddable":true,"href":"https:\/\/portalfloresnoar.com\/floresnoar\/wp-json\/wp\/v2\/categories?post=36977"},{"taxonomy":"post_tag","embeddable":true,"href":"https:\/\/portalfloresnoar.com\/floresnoar\/wp-json\/wp\/v2\/tags?post=36977"}],"curies":[{"name":"wp","href":"https:\/\/api.w.org\/{rel}","templated":true}]}}