

{"id":36962,"date":"2022-09-22T05:32:19","date_gmt":"2022-09-22T08:32:19","guid":{"rendered":"http:\/\/portalfloresnoar.com\/floresnoar\/?p=36962"},"modified":"2022-09-22T09:54:58","modified_gmt":"2022-09-22T12:54:58","slug":"estudos-astrologicos-signos-libra","status":"publish","type":"post","link":"https:\/\/portalfloresnoar.com\/floresnoar\/estudos-astrologicos-signos-libra\/","title":{"rendered":"[ARTIGO] O Signo de Libra"},"content":{"rendered":"<figure id=\"attachment_36965\" aria-describedby=\"caption-attachment-36965\" style=\"width: 671px\" class=\"wp-caption aligncenter\"><img decoding=\"async\" loading=\"lazy\" class=\"wp-image-36965\" src=\"http:\/\/portalfloresnoar.com\/floresnoar\/wp-content\/uploads\/2019\/10\/sol-em-libra_imagem-Lu-Rabelo-flores-no-ar-700x451.jpg\" alt=\"\" width=\"671\" height=\"432\" srcset=\"https:\/\/portalfloresnoar.com\/floresnoar\/wp-content\/uploads\/2019\/10\/sol-em-libra_imagem-Lu-Rabelo-flores-no-ar-700x451.jpg 700w, https:\/\/portalfloresnoar.com\/floresnoar\/wp-content\/uploads\/2019\/10\/sol-em-libra_imagem-Lu-Rabelo-flores-no-ar-300x193.jpg 300w, https:\/\/portalfloresnoar.com\/floresnoar\/wp-content\/uploads\/2019\/10\/sol-em-libra_imagem-Lu-Rabelo-flores-no-ar.jpg 720w\" sizes=\"(max-width: 671px) 100vw, 671px\" \/><figcaption id=\"caption-attachment-36965\" class=\"wp-caption-text\">Foto: Luciana Rabelo (Banco de Imagens\/ Flores no Ar)<\/figcaption><\/figure>\n<p>| <em>Por Lu Rabelo*<\/em> |<\/p>\n<p><em>[Escrevi este texto a partir do que escuto e leio sobre o signo de Libra, mas tamb\u00e9m como libriana.]<\/em><\/p>\n<p>\u00c9 quando o Sol entra em Libra, no final de setembro, que no Hemisf\u00e9rio Sul acontece o Equin\u00f3cio de Primavera (e no Hemisf\u00e9rio Norte o de Outono). No Equin\u00f3cio, dia e noite t\u00eam a mesma dura\u00e7\u00e3o. Luz e Sombra em equil\u00edbrio. Masculino e Feminino integrados. Tempo de florescimento c\u00e1 pras bandas Sul. Fim do inverno.<\/p>\n<p>A balan\u00e7a \u00e9 o s\u00edmbolo de Libra. \u00c9 o \u00fanico signo que tem como s\u00edmbolo um objeto, todos os outros s\u00e3o representados por animais ou personagens mitol\u00f3gicos.<\/p>\n<p>Balan\u00e7a, busca pelo Equil\u00edbrio, Harmonia! Justi\u00e7a!<\/p>\n<p>Se tem algo que muito me indigna, \u00e9 injusti\u00e7a. (Nos \u00faltimos anos, no Brasil, com o absurdo de injusti\u00e7as descaradas, desmascaradas, t\u00e1 sendo preciso muito respirar, rezar, cantar, dan\u00e7ar, transformar, criar\u2026 Inclusive, venho aprendendo que o caminho rumo \u00e0 leveza \u00e9 a Criatividade.)<\/p>\n<p>\u201cLibra rege os relacionamentos com os outros como espelhos de n\u00f3s mesmos. Por isso este signo parece meio desligado de si mesmo. Conhecer outros no meio do caminho, comprometer-se e negociar est\u00e1 sob o dom\u00ednio de Libra. O foco agora est\u00e1 no equil\u00edbrio \u2013 encontrar o ponto do meio e a harmonia por interm\u00e9dio do relacionamento com os outros e da arte. Libra \u00e9 o s\u00e9timo signo, o primeiro da chamada zona social do Zod\u00edaco. Na progress\u00e3o dos signos, os seis primeiros tratam do indiv\u00edduo olhando para si mesmo. Depois do individualismo de \u00c1ries, o concreto de Touro, a comunica\u00e7\u00e3o de G\u00eameos, a fam\u00edlia em C\u00e2ncer, a consci\u00eancia de Le\u00e3o e o trabalho de Virgem, chega a hora de pensar no outro, abrir-se para o mundo e enfiar-se em um relacionamento, o carro-forte de Libra. \u201c <em>(trechos retirados do blog <a href=\"https:\/\/berliqueseberloques.wordpress.com\/\" target=\"_blank\" rel=\"noopener\">Berliques e Berloques<\/a>)<\/em><\/p>\n<p>Diz-se que os librianos s\u00e3o indecisos. Percebo que ponderamos demais, pensamos demais em todos os lados, mas n\u00e3o acho que haja exatamente uma indecis\u00e3o. Talvez demoramos um pouco mais pra decidir. Provavelmente pelo fato de ser do elemento Ar, pensamos muito, tentamos pesar muito bem as consequ\u00eancias de nossas escolhas antes de agir. Mas a gente decide!<\/p>\n<p>O planeta regente de Libra \u00e9 V\u00eanus (tamb\u00e9m se considera o aster\u00f3ide Pallas Atena como co-regente). V\u00eanus, Afrodite, \u00e9 a Deusa do Amor e da Beleza e a influ\u00eancia dela pode ser vista no senso de est\u00e9tica d@s librian@os, e no romantismo.<\/p>\n<p>Libra \u00e9 um signo de ritmo cardinal, impulsiona, come\u00e7a coisas. Tem din\u00e2mica, iniciativa.<\/p>\n<p>\u00c9 ainda considerado pacificador, elegante e diplom\u00e1tico.<\/p>\n<p><strong>SIGNO DE LIBRA<\/strong><br \/>\n<strong>Elemento:<\/strong>\u00a0Ar<br \/>\n<strong>Planeta Regente:<\/strong> V\u00eanus (alguns astr\u00f3logos trabalham com Palas Atena, como regente de Libra)<br \/>\n<strong>Ritmo:<\/strong>\u00a0Cardinal<br \/>\n<strong>Palavras-chave:<\/strong>\u00a0\u00a0equil\u00edbrio, harmonia, diplomacia, beleza, ponderabilidade, concilia\u00e7\u00e3o, romantismo, propor\u00e7\u00e3o, simetria, charme, eleg\u00e2ncia, est\u00e9tica, polidez, gentileza, estilo, toler\u00e2ncia, sociabilidade, cordialidade, relacionamentos, uni\u00e3o, parceria, associa\u00e7\u00e3o.<br \/>\n<strong>Per\u00edodo de perman\u00eancia do Sol em Libra:<\/strong>\u00a0aproximadamente, de 22 de setembro a 22 de outubro.<\/p>\n<p><em>* Lu Rabelo \u00e9\u00a0<a href=\"https:\/\/www.instagram.com\/canto.de.lu\" target=\"_blank\" rel=\"noopener\">cantadeira<\/a><a href=\"https:\/\/www.facebook.com\/cantodelu7\/\" target=\"_blank\" rel=\"noopener noreferrer\">,<\/a>\u00a0arteterapeuta, yogaterapeuta, aromaterapeuta, jornalista e guardi\u00e3 do\u00a0<a href=\"http:\/\/portalfloresnoar.com\/\" target=\"_blank\" rel=\"noopener noreferrer\">Portal Flores no Ar<\/a>. \u00c9 estudiosa de Cultura Ind\u00edgena, Alquimia, Astrologia e Tarot.<\/em><\/p>\n<p>&nbsp;<\/p>\n<p><em><strong>Veja tamb\u00e9m:<\/strong><\/em><\/p>\n<p><a href=\"https:\/\/berliqueseberloques.wordpress.com\/2019\/09\/23\/sol-em-libra-mais-equilibrio-na-vida\/\">Sol em Libra, mais equil\u00edbrio na&nbsp;vida<\/a><\/p>\n<p><a href=\"https:\/\/berliqueseberloques.wordpress.com\/2016\/09\/21\/sob-o-signo-da-balanca\/\">Sob o signo da&nbsp;balan\u00e7a<\/a><\/p>\n<p><iframe loading=\"lazy\" src=\"https:\/\/www.youtube.com\/embed\/XgZ0CSEiGoI\" width=\"560\" height=\"315\" frameborder=\"0\" allowfullscreen=\"allowfullscreen\"><\/iframe><\/p>\n","protected":false},"excerpt":{"rendered":"<p>| Por Lu Rabelo* | [Escrevi este texto a partir do que escuto e leio sobre o signo de Libra, mas tamb\u00e9m como libriana.] \u00c9 quando o Sol entra em Libra, no final de setembro, que no Hemisf\u00e9rio Sul acontece o Equin\u00f3cio de Primavera (e no Hemisf\u00e9rio Norte o de Outono). No Equin\u00f3cio, dia e [&hellip;]<\/p>\n","protected":false},"author":1,"featured_media":36965,"comment_status":"open","ping_status":"open","sticky":false,"template":"","format":"standard","meta":{"om_disable_all_campaigns":false,"_monsterinsights_skip_tracking":false,"_monsterinsights_sitenote_active":false,"_monsterinsights_sitenote_note":"","_monsterinsights_sitenote_category":0,"footnotes":""},"categories":[10],"tags":[18,868,870,786],"acf":[],"publishpress_future_action":{"enabled":false,"date":"1969-12-31 21:00:00","action":"","terms":[],"taxonomy":"","browser_timezone_offset":0},"_links":{"self":[{"href":"https:\/\/portalfloresnoar.com\/floresnoar\/wp-json\/wp\/v2\/posts\/36962"}],"collection":[{"href":"https:\/\/portalfloresnoar.com\/floresnoar\/wp-json\/wp\/v2\/posts"}],"about":[{"href":"https:\/\/portalfloresnoar.com\/floresnoar\/wp-json\/wp\/v2\/types\/post"}],"author":[{"embeddable":true,"href":"https:\/\/portalfloresnoar.com\/floresnoar\/wp-json\/wp\/v2\/users\/1"}],"replies":[{"embeddable":true,"href":"https:\/\/portalfloresnoar.com\/floresnoar\/wp-json\/wp\/v2\/comments?post=36962"}],"version-history":[{"count":0,"href":"https:\/\/portalfloresnoar.com\/floresnoar\/wp-json\/wp\/v2\/posts\/36962\/revisions"}],"wp:featuredmedia":[{"embeddable":true,"href":"https:\/\/portalfloresnoar.com\/floresnoar\/wp-json\/wp\/v2\/media\/36965"}],"wp:attachment":[{"href":"https:\/\/portalfloresnoar.com\/floresnoar\/wp-json\/wp\/v2\/media?parent=36962"}],"wp:term":[{"taxonomy":"category","embeddable":true,"href":"https:\/\/portalfloresnoar.com\/floresnoar\/wp-json\/wp\/v2\/categories?post=36962"},{"taxonomy":"post_tag","embeddable":true,"href":"https:\/\/portalfloresnoar.com\/floresnoar\/wp-json\/wp\/v2\/tags?post=36962"}],"curies":[{"name":"wp","href":"https:\/\/api.w.org\/{rel}","templated":true}]}}