

{"id":36918,"date":"2019-09-26T12:07:10","date_gmt":"2019-09-26T15:07:10","guid":{"rendered":"http:\/\/portalfloresnoar.com\/floresnoar\/?p=36918"},"modified":"2019-09-26T12:16:31","modified_gmt":"2019-09-26T15:16:31","slug":"10-anos-do-flores-no-ar-recomeco","status":"publish","type":"post","link":"https:\/\/portalfloresnoar.com\/floresnoar\/10-anos-do-flores-no-ar-recomeco\/","title":{"rendered":"10 anos do Flores no Ar. Recome\u00e7o!"},"content":{"rendered":"<p>&nbsp;<\/p>\n<figure id=\"attachment_36922\" aria-describedby=\"caption-attachment-36922\" style=\"width: 679px\" class=\"wp-caption aligncenter\"><img decoding=\"async\" loading=\"lazy\" class=\"wp-image-36922\" src=\"http:\/\/portalfloresnoar.com\/floresnoar\/wp-content\/uploads\/2019\/09\/flores-no-ar_ilustracao_10-anos-700x270.jpg\" alt=\"\" width=\"679\" height=\"262\" srcset=\"https:\/\/portalfloresnoar.com\/floresnoar\/wp-content\/uploads\/2019\/09\/flores-no-ar_ilustracao_10-anos-700x270.jpg 700w, https:\/\/portalfloresnoar.com\/floresnoar\/wp-content\/uploads\/2019\/09\/flores-no-ar_ilustracao_10-anos-300x116.jpg 300w, https:\/\/portalfloresnoar.com\/floresnoar\/wp-content\/uploads\/2019\/09\/flores-no-ar_ilustracao_10-anos-768x296.jpg 768w, https:\/\/portalfloresnoar.com\/floresnoar\/wp-content\/uploads\/2019\/09\/flores-no-ar_ilustracao_10-anos.jpg 1000w\" sizes=\"(max-width: 679px) 100vw, 679px\" \/><figcaption id=\"caption-attachment-36922\" class=\"wp-caption-text\">Ilustra\u00e7\u00e3o: Cleto Campos. Primeira logomarca do Flores no Ar!<\/figcaption><\/figure>\n<p>Hoje o Flores no Ar faz 10 anos. E eu s\u00f3 agrade\u00e7o por ser canal da manifesta\u00e7\u00e3o deste Portal, nutrido por tantas lindas parcerias. Gratid\u00e3o pela Confian\u00e7a, minha gente! Gratid\u00e3o aos meus Guias e aos do Flores no Ar, por nos mantermos livres e independentes, desde sempre e al\u00e9m&#8230;<\/p>\n<p>Sigamos na Luz pela Cura da Terra e de todos os seres, em todas as dimens\u00f5es! Que tenhamos cada vez mais Coragem de Amar! Aho!<\/p>\n<p><em>Luciana Rabelo &#8211; Guardi\u00e3o do Portal Flores no Ar<\/em><\/p>\n","protected":false},"excerpt":{"rendered":"<p>&nbsp; Hoje o Flores no Ar faz 10 anos. E eu s\u00f3 agrade\u00e7o por ser canal da manifesta\u00e7\u00e3o deste Portal, nutrido por tantas lindas parcerias. Gratid\u00e3o pela Confian\u00e7a, minha gente! Gratid\u00e3o aos meus Guias e aos do Flores no Ar, por nos mantermos livres e independentes, desde sempre e al\u00e9m&#8230; Sigamos na Luz pela Cura [&hellip;]<\/p>\n","protected":false},"author":1,"featured_media":36924,"comment_status":"open","ping_status":"open","sticky":false,"template":"","format":"standard","meta":{"om_disable_all_campaigns":false,"_monsterinsights_skip_tracking":false,"_monsterinsights_sitenote_active":false,"_monsterinsights_sitenote_note":"","_monsterinsights_sitenote_category":0,"footnotes":""},"categories":[8,224],"tags":[144,49,319,171],"acf":[],"publishpress_future_action":{"enabled":false,"date":"1969-12-31 21:00:00","action":"","terms":[],"taxonomy":"","browser_timezone_offset":0},"_links":{"self":[{"href":"https:\/\/portalfloresnoar.com\/floresnoar\/wp-json\/wp\/v2\/posts\/36918"}],"collection":[{"href":"https:\/\/portalfloresnoar.com\/floresnoar\/wp-json\/wp\/v2\/posts"}],"about":[{"href":"https:\/\/portalfloresnoar.com\/floresnoar\/wp-json\/wp\/v2\/types\/post"}],"author":[{"embeddable":true,"href":"https:\/\/portalfloresnoar.com\/floresnoar\/wp-json\/wp\/v2\/users\/1"}],"replies":[{"embeddable":true,"href":"https:\/\/portalfloresnoar.com\/floresnoar\/wp-json\/wp\/v2\/comments?post=36918"}],"version-history":[{"count":0,"href":"https:\/\/portalfloresnoar.com\/floresnoar\/wp-json\/wp\/v2\/posts\/36918\/revisions"}],"wp:featuredmedia":[{"embeddable":true,"href":"https:\/\/portalfloresnoar.com\/floresnoar\/wp-json\/wp\/v2\/media\/36924"}],"wp:attachment":[{"href":"https:\/\/portalfloresnoar.com\/floresnoar\/wp-json\/wp\/v2\/media?parent=36918"}],"wp:term":[{"taxonomy":"category","embeddable":true,"href":"https:\/\/portalfloresnoar.com\/floresnoar\/wp-json\/wp\/v2\/categories?post=36918"},{"taxonomy":"post_tag","embeddable":true,"href":"https:\/\/portalfloresnoar.com\/floresnoar\/wp-json\/wp\/v2\/tags?post=36918"}],"curies":[{"name":"wp","href":"https:\/\/api.w.org\/{rel}","templated":true}]}}