

{"id":36909,"date":"2019-05-24T19:12:12","date_gmt":"2019-05-24T22:12:12","guid":{"rendered":"http:\/\/portalfloresnoar.com\/floresnoar\/?p=36909"},"modified":"2019-09-30T09:10:17","modified_gmt":"2019-09-30T12:10:17","slug":"agenda-pe-5a-edicao-do-cine-gerar-acontece-nesta-quarta-feira","status":"publish","type":"post","link":"https:\/\/portalfloresnoar.com\/floresnoar\/agenda-pe-5a-edicao-do-cine-gerar-acontece-nesta-quarta-feira\/","title":{"rendered":"[AGENDA PE] 5\u00aa edi\u00e7\u00e3o do Cine Gerar"},"content":{"rendered":"<p><img decoding=\"async\" loading=\"lazy\" class=\"aligncenter wp-image-36912 size-large\" src=\"http:\/\/portalfloresnoar.com\/floresnoar\/wp-content\/uploads\/2019\/09\/cine-gerar-setembro-2019-492x700.jpg\" alt=\"\" width=\"492\" height=\"700\" srcset=\"https:\/\/portalfloresnoar.com\/floresnoar\/wp-content\/uploads\/2019\/09\/cine-gerar-setembro-2019-492x700.jpg 492w, https:\/\/portalfloresnoar.com\/floresnoar\/wp-content\/uploads\/2019\/09\/cine-gerar-setembro-2019-211x300.jpg 211w, https:\/\/portalfloresnoar.com\/floresnoar\/wp-content\/uploads\/2019\/09\/cine-gerar-setembro-2019.jpg 620w\" sizes=\"(max-width: 492px) 100vw, 492px\" \/><\/p>\n<p>No dia 25 de setembro, \u00e0s 19h, acontece a 5\u00aa edi\u00e7\u00e3o do Cine Gerar, no Espa\u00e7o Gerar Arteterapia e Bem-Estar, em Casa Forte, no Recife. Nesta edi\u00e7\u00e3o o Cine Gerar conta com a participa\u00e7\u00e3o da psic\u00f3loga K\u00e1tia Brand\u00e3o que prop\u00f5e uma reflex\u00e3o sobre o tema da representatividade e a sua import\u00e2ncia para a popula\u00e7\u00e3o negra, a partir do curta metragem &#8216;Cores e Botas&#8217;.<\/p>\n<p>O curta narra a hist\u00f3ria da crian\u00e7a Joana e o seu desejo de ser uma paquita do programa Xou da Xuxa. Nesse sentido, K\u00e1tia destaca quest\u00f5es sobre o ideal branco no que concerne \u00e0 negritude.<\/p>\n<p>&#8216;Cores e Botas&#8217; \u00e9 dirigido pela cineasta negra Juliana Vicente e conta com classifica\u00e7\u00e3o indicativa livre. Sendo um filme de produ\u00e7\u00e3o nacional, o \u00e1udio encontra-se na l\u00edngua portuguesa.<\/p>\n<p>O Cine Gerar acontece mensalmente no Espa\u00e7o Gerar, toda \u00faltima quarta-feira do m\u00eas, e \u00e9 aberto a todas e todos, n\u00e3o necessitando de inscri\u00e7\u00e3o pr\u00e9via.<\/p>\n<p>SERVI\u00c7O<br \/>\n<strong>5\u00aa edi\u00e7\u00e3o do Cine Gerar<\/strong><br \/>\n<strong>Data:<\/strong> 25\/9\/2019 (quarta-feira)<br \/>\n<strong>Hora:<\/strong> 19h<br \/>\n<strong>Local:<\/strong> GERAR ARTETERAPIA E BEM-ESTAR \u2013 Rua Jorge de Albuquerque, 103, Casa Forte, Recife-PE.<br \/>\n<strong>Ingresso:<\/strong> R$ 10,00 (N\u00e3o \u00e9 preciso inscri\u00e7\u00e3o pr\u00e9via)<\/p>\n<p><strong>MAIS INFORMA\u00c7\u00d5ES:<\/strong> 9.9432-5589 (Roberta Barbosa) | 9.9685-3296 (Rodrigo Lira)<\/p>\n","protected":false},"excerpt":{"rendered":"<p>No dia 25 de setembro, \u00e0s 19h, acontece a 5\u00aa edi\u00e7\u00e3o do Cine Gerar, no Espa\u00e7o Gerar Arteterapia e Bem-Estar, em Casa Forte, no Recife. Nesta edi\u00e7\u00e3o o Cine Gerar conta com a participa\u00e7\u00e3o da psic\u00f3loga K\u00e1tia Brand\u00e3o que prop\u00f5e uma reflex\u00e3o sobre o tema da representatividade e a sua import\u00e2ncia para a popula\u00e7\u00e3o negra, [&hellip;]<\/p>\n","protected":false},"author":1,"featured_media":36911,"comment_status":"open","ping_status":"open","sticky":false,"template":"","format":"standard","meta":{"om_disable_all_campaigns":false,"_monsterinsights_skip_tracking":false,"_monsterinsights_sitenote_active":false,"_monsterinsights_sitenote_note":"","_monsterinsights_sitenote_category":0,"footnotes":""},"categories":[8,214],"tags":[121,81],"acf":[],"publishpress_future_action":{"enabled":false,"date":"1969-12-31 21:00:00","action":"","terms":[],"taxonomy":"","browser_timezone_offset":0},"_links":{"self":[{"href":"https:\/\/portalfloresnoar.com\/floresnoar\/wp-json\/wp\/v2\/posts\/36909"}],"collection":[{"href":"https:\/\/portalfloresnoar.com\/floresnoar\/wp-json\/wp\/v2\/posts"}],"about":[{"href":"https:\/\/portalfloresnoar.com\/floresnoar\/wp-json\/wp\/v2\/types\/post"}],"author":[{"embeddable":true,"href":"https:\/\/portalfloresnoar.com\/floresnoar\/wp-json\/wp\/v2\/users\/1"}],"replies":[{"embeddable":true,"href":"https:\/\/portalfloresnoar.com\/floresnoar\/wp-json\/wp\/v2\/comments?post=36909"}],"version-history":[{"count":0,"href":"https:\/\/portalfloresnoar.com\/floresnoar\/wp-json\/wp\/v2\/posts\/36909\/revisions"}],"wp:featuredmedia":[{"embeddable":true,"href":"https:\/\/portalfloresnoar.com\/floresnoar\/wp-json\/wp\/v2\/media\/36911"}],"wp:attachment":[{"href":"https:\/\/portalfloresnoar.com\/floresnoar\/wp-json\/wp\/v2\/media?parent=36909"}],"wp:term":[{"taxonomy":"category","embeddable":true,"href":"https:\/\/portalfloresnoar.com\/floresnoar\/wp-json\/wp\/v2\/categories?post=36909"},{"taxonomy":"post_tag","embeddable":true,"href":"https:\/\/portalfloresnoar.com\/floresnoar\/wp-json\/wp\/v2\/tags?post=36909"}],"curies":[{"name":"wp","href":"https:\/\/api.w.org\/{rel}","templated":true}]}}