

{"id":36890,"date":"2019-04-20T11:03:08","date_gmt":"2019-04-20T14:03:08","guid":{"rendered":"http:\/\/portalfloresnoar.com\/floresnoar\/?p=36890"},"modified":"2019-09-30T09:13:12","modified_gmt":"2019-09-30T12:13:12","slug":"agenda-pe-oficina-quando-a-alma-adoece-acontece-na-proxima-quinta-feira-no-recife","status":"publish","type":"post","link":"https:\/\/portalfloresnoar.com\/floresnoar\/agenda-pe-oficina-quando-a-alma-adoece-acontece-na-proxima-quinta-feira-no-recife\/","title":{"rendered":"[AGENDA PE] Oficina &#8216;Quando a alma adoece&#8217;"},"content":{"rendered":"<p><img decoding=\"async\" loading=\"lazy\" class=\"aligncenter wp-image-36893 \" src=\"http:\/\/portalfloresnoar.com\/floresnoar\/wp-content\/uploads\/2019\/09\/quando-a-alma-adoece-700x700.jpg\" alt=\"\" width=\"590\" height=\"590\" \/><\/p>\n<p>No dia 26 de setembro de 2019, ser\u00e1 realizada, das 19h \u00e0s 22h, na Faculdade Esuda, no Recife, a oficina interativa &#8216;Quando a alma adoece&#8217;, conduzida pela m\u00e9dica Fl\u00e1via Bezerra de Menezes Goldmann e pela psic\u00f3loga Nat\u00e1lia Aparecida Tavares. O evento \u00e9 voltado para estudantes de gradua\u00e7\u00e3o e profissionais da \u00e1rea de sa\u00fade.<\/p>\n<p>&#8220;Ansiedade, tristeza, decep\u00e7\u00e3o, raiva, baixa estima, depress\u00e3o s\u00e3o alguns dos sintomas de uma alma adoecida. Estes sentimentos arrasam pessoas de qualquer ideologia, cren\u00e7a, sexo ou idade. Destroem fam\u00edlias, profiss\u00f5es, amizades e a n\u00f3s mesmos. Neste encontro vamos lan\u00e7ar um olhar sobre as dores que afligem a alma e se refletem no nosso corpo. Entendemos que o adoecer faz parte da trajet\u00f3ria humana e neste encontro buscaremos compreender a rela\u00e7\u00e3o do adoecimento do organismo, com sua complexa trama de sistemas e processos, e o sofrimento ps\u00edquico. Acreditamos que este \u00e9 um dos passos mais importantes para a cura das dores da alma&#8221;, declaram as facilitadoras da oficina.<\/p>\n<p>SERVI\u00c7O<br \/>\n<strong>Oficina &#8216;Quando a alma adoece&#8217;<\/strong><br \/>\n<strong>Data:<\/strong> 26\/09\/1973 (quinta-feira)<br \/>\n<strong>Hora:<\/strong> 19h \u00e0s 22h<br \/>\n<strong>Local:<\/strong> Faculdade ESUDA &#8211; Rua Bispo Cardoso Ayres, S\/N &#8211; Santo Amaro, Recife &#8211; PE<br \/>\n<strong>Facilitadoras:<\/strong> Fl\u00e1via Bezerra de Menezes Goldmann; Nat\u00e1lia Aparecida Tavares<br \/>\n<strong>Investimento:<\/strong> R$ 75,00<\/p>\n<p><strong>INSCRI\u00c7\u00d5ES ATRAV\u00c9S DESTE LINK:<\/strong> <a href=\"http:\/\/esuda.com.br\/geia_cursos\/inscricao\/index.php\" target=\"_blank\" rel=\"noopener\">http:\/\/esuda.com.br\/geia_cursos\/inscricao\/index.php<\/a><\/p>\n<p><strong>MAIS INFORMA\u00c7\u00d5ES<\/strong><br \/>\n(81) 99999-0357<\/p>\n","protected":false},"excerpt":{"rendered":"<p>No dia 26 de setembro de 2019, ser\u00e1 realizada, das 19h \u00e0s 22h, na Faculdade Esuda, no Recife, a oficina interativa &#8216;Quando a alma adoece&#8217;, conduzida pela m\u00e9dica Fl\u00e1via Bezerra de Menezes Goldmann e pela psic\u00f3loga Nat\u00e1lia Aparecida Tavares. O evento \u00e9 voltado para estudantes de gradua\u00e7\u00e3o e profissionais da \u00e1rea de sa\u00fade. &#8220;Ansiedade, tristeza, [&hellip;]<\/p>\n","protected":false},"author":1,"featured_media":36892,"comment_status":"open","ping_status":"open","sticky":false,"template":"","format":"standard","meta":{"om_disable_all_campaigns":false,"_monsterinsights_skip_tracking":false,"_monsterinsights_sitenote_active":false,"_monsterinsights_sitenote_note":"","_monsterinsights_sitenote_category":0,"footnotes":""},"categories":[8,214],"tags":[319,328,305],"acf":[],"publishpress_future_action":{"enabled":false,"date":"1969-12-31 21:00:00","action":"","terms":[],"taxonomy":"","browser_timezone_offset":0},"_links":{"self":[{"href":"https:\/\/portalfloresnoar.com\/floresnoar\/wp-json\/wp\/v2\/posts\/36890"}],"collection":[{"href":"https:\/\/portalfloresnoar.com\/floresnoar\/wp-json\/wp\/v2\/posts"}],"about":[{"href":"https:\/\/portalfloresnoar.com\/floresnoar\/wp-json\/wp\/v2\/types\/post"}],"author":[{"embeddable":true,"href":"https:\/\/portalfloresnoar.com\/floresnoar\/wp-json\/wp\/v2\/users\/1"}],"replies":[{"embeddable":true,"href":"https:\/\/portalfloresnoar.com\/floresnoar\/wp-json\/wp\/v2\/comments?post=36890"}],"version-history":[{"count":0,"href":"https:\/\/portalfloresnoar.com\/floresnoar\/wp-json\/wp\/v2\/posts\/36890\/revisions"}],"wp:featuredmedia":[{"embeddable":true,"href":"https:\/\/portalfloresnoar.com\/floresnoar\/wp-json\/wp\/v2\/media\/36892"}],"wp:attachment":[{"href":"https:\/\/portalfloresnoar.com\/floresnoar\/wp-json\/wp\/v2\/media?parent=36890"}],"wp:term":[{"taxonomy":"category","embeddable":true,"href":"https:\/\/portalfloresnoar.com\/floresnoar\/wp-json\/wp\/v2\/categories?post=36890"},{"taxonomy":"post_tag","embeddable":true,"href":"https:\/\/portalfloresnoar.com\/floresnoar\/wp-json\/wp\/v2\/tags?post=36890"}],"curies":[{"name":"wp","href":"https:\/\/api.w.org\/{rel}","templated":true}]}}