

{"id":36876,"date":"2019-04-20T11:23:10","date_gmt":"2019-04-20T14:23:10","guid":{"rendered":"http:\/\/portalfloresnoar.com\/floresnoar\/?p=36876"},"modified":"2019-09-23T10:46:32","modified_gmt":"2019-09-23T13:46:32","slug":"agenda-pe-cuidando-onde-flor-oferece-atendimentos-e-praticas-integrativas-gratuitas-neste-sabado-no-recife","status":"publish","type":"post","link":"https:\/\/portalfloresnoar.com\/floresnoar\/agenda-pe-cuidando-onde-flor-oferece-atendimentos-e-praticas-integrativas-gratuitas-neste-sabado-no-recife\/","title":{"rendered":"[AGENDA PE] &#8216;Cuidando Onde Flor&#8217; oferece atendimentos e pr\u00e1ticas integrativas gratuitas dia 21\/9\/19 no Recife"},"content":{"rendered":"<p><img decoding=\"async\" loading=\"lazy\" class=\"aligncenter wp-image-36877 size-large\" src=\"http:\/\/portalfloresnoar.com\/floresnoar\/wp-content\/uploads\/2019\/09\/cuidando-onde-flor-parque-13-de-maio-560x700.jpg\" alt=\"\" width=\"560\" height=\"700\" srcset=\"https:\/\/portalfloresnoar.com\/floresnoar\/wp-content\/uploads\/2019\/09\/cuidando-onde-flor-parque-13-de-maio-560x700.jpg 560w, https:\/\/portalfloresnoar.com\/floresnoar\/wp-content\/uploads\/2019\/09\/cuidando-onde-flor-parque-13-de-maio-240x300.jpg 240w, https:\/\/portalfloresnoar.com\/floresnoar\/wp-content\/uploads\/2019\/09\/cuidando-onde-flor-parque-13-de-maio.jpg 670w\" sizes=\"(max-width: 560px) 100vw, 560px\" \/><\/p>\n<p>J\u00e1 brindando a proximidade da chegada da Primavera, neste s\u00e1bado (21\/9), ser\u00e1 realizado no Parque 13 de maio, no Recife, o evento &#8216;Cuidando Onde Flor&#8217;, oferecendo diversas atividades gratuitas com o objetivo de unir as pessoas atrav\u00e9s de pr\u00e1ticas de cuidado integral.<\/p>\n<p><img decoding=\"async\" loading=\"lazy\" class=\" wp-image-36879 alignleft\" src=\"http:\/\/portalfloresnoar.com\/floresnoar\/wp-content\/uploads\/2019\/09\/cuidando-onde-flor-2-300x225.jpg\" alt=\"\" width=\"336\" height=\"252\" srcset=\"https:\/\/portalfloresnoar.com\/floresnoar\/wp-content\/uploads\/2019\/09\/cuidando-onde-flor-2-300x225.jpg 300w, https:\/\/portalfloresnoar.com\/floresnoar\/wp-content\/uploads\/2019\/09\/cuidando-onde-flor-2-700x525.jpg 700w, https:\/\/portalfloresnoar.com\/floresnoar\/wp-content\/uploads\/2019\/09\/cuidando-onde-flor-2-160x120.jpg 160w, https:\/\/portalfloresnoar.com\/floresnoar\/wp-content\/uploads\/2019\/09\/cuidando-onde-flor-2.jpg 720w\" sizes=\"(max-width: 336px) 100vw, 336px\" \/>Das 13h \u00e0s 17h, ser\u00e3o oferecidas gratuitamente diversas atividades, entre elas: acolhimento psicol\u00f3gico, reiki, orienta\u00e7\u00e3o nutricional, biodanza, bioenerg\u00e9tica, auriculoacupuntura, radiestesia, medita\u00e7\u00e3o, conta\u00e7\u00e3o de hist\u00f3rias, mahikari e a oficina corpo sens\u00edvel.<\/p>\n<p>&#8220;O Cuidando Onde Flor surgiu em 2018 a partir da uni\u00e3o de pessoas mobilizadas para uma a\u00e7\u00e3o de cuidado integral em um contexto pol\u00edtico pr\u00e9-eleitoral marcado por intensas e assustadoras manifesta\u00e7\u00f5es de intoler\u00e2ncia. O aumento alarmante da viol\u00eancia urbana e virtual contra minorias sociais, como pessoas negras, LGBTQI+ e pobres, era preocupante e urgente. Promover cuidado foi nossa forma de reagir ao medo, ao p\u00e2nico e \u00e0 sensa\u00e7\u00e3o de impot\u00eancia. Esse era o \u00edmpeto e o desejo das pessoas que pensaram em ocupar espa\u00e7os p\u00fablicos da cidade: democratizar o cuidado.<br \/>\n<img decoding=\"async\" loading=\"lazy\" class=\" wp-image-36878 alignright\" src=\"http:\/\/portalfloresnoar.com\/floresnoar\/wp-content\/uploads\/2019\/09\/cuidando-onde-flor-1-182x300.jpg\" alt=\"\" width=\"220\" height=\"363\" srcset=\"https:\/\/portalfloresnoar.com\/floresnoar\/wp-content\/uploads\/2019\/09\/cuidando-onde-flor-1-182x300.jpg 182w, https:\/\/portalfloresnoar.com\/floresnoar\/wp-content\/uploads\/2019\/09\/cuidando-onde-flor-1-768x1264.jpg 768w, https:\/\/portalfloresnoar.com\/floresnoar\/wp-content\/uploads\/2019\/09\/cuidando-onde-flor-1-425x700.jpg 425w, https:\/\/portalfloresnoar.com\/floresnoar\/wp-content\/uploads\/2019\/09\/cuidando-onde-flor-1.jpg 778w\" sizes=\"(max-width: 220px) 100vw, 220px\" \/>E o que produzimos naquela tarde? Afeto, sorrisos, olhares, abra\u00e7os, acolhimento e a certeza de que juntos somos mais fortes e nos sentimos mais cuidados. Em tempos dif\u00edceis, o afeto \u00e9 revolucion\u00e1rio! \u00c9 poss\u00edvel viver, conviver, sobreviver e resistir. E foi assim que escolhemos iniciar aquela, esta e tantas outras primaveras&#8221;, declaram os organizadores do Cuidando Onde Flor.<\/p>\n<p>SERVI\u00c7O<br \/>\n<strong>Cuidando Onde Flor<\/strong><br \/>\nData: 21\/9\/2019<br \/>\nHora: 13h \u00e0s 17h<br \/>\nLocal: Parque 13 de maio, Recife<br \/>\nEntrada: gratuita<\/p>\n<p>MAIS INFORMA\u00c7\u00d5ES<br \/>\n(81) 99926.0719 (Leyllyanne)<br \/>\n(81) 99753.6583 (Eduarda)<\/p>\n","protected":false},"excerpt":{"rendered":"<p>J\u00e1 brindando a proximidade da chegada da Primavera, neste s\u00e1bado (21\/9), ser\u00e1 realizado no Parque 13 de maio, no Recife, o evento &#8216;Cuidando Onde Flor&#8217;, oferecendo diversas atividades gratuitas com o objetivo de unir as pessoas atrav\u00e9s de pr\u00e1ticas de cuidado integral. Das 13h \u00e0s 17h, ser\u00e3o oferecidas gratuitamente diversas atividades, entre elas: acolhimento psicol\u00f3gico, [&hellip;]<\/p>\n","protected":false},"author":1,"featured_media":36879,"comment_status":"open","ping_status":"open","sticky":false,"template":"","format":"standard","meta":{"om_disable_all_campaigns":false,"_monsterinsights_skip_tracking":false,"_monsterinsights_sitenote_active":false,"_monsterinsights_sitenote_note":"","_monsterinsights_sitenote_category":0,"footnotes":""},"categories":[8,214],"tags":[146,132,670,383,739,37,127],"acf":[],"publishpress_future_action":{"enabled":false,"date":"1969-12-31 21:00:00","action":"","terms":[],"taxonomy":"","browser_timezone_offset":0},"_links":{"self":[{"href":"https:\/\/portalfloresnoar.com\/floresnoar\/wp-json\/wp\/v2\/posts\/36876"}],"collection":[{"href":"https:\/\/portalfloresnoar.com\/floresnoar\/wp-json\/wp\/v2\/posts"}],"about":[{"href":"https:\/\/portalfloresnoar.com\/floresnoar\/wp-json\/wp\/v2\/types\/post"}],"author":[{"embeddable":true,"href":"https:\/\/portalfloresnoar.com\/floresnoar\/wp-json\/wp\/v2\/users\/1"}],"replies":[{"embeddable":true,"href":"https:\/\/portalfloresnoar.com\/floresnoar\/wp-json\/wp\/v2\/comments?post=36876"}],"version-history":[{"count":0,"href":"https:\/\/portalfloresnoar.com\/floresnoar\/wp-json\/wp\/v2\/posts\/36876\/revisions"}],"wp:featuredmedia":[{"embeddable":true,"href":"https:\/\/portalfloresnoar.com\/floresnoar\/wp-json\/wp\/v2\/media\/36879"}],"wp:attachment":[{"href":"https:\/\/portalfloresnoar.com\/floresnoar\/wp-json\/wp\/v2\/media?parent=36876"}],"wp:term":[{"taxonomy":"category","embeddable":true,"href":"https:\/\/portalfloresnoar.com\/floresnoar\/wp-json\/wp\/v2\/categories?post=36876"},{"taxonomy":"post_tag","embeddable":true,"href":"https:\/\/portalfloresnoar.com\/floresnoar\/wp-json\/wp\/v2\/tags?post=36876"}],"curies":[{"name":"wp","href":"https:\/\/api.w.org\/{rel}","templated":true}]}}