

{"id":36869,"date":"2019-04-17T09:36:57","date_gmt":"2019-04-17T12:36:57","guid":{"rendered":"http:\/\/portalfloresnoar.com\/floresnoar\/?p=36869"},"modified":"2019-09-20T09:46:37","modified_gmt":"2019-09-20T12:46:37","slug":"agenda-pe-casal-evolucao-quantica-realiza-esta-semana-palestra-gratuita-e-curso-no-recife","status":"publish","type":"post","link":"https:\/\/portalfloresnoar.com\/floresnoar\/agenda-pe-casal-evolucao-quantica-realiza-esta-semana-palestra-gratuita-e-curso-no-recife\/","title":{"rendered":"[AGENDA PE] Casal Evolu\u00e7\u00e3o Qu\u00e2ntica no Recife"},"content":{"rendered":"<p><img decoding=\"async\" loading=\"lazy\" class=\"aligncenter wp-image-36870 \" src=\"http:\/\/portalfloresnoar.com\/floresnoar\/wp-content\/uploads\/2019\/09\/casal-evolucao-quantica-700x389.jpg\" alt=\"\" width=\"601\" height=\"334\" srcset=\"https:\/\/portalfloresnoar.com\/floresnoar\/wp-content\/uploads\/2019\/09\/casal-evolucao-quantica-700x389.jpg 700w, https:\/\/portalfloresnoar.com\/floresnoar\/wp-content\/uploads\/2019\/09\/casal-evolucao-quantica-300x167.jpg 300w, https:\/\/portalfloresnoar.com\/floresnoar\/wp-content\/uploads\/2019\/09\/casal-evolucao-quantica-672x372.jpg 672w, https:\/\/portalfloresnoar.com\/floresnoar\/wp-content\/uploads\/2019\/09\/casal-evolucao-quantica.jpg 720w\" sizes=\"(max-width: 601px) 100vw, 601px\" \/><\/p>\n<p>O Vida Encantada Eventos Evolutivos promove neste m\u00eas de setembro palestras e cursos com o Casal Evolu\u00e7\u00e3o Qu\u00e2ntica, Jonas de Oliveira e Fl\u00e1via Molena. Nesta quarta-feira (18\/9) ser\u00e1 realizada a palestra gratuita &#8216;F\u00edsica Qu\u00e2ntica, Hipnose e Sa\u00fade&#8217;. Nos dias 21 e 22 (s\u00e1bado e domingo), o casal conduz o curso terap\u00eautico &#8216;Cura Qu\u00e2ntica com Hipnose&#8217;. Os dois eventos ser\u00e3o realizados no Radisson Hotel Recife, localizado no bairro de Boa Viagem.<\/p>\n<p><em>Confira abaixo mais informa\u00e7\u00f5es sobre cada evento!<\/em><\/p>\n<p><img decoding=\"async\" loading=\"lazy\" class=\"aligncenter wp-image-36871 \" src=\"http:\/\/portalfloresnoar.com\/floresnoar\/wp-content\/uploads\/2019\/09\/palestra-recife-583x700.jpg\" alt=\"\" width=\"575\" height=\"690\" srcset=\"https:\/\/portalfloresnoar.com\/floresnoar\/wp-content\/uploads\/2019\/09\/palestra-recife-583x700.jpg 583w, https:\/\/portalfloresnoar.com\/floresnoar\/wp-content\/uploads\/2019\/09\/palestra-recife-250x300.jpg 250w, https:\/\/portalfloresnoar.com\/floresnoar\/wp-content\/uploads\/2019\/09\/palestra-recife.jpg 670w\" sizes=\"(max-width: 575px) 100vw, 575px\" \/><\/p>\n<p><strong>PALESTRA BENEFICENTE &#8211; &#8216;F\u00edsica Qu\u00e2ntica, Hipnose e Sa\u00fade&#8217;<\/strong><br \/>\n<strong>Data:<\/strong> 18 de Setembro de 2019<br \/>\n<strong>Hora:<\/strong> 19h \u00e0s 22h<br \/>\n<strong>Local:<\/strong> Radisson Hotel Recife &#8211; Av. Boa Viagem, 1906, Recife\/PE<br \/>\n<strong>Palestrante:<\/strong> Prof. Jonas de Oliveira<br \/>\n<strong>Entrada:<\/strong> 1kg de alimento n\u00e3o perec\u00edvel<\/p>\n<p><strong>Entre no grupo e estar\u00e1 inscrito (a) para a palestra:<\/strong> <a href=\"https:\/\/chat.whatsapp.com\/Gmqm3xEC5uj3Z8UUhEjt7P\" target=\"_blank\" rel=\"noopener\">https:\/\/chat.whatsapp.com\/Gmqm3xEC5uj3Z8UUhEjt7P<\/a><\/p>\n<p><strong>Mais informa\u00e7\u00f5es:<\/strong> (81) 99999.8958<\/p>\n<p>&nbsp;<\/p>\n<p><img decoding=\"async\" loading=\"lazy\" class=\"aligncenter wp-image-36872 \" src=\"http:\/\/portalfloresnoar.com\/floresnoar\/wp-content\/uploads\/2019\/09\/recife-curso-583x700.jpg\" alt=\"\" width=\"575\" height=\"690\" srcset=\"https:\/\/portalfloresnoar.com\/floresnoar\/wp-content\/uploads\/2019\/09\/recife-curso-583x700.jpg 583w, https:\/\/portalfloresnoar.com\/floresnoar\/wp-content\/uploads\/2019\/09\/recife-curso-250x300.jpg 250w, https:\/\/portalfloresnoar.com\/floresnoar\/wp-content\/uploads\/2019\/09\/recife-curso.jpg 670w\" sizes=\"(max-width: 575px) 100vw, 575px\" \/><\/p>\n<p><strong>CURSO TERAP\u00caUTICO &#8211; &#8216;Cura Qu\u00e2ntica com Hipnose&#8217;<\/strong><\/p>\n<ul>\n<li>O curso aborda aspectos da F\u00edsica Qu\u00e2ntica e Hipnose voltados \u00e0 sa\u00fade e bem-estar.<\/li>\n<li>Alterna teoria e experi\u00eancias vivenciais para promover um processo de cura em todos os n\u00edveis: f\u00edsico, mental, emocional e espiritual.<\/li>\n<li>Conecta o participante ao seu prop\u00f3sito, alterando padr\u00f5es repetitivos, cren\u00e7as e medos internos.<\/li>\n<li>Une ci\u00eancia e espiritualidade para transforma\u00e7\u00e3o pessoal e forma\u00e7\u00e3o profissional.<\/li>\n<li>\u00c9 composto por cinco Poderosos Recursos Terap\u00eauticos: ENERGIAS, HIPNOS, ESTADO VIBRACIONAL, HIPNOSE SUBLIMINAR E SONS BINAURAIS.<\/li>\n<\/ul>\n<p>\u2022PARA QUEM \u00c9 INDICADO O CURSO?<br \/>\nO curso \u00e9 direcionado a todos que desejam se conhecer melhor e ter uma profunda transforma\u00e7\u00e3o pessoal. Indicado como curso profissionalizante, formando TERAPEUTA EVOLUCIONAL QU\u00c2NTICO, com certificado reconhecido pela ABRATH e Biblioteca Nacional.<\/p>\n<p>\u2022B\u00d4NUS<br \/>\n&#8211; Aprender\u00e1 a fazer Cura a Dist\u00e2ncia<br \/>\n&#8211; Colet\u00e2nea Terapeuta em Casa<br \/>\n&#8211; Acesso \u00e0s aulas pr\u00e1ticas e te\u00f3ricas no Portal online por 3 meses<\/p>\n<p><strong>Data:<\/strong> 21 e 22 de setembro de 2019<br \/>\n<strong>Hora:<\/strong> 8h \u00e0s 18h<br \/>\n<strong>Local:<\/strong> Radisson Hotel Recife &#8211; Av. Boa Viagem, 1906, Recife\/PE<br \/>\n<strong>Facilitadores:<\/strong> Jonas de Oliveira e Fl\u00e1via Molena<\/p>\n<p><strong>Informa\u00e7\u00f5es no Grupo do WhatsApp:<\/strong> <a href=\"https:\/\/chat.whatsapp.com\/Gmqm3xEC5uj3Z8UUhEjt7P\" target=\"_blank\" rel=\"noopener\">https:\/\/chat.whatsapp.com\/Gmqm3xEC5uj3Z8UUhEjt7P<\/a><\/p>\n<p><strong>Mais informa\u00e7\u00f5es:<\/strong> (81) 99999.8958<\/p>\n<p><a href=\"https:\/\/www.evolucaoquantica.com.br\/\" target=\"_blank\" rel=\"noopener\">www.evolucaoquantica.com.br<\/a><\/p>\n<p><em><strong>Obs.:<\/strong> O casal estar\u00e1 em Caruaru no final do m\u00eas, realizando a palestra no dia 25\/9 e o curso nos dias 28 e 29\/9, ambos no Hotel Maysa.<\/em><\/p>\n<p>MAIS INFORMA\u00c7\u00d5ES<br \/>\n(81) 99999.8958<br \/>\n@vidaencatadaeventosevolutivos<\/p>\n","protected":false},"excerpt":{"rendered":"<p>O Vida Encantada Eventos Evolutivos promove neste m\u00eas de setembro palestras e cursos com o Casal Evolu\u00e7\u00e3o Qu\u00e2ntica, Jonas de Oliveira e Fl\u00e1via Molena. Nesta quarta-feira (18\/9) ser\u00e1 realizada a palestra gratuita &#8216;F\u00edsica Qu\u00e2ntica, Hipnose e Sa\u00fade&#8217;. Nos dias 21 e 22 (s\u00e1bado e domingo), o casal conduz o curso terap\u00eautico &#8216;Cura Qu\u00e2ntica com Hipnose&#8217;. [&hellip;]<\/p>\n","protected":false},"author":1,"featured_media":36870,"comment_status":"open","ping_status":"open","sticky":false,"template":"","format":"standard","meta":{"om_disable_all_campaigns":false,"_monsterinsights_skip_tracking":false,"_monsterinsights_sitenote_active":false,"_monsterinsights_sitenote_note":"","_monsterinsights_sitenote_category":0,"footnotes":""},"categories":[8,214],"tags":[167,25,692,305],"acf":[],"publishpress_future_action":{"enabled":false,"date":"1969-12-31 21:00:00","action":"","terms":[],"taxonomy":"","browser_timezone_offset":0},"_links":{"self":[{"href":"https:\/\/portalfloresnoar.com\/floresnoar\/wp-json\/wp\/v2\/posts\/36869"}],"collection":[{"href":"https:\/\/portalfloresnoar.com\/floresnoar\/wp-json\/wp\/v2\/posts"}],"about":[{"href":"https:\/\/portalfloresnoar.com\/floresnoar\/wp-json\/wp\/v2\/types\/post"}],"author":[{"embeddable":true,"href":"https:\/\/portalfloresnoar.com\/floresnoar\/wp-json\/wp\/v2\/users\/1"}],"replies":[{"embeddable":true,"href":"https:\/\/portalfloresnoar.com\/floresnoar\/wp-json\/wp\/v2\/comments?post=36869"}],"version-history":[{"count":0,"href":"https:\/\/portalfloresnoar.com\/floresnoar\/wp-json\/wp\/v2\/posts\/36869\/revisions"}],"wp:featuredmedia":[{"embeddable":true,"href":"https:\/\/portalfloresnoar.com\/floresnoar\/wp-json\/wp\/v2\/media\/36870"}],"wp:attachment":[{"href":"https:\/\/portalfloresnoar.com\/floresnoar\/wp-json\/wp\/v2\/media?parent=36869"}],"wp:term":[{"taxonomy":"category","embeddable":true,"href":"https:\/\/portalfloresnoar.com\/floresnoar\/wp-json\/wp\/v2\/categories?post=36869"},{"taxonomy":"post_tag","embeddable":true,"href":"https:\/\/portalfloresnoar.com\/floresnoar\/wp-json\/wp\/v2\/tags?post=36869"}],"curies":[{"name":"wp","href":"https:\/\/api.w.org\/{rel}","templated":true}]}}