

{"id":36852,"date":"2019-05-13T10:07:26","date_gmt":"2019-05-13T13:07:26","guid":{"rendered":"http:\/\/portalfloresnoar.com\/floresnoar\/?p=36852"},"modified":"2019-09-23T10:39:33","modified_gmt":"2019-09-23T13:39:33","slug":"agenda-pe-primaverando-se-uma-vivencia-de-corpo-e-soulcollage-dia-219-em-aldeia","status":"publish","type":"post","link":"https:\/\/portalfloresnoar.com\/floresnoar\/agenda-pe-primaverando-se-uma-vivencia-de-corpo-e-soulcollage-dia-219-em-aldeia\/","title":{"rendered":"[AGENDA PE] &#8216;Primaverando-se, uma viv\u00eancia de Corpo e Soulcollage\u00ae&#8217;, dia 21\/9, em Aldeia"},"content":{"rendered":"<p><img decoding=\"async\" loading=\"lazy\" class=\"aligncenter wp-image-36854 \" src=\"http:\/\/portalfloresnoar.com\/floresnoar\/wp-content\/uploads\/2019\/09\/primaverando-se.jpg\" alt=\"\" width=\"631\" height=\"528\" srcset=\"https:\/\/portalfloresnoar.com\/floresnoar\/wp-content\/uploads\/2019\/09\/primaverando-se.jpg 670w, https:\/\/portalfloresnoar.com\/floresnoar\/wp-content\/uploads\/2019\/09\/primaverando-se-300x251.jpg 300w\" sizes=\"(max-width: 631px) 100vw, 631px\" \/><\/p>\n<p>No dia 21 de setembro de 2019, a terapeuta, dan\u00e7arina e facilitadora de SoulCollage\u00ae Drica Ayub realiza o &#8216;Primaverando-se, uma viv\u00eancia de Corpo e Soulcollage\u00ae&#8217;. O encontro acontece das 9h \u00e0s 13h, na Casa da Floresta, em Aldeia.<\/p>\n<p>&#8220;Abrindo o Equin\u00f3cio de Primavera (que acontece no dia 23 de setembro), no grupo iremos focar nessa energia de abertura, criatividade, alegria e beleza que a primavera nos tr\u00e1s ap\u00f3s o inverno que foi tempo de recolhimento. S\u00e3o nossas flores internas que desabrocham e vamos experimentar isso a partir do corpo e sua energia e das imagens da alma com o SoulCollage\u00ae. O corpo ser\u00e1 trabalhado com proposi\u00e7\u00f5es e provoca\u00e7\u00f5es para adentrarmos em nossa presen\u00e7a atrav\u00e9s da respira\u00e7\u00e3o e movimento. O encontro \u00e9 um processo meditativo para descobrirmos, recordarmos e refor\u00e7armos nossa primavera interna&#8221;, explica Drica.<\/p>\n<p>O SoulCollage\u00ae \u00e9 um trabalho intuitivo e criativo de autoconhecimento que usa a colagem em cart\u00f5es como convite para um mergulho nas imagens da alma (Soul = alma; collage = colagem).<\/p>\n<p>FACILITADORA<br \/>\n<strong>Drica Ayub<\/strong> \u00e9 pesquisadora do corpo, terapeuta corporal, bailarina com especializa\u00e7\u00e3o em Dan\u00e7a pela Faculdade Angel Vianna, aromaterapeuta, bi\u00f3loga de forma\u00e7\u00e3o e facilitadora de SoulCollage \u00ae . Est\u00e1 em forma\u00e7\u00e3o em Educa\u00e7\u00e3o Som\u00e1tica pelo Body Mind Movement, Movimento Aut\u00eantico, e Arteterapia.<\/p>\n<p>SERVI\u00c7O<br \/>\n<strong>Primaverando-se, uma viv\u00eancia de Corpo e Soulcollage\u00ae<\/strong><br \/>\n<strong>Data:<\/strong> 21 de setembro das 9h as 13h.<br \/>\n<strong>Local:<\/strong> Casa da Floresta &#8211; Aldeia km 8<br \/>\n<strong>Valor de troca sugerido:<\/strong> R$ 100,00 (lanche incluso) .<\/p>\n<p><strong>MAIS INFORMA\u00c7\u00d5ES<\/strong><br \/>\ndrica.ayub@gmail.com<br \/>\n81 998117770<br \/>\n@drica.ayub<\/p>\n","protected":false},"excerpt":{"rendered":"<p>No dia 21 de setembro de 2019, a terapeuta, dan\u00e7arina e facilitadora de SoulCollage\u00ae Drica Ayub realiza o &#8216;Primaverando-se, uma viv\u00eancia de Corpo e Soulcollage\u00ae&#8217;. O encontro acontece das 9h \u00e0s 13h, na Casa da Floresta, em Aldeia. &#8220;Abrindo o Equin\u00f3cio de Primavera (que acontece no dia 23 de setembro), no grupo iremos focar nessa [&hellip;]<\/p>\n","protected":false},"author":1,"featured_media":36853,"comment_status":"open","ping_status":"open","sticky":false,"template":"","format":"standard","meta":{"om_disable_all_campaigns":false,"_monsterinsights_skip_tracking":false,"_monsterinsights_sitenote_active":false,"_monsterinsights_sitenote_note":"","_monsterinsights_sitenote_category":0,"footnotes":""},"categories":[8,214],"tags":[244,233,304],"acf":[],"publishpress_future_action":{"enabled":false,"date":"1969-12-31 21:00:00","action":"","terms":[],"taxonomy":"","browser_timezone_offset":0},"_links":{"self":[{"href":"https:\/\/portalfloresnoar.com\/floresnoar\/wp-json\/wp\/v2\/posts\/36852"}],"collection":[{"href":"https:\/\/portalfloresnoar.com\/floresnoar\/wp-json\/wp\/v2\/posts"}],"about":[{"href":"https:\/\/portalfloresnoar.com\/floresnoar\/wp-json\/wp\/v2\/types\/post"}],"author":[{"embeddable":true,"href":"https:\/\/portalfloresnoar.com\/floresnoar\/wp-json\/wp\/v2\/users\/1"}],"replies":[{"embeddable":true,"href":"https:\/\/portalfloresnoar.com\/floresnoar\/wp-json\/wp\/v2\/comments?post=36852"}],"version-history":[{"count":0,"href":"https:\/\/portalfloresnoar.com\/floresnoar\/wp-json\/wp\/v2\/posts\/36852\/revisions"}],"wp:featuredmedia":[{"embeddable":true,"href":"https:\/\/portalfloresnoar.com\/floresnoar\/wp-json\/wp\/v2\/media\/36853"}],"wp:attachment":[{"href":"https:\/\/portalfloresnoar.com\/floresnoar\/wp-json\/wp\/v2\/media?parent=36852"}],"wp:term":[{"taxonomy":"category","embeddable":true,"href":"https:\/\/portalfloresnoar.com\/floresnoar\/wp-json\/wp\/v2\/categories?post=36852"},{"taxonomy":"post_tag","embeddable":true,"href":"https:\/\/portalfloresnoar.com\/floresnoar\/wp-json\/wp\/v2\/tags?post=36852"}],"curies":[{"name":"wp","href":"https:\/\/api.w.org\/{rel}","templated":true}]}}