

{"id":36842,"date":"2019-09-11T11:32:13","date_gmt":"2019-09-11T14:32:13","guid":{"rendered":"http:\/\/portalfloresnoar.com\/floresnoar\/?p=36842"},"modified":"2019-09-11T11:32:13","modified_gmt":"2019-09-11T14:32:13","slug":"isadora-zamarque-sobre-o-silencio-ou-o-esvaziamento","status":"publish","type":"post","link":"https:\/\/portalfloresnoar.com\/floresnoar\/isadora-zamarque-sobre-o-silencio-ou-o-esvaziamento\/","title":{"rendered":"[ISADORA ZAMARQUE] Sobre o sil\u00eancio (ou o esvaziamento)"},"content":{"rendered":"<p><img decoding=\"async\" loading=\"lazy\" class=\"wp-image-36843  aligncenter\" src=\"http:\/\/portalfloresnoar.com\/floresnoar\/wp-content\/uploads\/2019\/09\/liquidum_isadora-zamarque-700x525.jpg\" alt=\"\" width=\"601\" height=\"451\" srcset=\"https:\/\/portalfloresnoar.com\/floresnoar\/wp-content\/uploads\/2019\/09\/liquidum_isadora-zamarque-700x525.jpg 700w, https:\/\/portalfloresnoar.com\/floresnoar\/wp-content\/uploads\/2019\/09\/liquidum_isadora-zamarque-300x225.jpg 300w, https:\/\/portalfloresnoar.com\/floresnoar\/wp-content\/uploads\/2019\/09\/liquidum_isadora-zamarque-160x120.jpg 160w, https:\/\/portalfloresnoar.com\/floresnoar\/wp-content\/uploads\/2019\/09\/liquidum_isadora-zamarque.jpg 720w\" sizes=\"(max-width: 601px) 100vw, 601px\" \/><\/p>\n<p>| Por<a href=\"https:\/\/www.facebook.com\/isadora.zamarque.5\" target=\"_blank\" rel=\"noopener\">\u00a0Isadora Zamarque\u00a0\u00a0<\/a>|<\/p>\n<p>M\u00fasica sempre foi uma excelente companhia e companheira dos meus trilhos. Tenho apre\u00e7o por muitas cad\u00eancias, as que t\u00eam letras po\u00e9ticas (e at\u00e9 liter\u00e1rias, por que n\u00e3o?), talvez todas (ou quase todas) intencionam a poesia, mesmo tendo uma est\u00e9tica question\u00e1vel e isso independe da prefer\u00eancia. Costumo ir do luxo ao lixo, do erudito ao popular, das letradas \u00e0s instrumentais. Todas essas sonoridades t\u00eam papel fundamental no caminho que fa\u00e7o, todas elas fundamentam algo sobre mim mesma.<\/p>\n<p>Mas, de uns tempos pra c\u00e1 tenho alimentado sil\u00eancios e esvaziamentos. Costumava ligar uma m\u00fasica logo quando acordava, entretanto percebi que precisava insistir em escutar os sons que j\u00e1 estavam ao meu redor, aqueles que v\u00eam naturalmente ou n\u00e3o. O cachorro que late incessantemente, as pessoas passando de bicicleta, a conversa da vizinha. Depois, a chaleira apitando para coar o caf\u00e9, a m\u00e1quina de lavar roupas que, particularmente falando, tem notas musicais elevad\u00edssimas e eu sempre idealizei can\u00e7\u00f5es que pudessem agregar esse som t\u00e3o tecnol\u00f3gico e avan\u00e7ado (talvez Tom Z\u00e9 tenha chegado bem pr\u00f3ximo dessas minhas idealiza\u00e7\u00f5es com o seu talento experimental. Ave Tom!)<\/p>\n<p>Retomo o sil\u00eancio e tomo uma caneca de caf\u00e9 bem quente.<\/p>\n<p>Desperto.<\/p>\n<p>E sinto o sil\u00eancio de fora e de dentro. O sil\u00eancio de fora \u00e9 sempre passageiro. O sil\u00eancio de dentro busca sempre, navega, porque \u00e9 t\u00e3o l\u00edquido e litor\u00e2neo, ora mar\u00e9 alta, ora mar\u00e9 cheia.<\/p>\n<p>O sil\u00eancio eu alimento com \u00e1gua e tempestade. Os sons, tenho esperado.<\/p>\n<p>&nbsp;<\/p>\n","protected":false},"excerpt":{"rendered":"<p>| Por\u00a0Isadora Zamarque\u00a0\u00a0| M\u00fasica sempre foi uma excelente companhia e companheira dos meus trilhos. Tenho apre\u00e7o por muitas cad\u00eancias, as que t\u00eam letras po\u00e9ticas (e at\u00e9 liter\u00e1rias, por que n\u00e3o?), talvez todas (ou quase todas) intencionam a poesia, mesmo tendo uma est\u00e9tica question\u00e1vel e isso independe da prefer\u00eancia. Costumo ir do luxo ao lixo, do [&hellip;]<\/p>\n","protected":false},"author":1,"featured_media":36844,"comment_status":"open","ping_status":"open","sticky":false,"template":"","format":"standard","meta":{"om_disable_all_campaigns":false,"_monsterinsights_skip_tracking":false,"_monsterinsights_sitenote_active":false,"_monsterinsights_sitenote_note":"","_monsterinsights_sitenote_category":0,"footnotes":""},"categories":[220,311],"tags":[499,43,724],"acf":[],"publishpress_future_action":{"enabled":false,"date":"1969-12-31 21:00:00","action":"","terms":[],"taxonomy":"","browser_timezone_offset":0},"_links":{"self":[{"href":"https:\/\/portalfloresnoar.com\/floresnoar\/wp-json\/wp\/v2\/posts\/36842"}],"collection":[{"href":"https:\/\/portalfloresnoar.com\/floresnoar\/wp-json\/wp\/v2\/posts"}],"about":[{"href":"https:\/\/portalfloresnoar.com\/floresnoar\/wp-json\/wp\/v2\/types\/post"}],"author":[{"embeddable":true,"href":"https:\/\/portalfloresnoar.com\/floresnoar\/wp-json\/wp\/v2\/users\/1"}],"replies":[{"embeddable":true,"href":"https:\/\/portalfloresnoar.com\/floresnoar\/wp-json\/wp\/v2\/comments?post=36842"}],"version-history":[{"count":0,"href":"https:\/\/portalfloresnoar.com\/floresnoar\/wp-json\/wp\/v2\/posts\/36842\/revisions"}],"wp:featuredmedia":[{"embeddable":true,"href":"https:\/\/portalfloresnoar.com\/floresnoar\/wp-json\/wp\/v2\/media\/36844"}],"wp:attachment":[{"href":"https:\/\/portalfloresnoar.com\/floresnoar\/wp-json\/wp\/v2\/media?parent=36842"}],"wp:term":[{"taxonomy":"category","embeddable":true,"href":"https:\/\/portalfloresnoar.com\/floresnoar\/wp-json\/wp\/v2\/categories?post=36842"},{"taxonomy":"post_tag","embeddable":true,"href":"https:\/\/portalfloresnoar.com\/floresnoar\/wp-json\/wp\/v2\/tags?post=36842"}],"curies":[{"name":"wp","href":"https:\/\/api.w.org\/{rel}","templated":true}]}}