

{"id":36837,"date":"2019-11-01T13:27:37","date_gmt":"2019-11-01T16:27:37","guid":{"rendered":"http:\/\/portalfloresnoar.com\/floresnoar\/?p=36837"},"modified":"2019-11-15T12:04:05","modified_gmt":"2019-11-15T15:04:05","slug":"agenda-pe-grupo-de-estudo-e-supervisao-infancia-com-a-terapeuta-pollyanna-pepeu-no-recife","status":"publish","type":"post","link":"https:\/\/portalfloresnoar.com\/floresnoar\/agenda-pe-grupo-de-estudo-e-supervisao-infancia-com-a-terapeuta-pollyanna-pepeu-no-recife\/","title":{"rendered":"[AGENDA PE] Grupo de Estudo e Supervis\u00e3o &#8216;Inf\u00e2ncia&#8217;, com a terapeuta Pollyanna Pepeu, no Recife"},"content":{"rendered":"<p><img decoding=\"async\" loading=\"lazy\" class=\"aligncenter wp-image-36866 \" src=\"http:\/\/portalfloresnoar.com\/floresnoar\/wp-content\/uploads\/2019\/09\/grupo-de-supervisao_infancia.jpg\" alt=\"\" width=\"601\" height=\"601\" srcset=\"https:\/\/portalfloresnoar.com\/floresnoar\/wp-content\/uploads\/2019\/09\/grupo-de-supervisao_infancia.jpg 670w, https:\/\/portalfloresnoar.com\/floresnoar\/wp-content\/uploads\/2019\/09\/grupo-de-supervisao_infancia-150x150.jpg 150w, https:\/\/portalfloresnoar.com\/floresnoar\/wp-content\/uploads\/2019\/09\/grupo-de-supervisao_infancia-300x300.jpg 300w, https:\/\/portalfloresnoar.com\/floresnoar\/wp-content\/uploads\/2019\/09\/grupo-de-supervisao_infancia-100x100.jpg 100w\" sizes=\"(max-width: 601px) 100vw, 601px\" \/><\/p>\n<p>A psic\u00f3loga e arteterapeuta Pollyanna Pepeu conduz, mensalmente, no Recife, o Grupo de Estudo e Supervis\u00e3o, com o tema \u2018Inf\u00e2ncia\u2019, voltado para\u00a0profissionais e estudantes de Psicologia, arteterapeutas e psicopedagogos.<\/p>\n<p>&#8220;A supervis\u00e3o em grupo permite a multiplicidade de olhares sob uma perspectiva mais ampla e reflexiva. Os encontros t\u00eam um objetivo te\u00f3rico &#8211; pr\u00e1tico, permitindo aos participantes um formato din\u00e2mico no contato com materiais expressivos, numa troca compartilhada \u00e0 luz do conhecimento junguiano e psicanal\u00edtico&#8221;, explica a terapeuta.<\/p>\n<p>CONTE\u00daDO PROGRAM\u00c1TICO<br \/>\n* Desenvolvimento infantil<br \/>\n* Crian\u00e7a \u2013 o contexto familiar e social<br \/>\n* A crian\u00e7a em terapia<br \/>\n* T\u00e9cnicas da terapia infantil<\/p>\n<p>Valor (por encontro): R$ 100,00<\/p>\n<p><strong>MAIS INFORMA\u00c7\u00d5ES<\/strong><br \/>\n(81) 98891.3357<br \/>\n@pollyannapepeu<\/p>\n<p>&nbsp;<\/p>\n","protected":false},"excerpt":{"rendered":"<p>A psic\u00f3loga e arteterapeuta Pollyanna Pepeu conduz, mensalmente, no Recife, o Grupo de Estudo e Supervis\u00e3o, com o tema \u2018Inf\u00e2ncia\u2019, voltado para\u00a0profissionais e estudantes de Psicologia, arteterapeutas e psicopedagogos. &#8220;A supervis\u00e3o em grupo permite a multiplicidade de olhares sob uma perspectiva mais ampla e reflexiva. Os encontros t\u00eam um objetivo te\u00f3rico &#8211; pr\u00e1tico, permitindo aos [&hellip;]<\/p>\n","protected":false},"author":1,"featured_media":36867,"comment_status":"open","ping_status":"open","sticky":false,"template":"","format":"standard","meta":{"om_disable_all_campaigns":false,"_monsterinsights_skip_tracking":false,"_monsterinsights_sitenote_active":false,"_monsterinsights_sitenote_note":"","_monsterinsights_sitenote_category":0,"footnotes":""},"categories":[8,9,214],"tags":[44,34,257,673,461,81],"acf":[],"publishpress_future_action":{"enabled":false,"date":"1969-12-31 21:00:00","action":"","terms":[],"taxonomy":"","browser_timezone_offset":0},"_links":{"self":[{"href":"https:\/\/portalfloresnoar.com\/floresnoar\/wp-json\/wp\/v2\/posts\/36837"}],"collection":[{"href":"https:\/\/portalfloresnoar.com\/floresnoar\/wp-json\/wp\/v2\/posts"}],"about":[{"href":"https:\/\/portalfloresnoar.com\/floresnoar\/wp-json\/wp\/v2\/types\/post"}],"author":[{"embeddable":true,"href":"https:\/\/portalfloresnoar.com\/floresnoar\/wp-json\/wp\/v2\/users\/1"}],"replies":[{"embeddable":true,"href":"https:\/\/portalfloresnoar.com\/floresnoar\/wp-json\/wp\/v2\/comments?post=36837"}],"version-history":[{"count":0,"href":"https:\/\/portalfloresnoar.com\/floresnoar\/wp-json\/wp\/v2\/posts\/36837\/revisions"}],"wp:featuredmedia":[{"embeddable":true,"href":"https:\/\/portalfloresnoar.com\/floresnoar\/wp-json\/wp\/v2\/media\/36867"}],"wp:attachment":[{"href":"https:\/\/portalfloresnoar.com\/floresnoar\/wp-json\/wp\/v2\/media?parent=36837"}],"wp:term":[{"taxonomy":"category","embeddable":true,"href":"https:\/\/portalfloresnoar.com\/floresnoar\/wp-json\/wp\/v2\/categories?post=36837"},{"taxonomy":"post_tag","embeddable":true,"href":"https:\/\/portalfloresnoar.com\/floresnoar\/wp-json\/wp\/v2\/tags?post=36837"}],"curies":[{"name":"wp","href":"https:\/\/api.w.org\/{rel}","templated":true}]}}