

{"id":36814,"date":"2019-04-09T11:08:50","date_gmt":"2019-04-09T14:08:50","guid":{"rendered":"http:\/\/portalfloresnoar.com\/floresnoar\/?p=36814"},"modified":"2019-09-30T14:45:51","modified_gmt":"2019-09-30T17:45:51","slug":"agenda-pe-laboratorio-com-uso-do-papel-dia-289-no-espaco-gerar","status":"publish","type":"post","link":"https:\/\/portalfloresnoar.com\/floresnoar\/agenda-pe-laboratorio-com-uso-do-papel-dia-289-no-espaco-gerar\/","title":{"rendered":"[AGENDA PE] Laborat\u00f3rio com uso do papel, dia 28\/9, no Espa\u00e7o Gerar"},"content":{"rendered":"<figure id=\"attachment_36815\" aria-describedby=\"caption-attachment-36815\" style=\"width: 601px\" class=\"wp-caption aligncenter\"><img decoding=\"async\" loading=\"lazy\" class=\"wp-image-36815\" src=\"http:\/\/portalfloresnoar.com\/floresnoar\/wp-content\/uploads\/2019\/09\/material-expressivo-700x637.jpeg\" alt=\"\" width=\"601\" height=\"547\" srcset=\"https:\/\/portalfloresnoar.com\/floresnoar\/wp-content\/uploads\/2019\/09\/material-expressivo-700x637.jpeg 700w, https:\/\/portalfloresnoar.com\/floresnoar\/wp-content\/uploads\/2019\/09\/material-expressivo-300x273.jpeg 300w, https:\/\/portalfloresnoar.com\/floresnoar\/wp-content\/uploads\/2019\/09\/material-expressivo.jpeg 720w\" sizes=\"(max-width: 601px) 100vw, 601px\" \/><figcaption id=\"caption-attachment-36815\" class=\"wp-caption-text\">Foto: Juliana Novaes<\/figcaption><\/figure>\n<p>No dia 28 de setembro, a arteterapeuta Leta Vasconcelos conduz, no Espa\u00e7o Gerar, o encontro &#8216;Laborat\u00f3rio pr\u00e1tico com uso diverso do papel&#8217;. O encontro tem como objetivo oportunizar a express\u00e3o do poder criativo do participante, atrav\u00e9s de experimenta\u00e7\u00f5es, al\u00e9m da amplia\u00e7\u00e3o do conhecimento sobre o m\u00faltiplo uso do papel como material expressivo.<\/p>\n<p>A viv\u00eancia \u00e9 destinada \u00e0s pessoas interessadas no uso do papel como ferramenta de express\u00e3o e criatividade. N\u00e3o h\u00e1 pr\u00e9-requisitos para participar.<\/p>\n<p>Leta Vasconcelos \u00e9 licenciada em Educa\u00e7\u00e3o Art\u00edstica, Especialista no Ensino da Arte, arteterapeuta (ARTE PE \u2013 124\/0118), yogaterapeuta e instrutora de Yoga. Realiza atendimentos e consultorias, individuais e em grupos, com o foco em Materiais Expressivos e faz parte do coletivo editorial Livrinho de Papel Fin\u00edssimo.<\/p>\n<p>SERVI\u00c7O<br \/>\n<strong>Encontro &#8216;Laborat\u00f3rio pr\u00e1tico com uso diverso do papel&#8217;<\/strong><br \/>\n<strong>Data:<\/strong> 28.09.2019 (s\u00e1bado)<br \/>\n<strong>Hora:<\/strong> das 14 \u00e0s 18h<br \/>\n<strong>Local:<\/strong> Espa\u00e7o Gerar (Rua Jorge de Albuquerque, 103, Casa Forte (pr\u00f3ximo ao Museu do Homem do Nordeste)<br \/>\n<strong>Valor:<\/strong> R$ 100,00<br \/>\n<strong>Inscri\u00e7\u00f5es e mais informa\u00e7\u00f5es:<\/strong> (81) 99831.9292<\/p>\n","protected":false},"excerpt":{"rendered":"<p>No dia 28 de setembro, a arteterapeuta Leta Vasconcelos conduz, no Espa\u00e7o Gerar, o encontro &#8216;Laborat\u00f3rio pr\u00e1tico com uso diverso do papel&#8217;. O encontro tem como objetivo oportunizar a express\u00e3o do poder criativo do participante, atrav\u00e9s de experimenta\u00e7\u00f5es, al\u00e9m da amplia\u00e7\u00e3o do conhecimento sobre o m\u00faltiplo uso do papel como material expressivo. A viv\u00eancia \u00e9 [&hellip;]<\/p>\n","protected":false},"author":1,"featured_media":36815,"comment_status":"open","ping_status":"open","sticky":false,"template":"","format":"standard","meta":{"om_disable_all_campaigns":false,"_monsterinsights_skip_tracking":false,"_monsterinsights_sitenote_active":false,"_monsterinsights_sitenote_note":"","_monsterinsights_sitenote_category":0,"footnotes":""},"categories":[8,214],"tags":[34,257,673,304],"acf":[],"publishpress_future_action":{"enabled":false,"date":"1969-12-31 21:00:00","action":"","terms":[],"taxonomy":"","browser_timezone_offset":0},"_links":{"self":[{"href":"https:\/\/portalfloresnoar.com\/floresnoar\/wp-json\/wp\/v2\/posts\/36814"}],"collection":[{"href":"https:\/\/portalfloresnoar.com\/floresnoar\/wp-json\/wp\/v2\/posts"}],"about":[{"href":"https:\/\/portalfloresnoar.com\/floresnoar\/wp-json\/wp\/v2\/types\/post"}],"author":[{"embeddable":true,"href":"https:\/\/portalfloresnoar.com\/floresnoar\/wp-json\/wp\/v2\/users\/1"}],"replies":[{"embeddable":true,"href":"https:\/\/portalfloresnoar.com\/floresnoar\/wp-json\/wp\/v2\/comments?post=36814"}],"version-history":[{"count":0,"href":"https:\/\/portalfloresnoar.com\/floresnoar\/wp-json\/wp\/v2\/posts\/36814\/revisions"}],"wp:featuredmedia":[{"embeddable":true,"href":"https:\/\/portalfloresnoar.com\/floresnoar\/wp-json\/wp\/v2\/media\/36815"}],"wp:attachment":[{"href":"https:\/\/portalfloresnoar.com\/floresnoar\/wp-json\/wp\/v2\/media?parent=36814"}],"wp:term":[{"taxonomy":"category","embeddable":true,"href":"https:\/\/portalfloresnoar.com\/floresnoar\/wp-json\/wp\/v2\/categories?post=36814"},{"taxonomy":"post_tag","embeddable":true,"href":"https:\/\/portalfloresnoar.com\/floresnoar\/wp-json\/wp\/v2\/tags?post=36814"}],"curies":[{"name":"wp","href":"https:\/\/api.w.org\/{rel}","templated":true}]}}