

{"id":36806,"date":"2019-05-09T10:37:08","date_gmt":"2019-05-09T13:37:08","guid":{"rendered":"http:\/\/portalfloresnoar.com\/floresnoar\/?p=36806"},"modified":"2019-09-20T11:51:29","modified_gmt":"2019-09-20T14:51:29","slug":"agenda-pe-imersoes-em-mindfulness-dias-15-e-21-de-setembro-em-aldeia","status":"publish","type":"post","link":"https:\/\/portalfloresnoar.com\/floresnoar\/agenda-pe-imersoes-em-mindfulness-dias-15-e-21-de-setembro-em-aldeia\/","title":{"rendered":"[AGENDA PE] Imers\u00f5es em Mindfulness em setembro em Aldeia"},"content":{"rendered":"<p><img decoding=\"async\" loading=\"lazy\" class=\"aligncenter wp-image-36808 \" src=\"http:\/\/portalfloresnoar.com\/floresnoar\/wp-content\/uploads\/2019\/09\/mindfulness-felipe-lapa-700x494.jpg\" alt=\"\" width=\"601\" height=\"424\" srcset=\"https:\/\/portalfloresnoar.com\/floresnoar\/wp-content\/uploads\/2019\/09\/mindfulness-felipe-lapa-700x494.jpg 700w, https:\/\/portalfloresnoar.com\/floresnoar\/wp-content\/uploads\/2019\/09\/mindfulness-felipe-lapa-300x212.jpg 300w, https:\/\/portalfloresnoar.com\/floresnoar\/wp-content\/uploads\/2019\/09\/mindfulness-felipe-lapa-768x542.jpg 768w, https:\/\/portalfloresnoar.com\/floresnoar\/wp-content\/uploads\/2019\/09\/mindfulness-felipe-lapa.jpg 1280w\" sizes=\"(max-width: 601px) 100vw, 601px\" \/><\/p>\n<p>O instrutor em Mindfulness Felipe Lapa realiza duas Imers\u00f5es em Mindfulness em setembro, em Aldeia, pr\u00f3ximo ao Recife. S\u00e3o duas op\u00e7\u00f5es de datas: 15 de setembro (domingo) ou 21 de setembro (s\u00e1bado). Ambas as imers\u00f5es ser\u00e3o realizadas no hor\u00e1rio das 8h \u00e0s 17h.<\/p>\n<p>\u201c\u00c9 um convite para um dia de imers\u00e3o na natureza com o intuito de vivenciarmos pr\u00e1ticas e ensinamentos do Mindfulness\u201d, convida Felipe, acrescentando que no encontro ser\u00e3o exercitados recursos de\u00a0concentra\u00e7\u00e3o, foco e aten\u00e7\u00e3o plena.<\/p>\n<p>\u201cIn\u00fameras pesquisas desenvolvidas por neurocientistas e pesquisadores de universidades renomadas como Harvard e Massachusetts j\u00e1 comprovaram cientificamente a rela\u00e7\u00e3o das pr\u00e1ticas de Mindfulness com melhorias e mudan\u00e7as significativas em nosso c\u00e9rebro\u201d, declara Felipe.<\/p>\n<p><strong>Dentre os diversos benef\u00edcios comprovados em estudos e pesquisas, a pr\u00e1tica de Mindfulness:<\/strong><br \/>\n* Aumenta foco e concentra\u00e7\u00e3o<br \/>\n* Desenvolve a intelig\u00eancia emocional<br \/>\n* Melhora sintomas de stress, ansiedade, depress\u00e3o, ins\u00f4nia<br \/>\n* Ajuda Sair do Piloto Autom\u00e1tico<br \/>\n* Desenvolve a intui\u00e7\u00e3o e criatividade<br \/>\n* Provoca mudan\u00e7as de h\u00e1bitos e padr\u00f5es de condicionamento<br \/>\n* Acalma a mente<br \/>\n* Melhora a sa\u00fade e o bem-estar<\/p>\n<p><strong><u>Datas das Imers\u00f5es<br \/>\n<\/u>15\/09 (Domingo)<\/strong>\u00a0, das 8h \u00e0s 17h \u2013 Inscri\u00e7\u00f5es neste link:\u00a0<a href=\"https:\/\/www.maisconsciente.com.br\/produto\/imersao-mindfulness-15-setembro-2019-domingo-aldeia-pe-grupo3\/\" target=\"_blank\" rel=\"noopener\">https:\/\/www.maisconsciente.com.br\/produto\/imersao-mindfulness-15-setembro-2019-domingo-aldeia-pe-grupo3\/<\/a><\/p>\n<p><strong>21\/9<\/strong>\u00a0<strong>(S\u00e1bado)<\/strong>, das 8h \u00e0s 17h \u2013 Inscri\u00e7\u00f5es neste link:\u00a0\u00a0<a href=\"https:\/\/www.maisconsciente.com.br\/produto\/imersao-mindfulness-21-setembro-2019-sabado-aldeia-pe-grupo-4\/\" target=\"_blank\" rel=\"noopener\">https:\/\/www.maisconsciente.com.br\/produto\/imersao-mindfulness-21-setembro-2019-sabado-aldeia-pe-grupo-4\/<\/a><\/p>\n<p><strong><u>Local<br \/>\n<\/u><\/strong>Ch\u00e1cara Mais Consciente, Km 14 Aldeia-PE.<u><\/u><\/p>\n<p><strong><u>Investimento (com almo\u00e7o incluso):<br \/>\n<\/u><\/strong>Valor normal: R$ 99,00<br \/>\nEx-Alunos Mais Consciente: R$ 69,00<\/p>\n<p><strong>MAIS INFORMA\u00c7\u00d5ES<\/strong><br \/>\nFelipe Lapa<br \/>\n\u202d(81) 9.8227-2129\u202c<\/p>\n<p>Mariana Lapa<br \/>\n(81) 9.9781-0911<\/p>\n<p>contato@maisconsciente.com<wbr \/>.br<\/p>\n","protected":false},"excerpt":{"rendered":"<p>O instrutor em Mindfulness Felipe Lapa realiza duas Imers\u00f5es em Mindfulness em setembro, em Aldeia, pr\u00f3ximo ao Recife. S\u00e3o duas op\u00e7\u00f5es de datas: 15 de setembro (domingo) ou 21 de setembro (s\u00e1bado). Ambas as imers\u00f5es ser\u00e3o realizadas no hor\u00e1rio das 8h \u00e0s 17h. \u201c\u00c9 um convite para um dia de imers\u00e3o na natureza com o [&hellip;]<\/p>\n","protected":false},"author":1,"featured_media":36807,"comment_status":"open","ping_status":"open","sticky":false,"template":"","format":"standard","meta":{"om_disable_all_campaigns":false,"_monsterinsights_skip_tracking":false,"_monsterinsights_sitenote_active":false,"_monsterinsights_sitenote_note":"","_monsterinsights_sitenote_category":0,"footnotes":""},"categories":[8,214],"tags":[589,605,43,582,724],"acf":[],"publishpress_future_action":{"enabled":false,"date":"1969-12-31 21:00:00","action":"","terms":[],"taxonomy":"","browser_timezone_offset":0},"_links":{"self":[{"href":"https:\/\/portalfloresnoar.com\/floresnoar\/wp-json\/wp\/v2\/posts\/36806"}],"collection":[{"href":"https:\/\/portalfloresnoar.com\/floresnoar\/wp-json\/wp\/v2\/posts"}],"about":[{"href":"https:\/\/portalfloresnoar.com\/floresnoar\/wp-json\/wp\/v2\/types\/post"}],"author":[{"embeddable":true,"href":"https:\/\/portalfloresnoar.com\/floresnoar\/wp-json\/wp\/v2\/users\/1"}],"replies":[{"embeddable":true,"href":"https:\/\/portalfloresnoar.com\/floresnoar\/wp-json\/wp\/v2\/comments?post=36806"}],"version-history":[{"count":0,"href":"https:\/\/portalfloresnoar.com\/floresnoar\/wp-json\/wp\/v2\/posts\/36806\/revisions"}],"wp:featuredmedia":[{"embeddable":true,"href":"https:\/\/portalfloresnoar.com\/floresnoar\/wp-json\/wp\/v2\/media\/36807"}],"wp:attachment":[{"href":"https:\/\/portalfloresnoar.com\/floresnoar\/wp-json\/wp\/v2\/media?parent=36806"}],"wp:term":[{"taxonomy":"category","embeddable":true,"href":"https:\/\/portalfloresnoar.com\/floresnoar\/wp-json\/wp\/v2\/categories?post=36806"},{"taxonomy":"post_tag","embeddable":true,"href":"https:\/\/portalfloresnoar.com\/floresnoar\/wp-json\/wp\/v2\/tags?post=36806"}],"curies":[{"name":"wp","href":"https:\/\/api.w.org\/{rel}","templated":true}]}}