

{"id":36796,"date":"2019-05-11T09:28:29","date_gmt":"2019-05-11T12:28:29","guid":{"rendered":"http:\/\/portalfloresnoar.com\/floresnoar\/?p=36796"},"modified":"2019-09-14T08:51:07","modified_gmt":"2019-09-14T11:51:07","slug":"agenda-pe-workshop-poder-pessoal-amor-proprio-neste-sabado-no-recife","status":"publish","type":"post","link":"https:\/\/portalfloresnoar.com\/floresnoar\/agenda-pe-workshop-poder-pessoal-amor-proprio-neste-sabado-no-recife\/","title":{"rendered":"{AGENDA PE] &#8216;Workshop Poder Pessoal &#038; Amor-Pr\u00f3prio&#8217;, neste s\u00e1bado, no Recife"},"content":{"rendered":"<p><img decoding=\"async\" loading=\"lazy\" class=\"aligncenter wp-image-36798 \" src=\"http:\/\/portalfloresnoar.com\/floresnoar\/wp-content\/uploads\/2019\/09\/amor-proprio-e-poder-pessoal.jpg\" alt=\"\" width=\"601\" height=\"601\" srcset=\"https:\/\/portalfloresnoar.com\/floresnoar\/wp-content\/uploads\/2019\/09\/amor-proprio-e-poder-pessoal.jpg 690w, https:\/\/portalfloresnoar.com\/floresnoar\/wp-content\/uploads\/2019\/09\/amor-proprio-e-poder-pessoal-150x150.jpg 150w, https:\/\/portalfloresnoar.com\/floresnoar\/wp-content\/uploads\/2019\/09\/amor-proprio-e-poder-pessoal-300x300.jpg 300w, https:\/\/portalfloresnoar.com\/floresnoar\/wp-content\/uploads\/2019\/09\/amor-proprio-e-poder-pessoal-100x100.jpg 100w\" sizes=\"(max-width: 601px) 100vw, 601px\" \/><\/p>\n<p>No pr\u00f3ximo s\u00e1bado, dia 14\/09, as terapeutas Jana\u00edna Ribeiro e Myriam Guimar\u00e3es oferecer\u00e3o o &#8216;Workshop Poder Pessoal &amp; Amor-Pr\u00f3prio&#8217;. A viv\u00eancia ser\u00e1 das 14h \u00e0s 18h, no Violeta Terapias Integradas, localizado no bairro da Tamarineira, no Recife.<\/p>\n<p>No workshop ser\u00e3o utilizadas pr\u00e1ticas conduzidas de Constela\u00e7\u00e3o Sist\u00eamica, Thetahealing\u00ae, Access Consciousness\u00ae e Aromaterapia, para ajudar os participantes no processo de tomar posse do seu poder interior.<\/p>\n<p>\u201c\u00c9 t\u00e3o bom acordar e descobrir o quanto podemos fazer por n\u00f3s. Na caminhada da vida, cada passo \u00e9 um peda\u00e7o do caminho que vai sendo constru\u00eddo. Reconhecer e ser quem somos por dentro exige de n\u00f3s coragem e pede de n\u00f3s sabedoria e leveza. Sabedoria para saber que h\u00e1 tempo pra tudo, e leveza para trabalhar com nosso movimento de sair da zona de conforto&#8221;, declaram as facilitadoras.<\/p>\n<p><strong>Workshop Poder Pessoal &amp; Amor-Pr\u00f3prio<\/strong><br \/>\n<strong>Data:<\/strong> 14\/9\/2019 (s\u00e1bado)<br \/>\n<strong>Hora:<\/strong> 14h \u00e0s 18h<br \/>\n<strong>Local:<\/strong> Violeta Terapias Integradas &#8211; Rua Guimar\u00e3es Peixoto, 282, Tamarineira, Recife\/PE<br \/>\n<strong>Valor de participa\u00e7\u00e3o:<\/strong> R$ 97,00<\/p>\n<p><strong>INSCRI\u00c7\u00d5ES E MAIS INFORMA\u00c7\u00d5ES<\/strong><br \/>\n9.9648-0881 (Jana\u00edna)<br \/>\n9.8665-0085 (Myriam)<\/p>\n","protected":false},"excerpt":{"rendered":"<p>No pr\u00f3ximo s\u00e1bado, dia 14\/09, as terapeutas Jana\u00edna Ribeiro e Myriam Guimar\u00e3es oferecer\u00e3o o &#8216;Workshop Poder Pessoal &amp; Amor-Pr\u00f3prio&#8217;. A viv\u00eancia ser\u00e1 das 14h \u00e0s 18h, no Violeta Terapias Integradas, localizado no bairro da Tamarineira, no Recife. No workshop ser\u00e3o utilizadas pr\u00e1ticas conduzidas de Constela\u00e7\u00e3o Sist\u00eamica, Thetahealing\u00ae, Access Consciousness\u00ae e Aromaterapia, para ajudar os participantes [&hellip;]<\/p>\n","protected":false},"author":1,"featured_media":0,"comment_status":"open","ping_status":"open","sticky":false,"template":"","format":"standard","meta":{"om_disable_all_campaigns":false,"_monsterinsights_skip_tracking":false,"_monsterinsights_sitenote_active":false,"_monsterinsights_sitenote_note":"","_monsterinsights_sitenote_category":0,"footnotes":""},"categories":[8,214],"tags":[703,136,864,304,515],"acf":[],"publishpress_future_action":{"enabled":false,"date":"1969-12-31 21:00:00","action":"","terms":[],"taxonomy":"","browser_timezone_offset":0},"_links":{"self":[{"href":"https:\/\/portalfloresnoar.com\/floresnoar\/wp-json\/wp\/v2\/posts\/36796"}],"collection":[{"href":"https:\/\/portalfloresnoar.com\/floresnoar\/wp-json\/wp\/v2\/posts"}],"about":[{"href":"https:\/\/portalfloresnoar.com\/floresnoar\/wp-json\/wp\/v2\/types\/post"}],"author":[{"embeddable":true,"href":"https:\/\/portalfloresnoar.com\/floresnoar\/wp-json\/wp\/v2\/users\/1"}],"replies":[{"embeddable":true,"href":"https:\/\/portalfloresnoar.com\/floresnoar\/wp-json\/wp\/v2\/comments?post=36796"}],"version-history":[{"count":0,"href":"https:\/\/portalfloresnoar.com\/floresnoar\/wp-json\/wp\/v2\/posts\/36796\/revisions"}],"wp:attachment":[{"href":"https:\/\/portalfloresnoar.com\/floresnoar\/wp-json\/wp\/v2\/media?parent=36796"}],"wp:term":[{"taxonomy":"category","embeddable":true,"href":"https:\/\/portalfloresnoar.com\/floresnoar\/wp-json\/wp\/v2\/categories?post=36796"},{"taxonomy":"post_tag","embeddable":true,"href":"https:\/\/portalfloresnoar.com\/floresnoar\/wp-json\/wp\/v2\/tags?post=36796"}],"curies":[{"name":"wp","href":"https:\/\/api.w.org\/{rel}","templated":true}]}}